{"id":817,"date":"2025-06-10T16:50:33","date_gmt":"2025-06-10T16:50:33","guid":{"rendered":"https:\/\/familiasmadridnorte.es\/?p=4625"},"modified":"2025-06-10T16:50:33","modified_gmt":"2025-06-10T16:50:33","slug":"taller-de-talla","status":"publish","type":"post","link":"https:\/\/familiasmadridnorte.es\/en\/taller-de-talla\/","title":{"rendered":"ART\u00cdSTICO TALLER DE TALLA EN MADERA"},"content":{"rendered":"<figure class=\"wp-block-image size-large\"><img decoding=\"async\" src=\"http:\/\/familiasmadridnorte.es\/wp-content\/uploads\/2025\/06\/Foto-taller-talla-madera-grupo-1024x577.jpg\" alt=\"taller de talla en madera\" class=\"wp-image-4627\"\/><\/figure>\n\n\n\n<p>El pasado s\u00e1bado, unas cuantas familias asociadas participaron en el taller de talla en madera que AFAN ZONA NORTE DE MADRID organiz\u00f3 en colaboraci\u00f3n con la <a href=\"https:\/\/www.facebook.com\/TALLAALCOBENDAS\/?locale=es_EShttps:\/\/www.facebook.com\/TALLAALCOBENDAS\/?locale=es_ES\">Asociaci\u00f3n de Talla de Alcobendas<\/a>.<\/p>\n\n\n\n<p>Los m\u00e1s peque\u00f1os tuvieron la oportunidad de crear su particular y \u00fanico tres en raya y un bonito macetero para plantitas. En este caso, unas peque\u00f1as \u00absuculentas\u00bb que Juani, de la asociaci\u00f3n de Talla, nos trajo de su propio jard\u00edn. Algunos, incluso, quisieron seguir mont\u00e1ndose unos originales cuadritos!<\/p>\n\n\n\n<p>Los m\u00e1s mayores, conocieron el taller m\u00e1s de cerca gracias a Luis y Santiago, que les ense\u00f1aron a utilizar las gubias y con los que trataron de obtener el grabado de sus nombres en un trozo de madera.<\/p>\n\n\n\n<p>Somos conscientes de que algunos se quedaron con muchas ganas de aprender m\u00e1s, por lo que os invitamos a poneros en contacto con La Asociaci\u00f3n de Talla para que os cuenten cu\u00e1nto os pueden ense\u00f1ar. Est\u00e1n en LA ESFERA (Avenida Ol\u00edmpica 14, Alcobendas). Su mail es:  alcotalla@yahoo.es y los tel\u00e9fonos de contacto: 675207266 \/ 638783415.<\/p>\n\n\n\n<p>Llevan treinta a\u00f1os dedic\u00e1ndose a esta bonita t\u00e9cnica, as\u00ed que no dud\u00e9is en que tienen mucho, pero que mucho, que ofreceros!<\/p>\n\n\n\n<h3 class=\"wp-block-heading\">\u00bfC\u00f3mo puedo colaborar en las actividades de AFAN ZONA NORTE DE MADRID?<\/h3>\n\n\n\n<p>Si pertenec\u00e9is a alguna asociaci\u00f3n o colectivo y quer\u00e9is que colaboremos juntos para organizar una actividad, s\u00f3lo ten\u00e9is que dec\u00edrnoslo en el correo info@familiasmadridnorte.es o en el whatsapp 665653152. <\/p>\n\n\n\n<p>Un ejemplo de esta colaboraci\u00f3n la ten\u00e9is <a href=\"https:\/\/familiasmadridnorte.es\/en\/energia-en-el-hogar\/\">AQUI<\/a><\/p>\n\n\n\n<p>\u00a1Animaros! \u00a1Cu\u00e1nto m\u00e1s participemos, mayores beneficios obtenemos para todos! <\/p>\n\n\n\n<p>Ten\u00e9is un mont\u00f3n de fotos de la actividad en esta galer\u00eda:<\/p>\n\n\n\n<figure class=\"wp-block-gallery has-nested-images columns-default is-cropped wp-block-gallery-1 is-layout-flex wp-block-gallery-is-layout-flex\">\n<figure class=\"wp-block-image size-large\"><img decoding=\"async\" data-id=\"4632\" src=\"http:\/\/familiasmadridnorte.es\/wp-content\/uploads\/2025\/06\/Mesa-con-adultos-y-ninos--768x1024.jpg\" alt=\"\" class=\"wp-image-4632\"\/><\/figure>\n\n\n\n<figure class=\"wp-block-image size-large\"><img decoding=\"async\" data-id=\"4637\" src=\"http:\/\/familiasmadridnorte.es\/wp-content\/uploads\/2025\/06\/ninos-en-la-mesa-del-taller-1024x768.jpg\" alt=\"\" class=\"wp-image-4637\"\/><\/figure>\n\n\n\n<figure class=\"wp-block-image size-large\"><img decoding=\"async\" data-id=\"4639\" src=\"http:\/\/familiasmadridnorte.es\/wp-content\/uploads\/2025\/06\/ninos-pintando-1024x768.jpg\" alt=\"\" class=\"wp-image-4639\"\/><\/figure>\n\n\n\n<figure class=\"wp-block-image size-large\"><img decoding=\"async\" data-id=\"4638\" src=\"http:\/\/familiasmadridnorte.es\/wp-content\/uploads\/2025\/06\/ninos-dentro-768x1024.jpg\" alt=\"\" class=\"wp-image-4638\"\/><\/figure>\n\n\n\n<figure class=\"wp-block-image size-large\"><img decoding=\"async\" data-id=\"4636\" src=\"http:\/\/familiasmadridnorte.es\/wp-content\/uploads\/2025\/06\/plantas-768x1024.jpg\" alt=\"\" class=\"wp-image-4636\"\/><\/figure>\n\n\n\n<figure class=\"wp-block-image size-large\"><img decoding=\"async\" data-id=\"4634\" src=\"http:\/\/familiasmadridnorte.es\/wp-content\/uploads\/2025\/06\/ninos-pintando-fuera-768x1024.jpg\" alt=\"\" class=\"wp-image-4634\"\/><\/figure>\n\n\n\n<figure class=\"wp-block-image size-large\"><img decoding=\"async\" data-id=\"4644\" src=\"http:\/\/familiasmadridnorte.es\/wp-content\/uploads\/2025\/06\/grupo-1-fuera-1024x768.jpg\" alt=\"\" class=\"wp-image-4644\"\/><\/figure>\n\n\n\n<figure class=\"wp-block-image size-large\"><img decoding=\"async\" data-id=\"4641\" src=\"http:\/\/familiasmadridnorte.es\/wp-content\/uploads\/2025\/06\/preparando-para-cincelar-768x1024.jpg\" alt=\"\" class=\"wp-image-4641\"\/><\/figure>\n\n\n\n<figure class=\"wp-block-image size-large\"><img decoding=\"async\" data-id=\"4635\" src=\"http:\/\/familiasmadridnorte.es\/wp-content\/uploads\/2025\/06\/plantilla-para-cincelar-1024x768.jpg\" alt=\"\" class=\"wp-image-4635\"\/><\/figure>\n\n\n\n<figure class=\"wp-block-image size-large\"><img decoding=\"async\" data-id=\"4633\" src=\"http:\/\/familiasmadridnorte.es\/wp-content\/uploads\/2025\/06\/nino-con-martillo-y-cincel-768x1024.jpg\" alt=\"taller de talla\" class=\"wp-image-4633\"\/><\/figure>\n\n\n\n<figure class=\"wp-block-image size-large\"><img decoding=\"async\" data-id=\"4643\" src=\"http:\/\/familiasmadridnorte.es\/wp-content\/uploads\/2025\/06\/cincelando-nina-768x1024.jpg\" alt=\"\" class=\"wp-image-4643\"\/><\/figure>\n\n\n\n<figure class=\"wp-block-image size-large\"><img decoding=\"async\" data-id=\"4640\" src=\"http:\/\/familiasmadridnorte.es\/wp-content\/uploads\/2025\/06\/toldo-la-esfera-1024x768.jpg\" alt=\"\" class=\"wp-image-4640\"\/><\/figure>\n\n\n\n<figure class=\"wp-block-image size-large\"><img decoding=\"async\" data-id=\"4642\" src=\"http:\/\/familiasmadridnorte.es\/wp-content\/uploads\/2025\/06\/cincelando--768x1024.jpg\" alt=\"taller de talla\" class=\"wp-image-4642\"\/><\/figure>\n\n\n\n<figure class=\"wp-block-image size-large\"><img decoding=\"async\" data-id=\"4646\" src=\"http:\/\/familiasmadridnorte.es\/wp-content\/uploads\/2025\/06\/Juani-y-Noelia-1024x768.jpg\" alt=\"\" class=\"wp-image-4646\"\/><\/figure>\n\n\n\n<figure class=\"wp-block-image size-large\"><img decoding=\"async\" data-id=\"4645\" src=\"http:\/\/familiasmadridnorte.es\/wp-content\/uploads\/2025\/06\/jovenes-de-espaldas-en-taller-1024x768.jpg\" alt=\"\" class=\"wp-image-4645\"\/><\/figure>\n<\/figure>","protected":false},"excerpt":{"rendered":"<p>El pasado s\u00e1bado, unas cuantas familias asociadas participaron en el taller de talla en madera que AFAN ZONA NORTE DE MADRID organiz\u00f3 en colaboraci\u00f3n con la Asociaci\u00f3n de Talla de Alcobendas. Los m\u00e1s peque\u00f1os tuvieron la oportunidad de crear su particular y \u00fanico tres en raya y un bonito macetero para plantitas. En este caso, [&hellip;]<\/p>","protected":false},"author":1,"featured_media":826,"comment_status":"open","ping_status":"open","sticky":false,"template":"","format":"aside","meta":{"footnotes":""},"categories":[31],"tags":[37,25,48,49],"class_list":["post-817","post","type-post","status-publish","format-aside","has-post-thumbnail","hentry","category-entre-nosotros","tag-familia-numerosa","tag-familias-numerosas","tag-ocio-en-madrid","tag-ocio-familiar","post_format-post-format-aside"],"yoast_head":"<!-- This site is optimized with the Yoast SEO plugin v26.7 - https:\/\/yoast.com\/wordpress\/plugins\/seo\/ -->\n<title>ART\u00cdSTICO TALLER DE TALLA EN MADERA - Familias Numerosas<\/title>\n<meta name=\"description\" content=\"Las familias numerosas de Madrid tienen actividades de ocio en familia como el taller de talla en madera y muchos otros.\" \/>\n<meta name=\"robots\" content=\"index, follow, max-snippet:-1, max-image-preview:large, max-video-preview:-1\" \/>\n<link rel=\"canonical\" href=\"https:\/\/familiasmadridnorte.es\/en\/taller-de-talla\/\" \/>\n<meta property=\"og:locale\" content=\"en_GB\" \/>\n<meta property=\"og:type\" content=\"article\" \/>\n<meta property=\"og:title\" content=\"ART\u00cdSTICO TALLER DE TALLA EN MADERA - Familias Numerosas\" \/>\n<meta property=\"og:description\" content=\"Las familias numerosas de Madrid tienen actividades de ocio en familia como el taller de talla en madera y muchos otros.\" \/>\n<meta property=\"og:url\" content=\"https:\/\/familiasmadridnorte.es\/en\/taller-de-talla\/\" \/>\n<meta property=\"og:site_name\" content=\"Familias Numerosas\" \/>\n<meta property=\"article:published_time\" content=\"2025-06-10T16:50:33+00:00\" \/>\n<meta property=\"og:image\" content=\"http:\/\/familiasmadridnorte.es\/wp-content\/uploads\/2025\/06\/Foto-taller-talla-madera-grupo.jpg\" \/>\n\t<meta property=\"og:image:width\" content=\"1640\" \/>\n\t<meta property=\"og:image:height\" content=\"924\" \/>\n\t<meta property=\"og:image:type\" content=\"image\/jpeg\" \/>\n<meta name=\"author\" content=\"racobimza\" \/>\n<meta name=\"twitter:card\" content=\"summary_large_image\" \/>\n<meta name=\"twitter:label1\" content=\"Written by\" \/>\n\t<meta name=\"twitter:data1\" content=\"racobimza\" \/>\n\t<meta name=\"twitter:label2\" content=\"Estimated reading time\" \/>\n\t<meta name=\"twitter:data2\" content=\"5 minutes\" \/>\n<script type=\"application\/ld+json\" class=\"yoast-schema-graph\">{\"@context\":\"https:\/\/schema.org\",\"@graph\":[{\"@type\":\"Article\",\"@id\":\"https:\/\/familiasmadridnorte.es\/taller-de-talla\/#article\",\"isPartOf\":{\"@id\":\"https:\/\/familiasmadridnorte.es\/taller-de-talla\/\"},\"author\":{\"name\":\"racobimza\",\"@id\":\"https:\/\/familiasmadridnorte.es\/#\/schema\/person\/046a106de29f474b6a7fc92d09d5a78a\"},\"headline\":\"ART\u00cdSTICO TALLER DE TALLA EN MADERA\",\"datePublished\":\"2025-06-10T16:50:33+00:00\",\"mainEntityOfPage\":{\"@id\":\"https:\/\/familiasmadridnorte.es\/taller-de-talla\/\"},\"wordCount\":305,\"commentCount\":0,\"publisher\":{\"@id\":\"https:\/\/familiasmadridnorte.es\/#organization\"},\"image\":{\"@id\":\"https:\/\/familiasmadridnorte.es\/taller-de-talla\/#primaryimage\"},\"thumbnailUrl\":\"https:\/\/familiasmadridnorte.es\/wp-content\/uploads\/2025\/06\/Foto-taller-talla-madera-grupo.jpg\",\"keywords\":[\"familia numerosa\",\"familias numerosas\",\"ocio en Madrid\",\"ocio familiar\"],\"articleSection\":[\"Entre Nosotros\"],\"inLanguage\":\"en-GB\",\"potentialAction\":[{\"@type\":\"CommentAction\",\"name\":\"Comment\",\"target\":[\"https:\/\/familiasmadridnorte.es\/taller-de-talla\/#respond\"]}]},{\"@type\":\"WebPage\",\"@id\":\"https:\/\/familiasmadridnorte.es\/taller-de-talla\/\",\"url\":\"https:\/\/familiasmadridnorte.es\/taller-de-talla\/\",\"name\":\"ART\u00cdSTICO TALLER DE TALLA EN MADERA - Familias Numerosas\",\"isPartOf\":{\"@id\":\"https:\/\/familiasmadridnorte.es\/#website\"},\"primaryImageOfPage\":{\"@id\":\"https:\/\/familiasmadridnorte.es\/taller-de-talla\/#primaryimage\"},\"image\":{\"@id\":\"https:\/\/familiasmadridnorte.es\/taller-de-talla\/#primaryimage\"},\"thumbnailUrl\":\"https:\/\/familiasmadridnorte.es\/wp-content\/uploads\/2025\/06\/Foto-taller-talla-madera-grupo.jpg\",\"datePublished\":\"2025-06-10T16:50:33+00:00\",\"description\":\"Las familias numerosas de Madrid tienen actividades de ocio en familia como el taller de talla en madera y muchos otros.\",\"breadcrumb\":{\"@id\":\"https:\/\/familiasmadridnorte.es\/taller-de-talla\/#breadcrumb\"},\"inLanguage\":\"en-GB\",\"potentialAction\":[{\"@type\":\"ReadAction\",\"target\":[\"https:\/\/familiasmadridnorte.es\/taller-de-talla\/\"]}]},{\"@type\":\"ImageObject\",\"inLanguage\":\"en-GB\",\"@id\":\"https:\/\/familiasmadridnorte.es\/taller-de-talla\/#primaryimage\",\"url\":\"https:\/\/familiasmadridnorte.es\/wp-content\/uploads\/2025\/06\/Foto-taller-talla-madera-grupo.jpg\",\"contentUrl\":\"https:\/\/familiasmadridnorte.es\/wp-content\/uploads\/2025\/06\/Foto-taller-talla-madera-grupo.jpg\",\"width\":1640,\"height\":924},{\"@type\":\"BreadcrumbList\",\"@id\":\"https:\/\/familiasmadridnorte.es\/taller-de-talla\/#breadcrumb\",\"itemListElement\":[{\"@type\":\"ListItem\",\"position\":1,\"name\":\"Portada\",\"item\":\"https:\/\/familiasmadridnorte.es\/\"},{\"@type\":\"ListItem\",\"position\":2,\"name\":\"ART\u00cdSTICO TALLER DE TALLA EN MADERA\"}]},{\"@type\":\"WebSite\",\"@id\":\"https:\/\/familiasmadridnorte.es\/#website\",\"url\":\"https:\/\/familiasmadridnorte.es\/\",\"name\":\"Familias Numerosas\",\"description\":\"La Asociaci\u00f3n de Familias Numerosas Zona Norte de Madrid (AFAN Zona Norte Madrid) lleva 20 a\u00f1os apoyando y representando a las familias numerosas, defendiendo sus derechos y destacando su valiosa aportaci\u00f3n a la sociedad.\",\"publisher\":{\"@id\":\"https:\/\/familiasmadridnorte.es\/#organization\"},\"potentialAction\":[{\"@type\":\"SearchAction\",\"target\":{\"@type\":\"EntryPoint\",\"urlTemplate\":\"https:\/\/familiasmadridnorte.es\/?s={search_term_string}\"},\"query-input\":{\"@type\":\"PropertyValueSpecification\",\"valueRequired\":true,\"valueName\":\"search_term_string\"}}],\"inLanguage\":\"en-GB\"},{\"@type\":\"Organization\",\"@id\":\"https:\/\/familiasmadridnorte.es\/#organization\",\"name\":\"Familias Numerosas\",\"url\":\"https:\/\/familiasmadridnorte.es\/\",\"logo\":{\"@type\":\"ImageObject\",\"inLanguage\":\"en-GB\",\"@id\":\"https:\/\/familiasmadridnorte.es\/#\/schema\/logo\/image\/\",\"url\":\"https:\/\/familiasmadridnorte.es\/wp-content\/uploads\/2025\/06\/Logo_AFAN-1024x724-1.png\",\"contentUrl\":\"https:\/\/familiasmadridnorte.es\/wp-content\/uploads\/2025\/06\/Logo_AFAN-1024x724-1.png\",\"width\":1024,\"height\":724,\"caption\":\"Familias Numerosas\"},\"image\":{\"@id\":\"https:\/\/familiasmadridnorte.es\/#\/schema\/logo\/image\/\"}},{\"@type\":\"Person\",\"@id\":\"https:\/\/familiasmadridnorte.es\/#\/schema\/person\/046a106de29f474b6a7fc92d09d5a78a\",\"name\":\"racobimza\",\"image\":{\"@type\":\"ImageObject\",\"inLanguage\":\"en-GB\",\"@id\":\"https:\/\/familiasmadridnorte.es\/#\/schema\/person\/image\/\",\"url\":\"https:\/\/secure.gravatar.com\/avatar\/ca226eda90eb04c7d405b42e0ce60de45e14160104c6bef763fa1425ea6a553a?s=96&d=mm&r=g\",\"contentUrl\":\"https:\/\/secure.gravatar.com\/avatar\/ca226eda90eb04c7d405b42e0ce60de45e14160104c6bef763fa1425ea6a553a?s=96&d=mm&r=g\",\"caption\":\"racobimza\"},\"sameAs\":[\"https:\/\/familiasmadridnorte.es\"],\"url\":\"https:\/\/familiasmadridnorte.es\/en\/author\/racobimza\/\"}]}<\/script>\n<!-- \/ Yoast SEO plugin. -->","yoast_head_json":{"title":"ART\u00cdSTICO TALLER DE TALLA EN MADERA - Familias Numerosas","description":"Las familias numerosas de Madrid tienen actividades de ocio en familia como el taller de talla en madera y muchos otros.","robots":{"index":"index","follow":"follow","max-snippet":"max-snippet:-1","max-image-preview":"max-image-preview:large","max-video-preview":"max-video-preview:-1"},"canonical":"https:\/\/familiasmadridnorte.es\/en\/taller-de-talla\/","og_locale":"en_GB","og_type":"article","og_title":"ART\u00cdSTICO TALLER DE TALLA EN MADERA - Familias Numerosas","og_description":"Las familias numerosas de Madrid tienen actividades de ocio en familia como el taller de talla en madera y muchos otros.","og_url":"https:\/\/familiasmadridnorte.es\/en\/taller-de-talla\/","og_site_name":"Familias Numerosas","article_published_time":"2025-06-10T16:50:33+00:00","og_image":[{"width":1640,"height":924,"url":"http:\/\/familiasmadridnorte.es\/wp-content\/uploads\/2025\/06\/Foto-taller-talla-madera-grupo.jpg","type":"image\/jpeg"}],"author":"racobimza","twitter_card":"summary_large_image","twitter_misc":{"Written by":"racobimza","Estimated reading time":"5 minutes"},"schema":{"@context":"https:\/\/schema.org","@graph":[{"@type":"Article","@id":"https:\/\/familiasmadridnorte.es\/taller-de-talla\/#article","isPartOf":{"@id":"https:\/\/familiasmadridnorte.es\/taller-de-talla\/"},"author":{"name":"racobimza","@id":"https:\/\/familiasmadridnorte.es\/#\/schema\/person\/046a106de29f474b6a7fc92d09d5a78a"},"headline":"ART\u00cdSTICO TALLER DE TALLA EN MADERA","datePublished":"2025-06-10T16:50:33+00:00","mainEntityOfPage":{"@id":"https:\/\/familiasmadridnorte.es\/taller-de-talla\/"},"wordCount":305,"commentCount":0,"publisher":{"@id":"https:\/\/familiasmadridnorte.es\/#organization"},"image":{"@id":"https:\/\/familiasmadridnorte.es\/taller-de-talla\/#primaryimage"},"thumbnailUrl":"https:\/\/familiasmadridnorte.es\/wp-content\/uploads\/2025\/06\/Foto-taller-talla-madera-grupo.jpg","keywords":["familia numerosa","familias numerosas","ocio en Madrid","ocio familiar"],"articleSection":["Entre Nosotros"],"inLanguage":"en-GB","potentialAction":[{"@type":"CommentAction","name":"Comment","target":["https:\/\/familiasmadridnorte.es\/taller-de-talla\/#respond"]}]},{"@type":"WebPage","@id":"https:\/\/familiasmadridnorte.es\/taller-de-talla\/","url":"https:\/\/familiasmadridnorte.es\/taller-de-talla\/","name":"ART\u00cdSTICO TALLER DE TALLA EN MADERA - Familias Numerosas","isPartOf":{"@id":"https:\/\/familiasmadridnorte.es\/#website"},"primaryImageOfPage":{"@id":"https:\/\/familiasmadridnorte.es\/taller-de-talla\/#primaryimage"},"image":{"@id":"https:\/\/familiasmadridnorte.es\/taller-de-talla\/#primaryimage"},"thumbnailUrl":"https:\/\/familiasmadridnorte.es\/wp-content\/uploads\/2025\/06\/Foto-taller-talla-madera-grupo.jpg","datePublished":"2025-06-10T16:50:33+00:00","description":"Las familias numerosas de Madrid tienen actividades de ocio en familia como el taller de talla en madera y muchos otros.","breadcrumb":{"@id":"https:\/\/familiasmadridnorte.es\/taller-de-talla\/#breadcrumb"},"inLanguage":"en-GB","potentialAction":[{"@type":"ReadAction","target":["https:\/\/familiasmadridnorte.es\/taller-de-talla\/"]}]},{"@type":"ImageObject","inLanguage":"en-GB","@id":"https:\/\/familiasmadridnorte.es\/taller-de-talla\/#primaryimage","url":"https:\/\/familiasmadridnorte.es\/wp-content\/uploads\/2025\/06\/Foto-taller-talla-madera-grupo.jpg","contentUrl":"https:\/\/familiasmadridnorte.es\/wp-content\/uploads\/2025\/06\/Foto-taller-talla-madera-grupo.jpg","width":1640,"height":924},{"@type":"BreadcrumbList","@id":"https:\/\/familiasmadridnorte.es\/taller-de-talla\/#breadcrumb","itemListElement":[{"@type":"ListItem","position":1,"name":"Portada","item":"https:\/\/familiasmadridnorte.es\/"},{"@type":"ListItem","position":2,"name":"ART\u00cdSTICO TALLER DE TALLA EN MADERA"}]},{"@type":"WebSite","@id":"https:\/\/familiasmadridnorte.es\/#website","url":"https:\/\/familiasmadridnorte.es\/","name":"Large Families","description":"La Asociaci\u00f3n de Familias Numerosas Zona Norte de Madrid (AFAN Zona Norte Madrid) lleva 20 a\u00f1os apoyando y representando a las familias numerosas, defendiendo sus derechos y destacando su valiosa aportaci\u00f3n a la sociedad.","publisher":{"@id":"https:\/\/familiasmadridnorte.es\/#organization"},"potentialAction":[{"@type":"SearchAction","target":{"@type":"EntryPoint","urlTemplate":"https:\/\/familiasmadridnorte.es\/?s={search_term_string}"},"query-input":{"@type":"PropertyValueSpecification","valueRequired":true,"valueName":"search_term_string"}}],"inLanguage":"en-GB"},{"@type":"Organization","@id":"https:\/\/familiasmadridnorte.es\/#organization","name":"Large Families","url":"https:\/\/familiasmadridnorte.es\/","logo":{"@type":"ImageObject","inLanguage":"en-GB","@id":"https:\/\/familiasmadridnorte.es\/#\/schema\/logo\/image\/","url":"https:\/\/familiasmadridnorte.es\/wp-content\/uploads\/2025\/06\/Logo_AFAN-1024x724-1.png","contentUrl":"https:\/\/familiasmadridnorte.es\/wp-content\/uploads\/2025\/06\/Logo_AFAN-1024x724-1.png","width":1024,"height":724,"caption":"Familias Numerosas"},"image":{"@id":"https:\/\/familiasmadridnorte.es\/#\/schema\/logo\/image\/"}},{"@type":"Person","@id":"https:\/\/familiasmadridnorte.es\/#\/schema\/person\/046a106de29f474b6a7fc92d09d5a78a","name":"racobimza","image":{"@type":"ImageObject","inLanguage":"en-GB","@id":"https:\/\/familiasmadridnorte.es\/#\/schema\/person\/image\/","url":"https:\/\/secure.gravatar.com\/avatar\/ca226eda90eb04c7d405b42e0ce60de45e14160104c6bef763fa1425ea6a553a?s=96&d=mm&r=g","contentUrl":"https:\/\/secure.gravatar.com\/avatar\/ca226eda90eb04c7d405b42e0ce60de45e14160104c6bef763fa1425ea6a553a?s=96&d=mm&r=g","caption":"racobimza"},"sameAs":["https:\/\/familiasmadridnorte.es"],"url":"https:\/\/familiasmadridnorte.es\/en\/author\/racobimza\/"}]}},"_links":{"self":[{"href":"https:\/\/familiasmadridnorte.es\/en\/wp-json\/wp\/v2\/posts\/817","targetHints":{"allow":["GET"]}}],"collection":[{"href":"https:\/\/familiasmadridnorte.es\/en\/wp-json\/wp\/v2\/posts"}],"about":[{"href":"https:\/\/familiasmadridnorte.es\/en\/wp-json\/wp\/v2\/types\/post"}],"author":[{"embeddable":true,"href":"https:\/\/familiasmadridnorte.es\/en\/wp-json\/wp\/v2\/users\/1"}],"replies":[{"embeddable":true,"href":"https:\/\/familiasmadridnorte.es\/en\/wp-json\/wp\/v2\/comments?post=817"}],"version-history":[{"count":0,"href":"https:\/\/familiasmadridnorte.es\/en\/wp-json\/wp\/v2\/posts\/817\/revisions"}],"wp:featuredmedia":[{"embeddable":true,"href":"https:\/\/familiasmadridnorte.es\/en\/wp-json\/wp\/v2\/media\/826"}],"wp:attachment":[{"href":"https:\/\/familiasmadridnorte.es\/en\/wp-json\/wp\/v2\/media?parent=817"}],"wp:term":[{"taxonomy":"category","embeddable":true,"href":"https:\/\/familiasmadridnorte.es\/en\/wp-json\/wp\/v2\/categories?post=817"},{"taxonomy":"post_tag","embeddable":true,"href":"https:\/\/familiasmadridnorte.es\/en\/wp-json\/wp\/v2\/tags?post=817"}],"curies":[{"name":"wp","href":"https:\/\/api.w.org\/{rel}","templated":true}]}}