{"id":5177,"date":"2026-09-04T19:16:10","date_gmt":"2026-09-04T19:16:10","guid":{"rendered":"https:\/\/familiasmadridnorte.es\/?p=5177"},"modified":"2026-09-04T19:16:13","modified_gmt":"2026-09-04T19:16:13","slug":"derechos-familias-numerosas-error-administrativo","status":"publish","type":"post","link":"https:\/\/familiasmadridnorte.es\/en\/derechos-familias-numerosas-error-administrativo\/","title":{"rendered":"CASO REAL: M\u00c1S DE 2000\u20ac DE PENALIZACI\u00d3N"},"content":{"rendered":"<h3 class=\"wp-block-heading\">Cuando una familia tiene un problema con la Administraci\u00f3n, contar con una asociaci\u00f3n puede marcar la diferencia.<\/h3>\n\n\n\n<p class=\"wp-block-paragraph\">A veces, una familia se encuentra sola frente a un error administrativo, una reclamaci\u00f3n econ\u00f3mica o un procedimiento dif\u00edcil de entender. Y precisamente para eso estamos las asociaciones: para acompa\u00f1ar, orientar y, cuando es necesario, defender los derechos de nuestras familias ante las administraciones.<\/p>\n\n\n\n<p class=\"wp-block-paragraph\">El diario <em>El Debate<\/em> ha publicado el caso de una familia numerosa madrile\u00f1a, con cinco hijos, a la que Hacienda reclama 2.091,54 euros como consecuencia de un error administrativo relacionado con su t\u00edtulo de familia numerosa. <\/p>\n\n\n\n<p class=\"wp-block-paragraph\">La familia ten\u00eda reconocida la categor\u00eda general desde 2018. Tras el nacimiento de su quinta hija, el 1 de abril de 2023, le correspond\u00eda pasar a categor\u00eda especial y, con ello, acceder a la deducci\u00f3n fiscal prevista en la Comunidad de Madrid para quienes adquieren esa condici\u00f3n desde el 1 de enero de 2023.<\/p>\n\n\n\n<h3 class=\"wp-block-heading\">Un error que acaba pagando la familia<\/h3>\n\n\n\n<p class=\"wp-block-paragraph\">El problema surgi\u00f3 porque los datos administrativos reflejaban incorrectamente la evoluci\u00f3n hist\u00f3rica del t\u00edtulo.<\/p>\n\n\n\n<p class=\"wp-block-paragraph\">Antes de que el error fuera corregido por la Administraci\u00f3n competente en materia de Familia, la Agencia Tributaria interpret\u00f3 que la familia ya ten\u00eda la categor\u00eda especial desde 2018. Como consecuencia, elimin\u00f3 la deducci\u00f3n aplicada y termin\u00f3 reclamando m\u00e1s de 2.000 euros, a pesar de que el dato que origin\u00f3 el problema ya hab\u00eda sido subsanado. <\/p>\n\n\n\n<p class=\"wp-block-paragraph\">La situaci\u00f3n resulta especialmente injusta porque la familia no gener\u00f3 el error ni controla las bases de datos de la Administraci\u00f3n. Sin embargo, es quien tiene que afrontar la reclamaci\u00f3n, comprender el procedimiento tributario, presentar alegaciones y recursos y buscar asesoramiento para demostrar que actu\u00f3 correctamente. <\/p>\n\n\n\n<h3 class=\"wp-block-heading\">Cuando las asociaciones hacen de voz com\u00fan<\/h3>\n\n\n\n<p class=\"wp-block-paragraph\">La Asociaci\u00f3n de Familias Numerosas de Madrid ha dado visibilidad a este caso y ha dirigido una carta abierta a la consejera de Econom\u00eda, Hacienda y Empleo de la Comunidad de Madrid para pedir una soluci\u00f3n y reclamar una mejor coordinaci\u00f3n entre administraciones. <\/p>\n\n\n\n<p class=\"wp-block-paragraph\">Este caso es un buen ejemplo de por qu\u00e9 es tan importante estar asociados.<\/p>\n\n\n\n<p class=\"wp-block-paragraph\">Una familia puede encontrarse ante un problema que parece individual, pero muchas veces detr\u00e1s existe una situaci\u00f3n que puede afectar a otras familias. Cuando esos casos llegan a las asociaciones, podemos estudiarlos, detectar problemas comunes, trasladarlos a las administraciones y exigir soluciones que no beneficien solo a una familia, sino a muchas.<\/p>\n\n\n\n<p class=\"wp-block-paragraph\">Tambi\u00e9n permite que situaciones que podr\u00edan quedar encerradas en un expediente administrativo lleguen a la opini\u00f3n p\u00fablica y sean conocidas por quienes tienen capacidad para corregirlas.<\/p>\n\n\n\n<h3 class=\"wp-block-heading\">Tambi\u00e9n se reclama una fiscalidad m\u00e1s justa<\/h3>\n\n\n\n<p class=\"wp-block-paragraph\">La asociaci\u00f3n ha aprovechado este caso para volver a plantear otra reivindicaci\u00f3n importante: la limitaci\u00f3n temporal de la deducci\u00f3n auton\u00f3mica para familias numerosas.<\/p>\n\n\n\n<p class=\"wp-block-paragraph\">Actualmente, el beneficio se aplica a quienes adquieren la condici\u00f3n de familia numerosa general o especial desde el 1 de enero de 2023. Esto provoca que familias con el mismo n\u00famero de hijos y cargas familiares similares puedan recibir un tratamiento fiscal diferente simplemente por la fecha en la que obtuvieron su t\u00edtulo.<\/p>\n\n\n\n<p class=\"wp-block-paragraph\">Por ello, se ha pedido estudiar la modificaci\u00f3n de la normativa para que puedan beneficiarse tambi\u00e9n nuestras familias que ya ten\u00edan su t\u00edtulo vigente a 1 de enero de 2023<\/p>\n\n\n\n<p class=\"wp-block-paragraph\">La asociaci\u00f3n tambi\u00e9n reclama un verdadero sistema de coordinaci\u00f3n y seguimiento de los beneficios fiscales familiares y que se impulse definitivamente la Tarjeta de Padres de Familia Numerosa.<\/p>\n\n\n\n<h3 class=\"wp-block-heading\">Juntos tenemos m\u00e1s fuerza<\/h3>\n\n\n\n<p class=\"wp-block-paragraph\">Casos como este nos recuerdan algo fundamental: <strong>pertenecer a una asociaci\u00f3n no consiste solamente en recibir informaci\u00f3n, descuentos o servicios<\/strong>.<\/p>\n\n\n\n<p class=\"wp-block-paragraph\">Significa formar parte de una comunidad que puede defender nuestros derechos, detectar injusticias y llevar la voz de las familias all\u00ed donde se toman las decisiones.<\/p>\n\n\n\n<p class=\"wp-block-paragraph\">Cuantas m\u00e1s familias estemos unidas, m\u00e1s fuerza tendremos para hacernos escuchar.<\/p>\n\n\n\n<p class=\"wp-block-paragraph\">Por eso os pedimos tambi\u00e9n vuestra ayuda: <strong>hablad de la asociaci\u00f3n con otras familias numerosas, explicadles para qu\u00e9 estamos y animadlas a asociarse<\/strong>.<\/p>\n\n\n\n<p class=\"wp-block-paragraph\">Cada nueva familia que se suma hace nuestra voz un poco m\u00e1s fuerte.<\/p>\n\n\n\n<p class=\"wp-block-paragraph\">Y cuando necesitamos defender un derecho, esa fuerza colectiva importa.<\/p>\n\n\n\n<h3 class=\"wp-block-heading\">Leer la noticia completa<\/h3>\n\n\n\n<p class=\"wp-block-paragraph\">La informaci\u00f3n ha sido publicada por <em>El Debate<\/em> y puede consultarse \u00edntegramente <a href=\"https:\/\/www.eldebate.com\/espana\/madrid\/20260829\/hacienda-reclama-padres-5-hijos-2000-error-administrativo-condicion-familia-numerosa_452833.html\">AQUI<\/a><\/p>\n\n\n\n<p class=\"wp-block-paragraph\"><\/p>\n\n\n\n<p class=\"wp-block-paragraph\"><\/p>\n\n\n\n<p class=\"wp-block-paragraph\"><\/p>\n\n\n\n<p class=\"wp-block-paragraph\"><\/p>\n\n\n\n<p class=\"wp-block-paragraph\"><\/p>\n\n\n\n<p class=\"wp-block-paragraph\"><\/p>\n\n\n\n<p class=\"wp-block-paragraph\"><\/p>","protected":false},"excerpt":{"rendered":"<p>Una familia numerosa recibe una reclamaci\u00f3n de m\u00e1s de 2.000 euros por un error administrativo. Este caso demuestra por qu\u00e9 las asociaciones somos necesarias para defender a nuestras familias.<\/p>","protected":false},"author":3,"featured_media":5178,"comment_status":"closed","ping_status":"open","sticky":false,"template":"","format":"standard","meta":{"footnotes":""},"categories":[45],"tags":[556,104,37,25,557,497],"class_list":["post-5177","post","type-post","status-publish","format-standard","has-post-thumbnail","hentry","category-noticias","tag-administracion-publica","tag-asociaciones","tag-familia-numerosa","tag-familias-numerosas","tag-hacienda","tag-socios"],"yoast_head":"<!-- This site is optimized with the Yoast SEO plugin v27.7 - https:\/\/yoast.com\/product\/yoast-seo-wordpress\/ -->\n<title>Derechos de las familias numerosas: por qu\u00e9 estar asociados<\/title>\n<meta name=\"description\" content=\"Una familia numerosa recibe una reclamaci\u00f3n de m\u00e1s de 2.000 euros por un error administrativo. Un caso que demuestra la importancia de estar asociado\" \/>\n<meta name=\"robots\" content=\"index, follow, max-snippet:-1, max-image-preview:large, max-video-preview:-1\" \/>\n<link rel=\"canonical\" href=\"https:\/\/familiasmadridnorte.es\/en\/derechos-familias-numerosas-error-administrativo\/\" \/>\n<meta property=\"og:locale\" content=\"en_GB\" \/>\n<meta property=\"og:type\" content=\"article\" \/>\n<meta property=\"og:title\" content=\"Derechos de las familias numerosas: por qu\u00e9 estar asociados\" \/>\n<meta property=\"og:description\" content=\"Una familia numerosa recibe una reclamaci\u00f3n de m\u00e1s de 2.000 euros por un error administrativo. Un caso que demuestra la importancia de estar asociado\" \/>\n<meta property=\"og:url\" content=\"https:\/\/familiasmadridnorte.es\/en\/derechos-familias-numerosas-error-administrativo\/\" \/>\n<meta property=\"og:site_name\" content=\"Familias Numerosas\" \/>\n<meta property=\"article:published_time\" content=\"2026-09-04T19:16:10+00:00\" \/>\n<meta property=\"article:modified_time\" content=\"2026-09-04T19:16:13+00:00\" \/>\n<meta property=\"og:image\" content=\"http:\/\/familiasmadridnorte.es\/wp-content\/uploads\/2026\/09\/derechos-familias-numerosas-sept26.webp\" \/>\n\t<meta property=\"og:image:width\" content=\"900\" \/>\n\t<meta property=\"og:image:height\" content=\"600\" \/>\n\t<meta property=\"og:image:type\" content=\"image\/webp\" \/>\n<meta name=\"author\" content=\"Ana\" \/>\n<meta name=\"twitter:card\" content=\"summary_large_image\" \/>\n<meta name=\"twitter:label1\" content=\"Written by\" \/>\n\t<meta name=\"twitter:data1\" content=\"Ana\" \/>\n\t<meta name=\"twitter:label2\" content=\"Estimated reading time\" \/>\n\t<meta name=\"twitter:data2\" content=\"4 minutes\" \/>\n<script type=\"application\/ld+json\" class=\"yoast-schema-graph\">{\"@context\":\"https:\\\/\\\/schema.org\",\"@graph\":[{\"@type\":\"Article\",\"@id\":\"https:\\\/\\\/familiasmadridnorte.es\\\/derechos-familias-numerosas-error-administrativo\\\/#article\",\"isPartOf\":{\"@id\":\"https:\\\/\\\/familiasmadridnorte.es\\\/derechos-familias-numerosas-error-administrativo\\\/\"},\"author\":{\"name\":\"Ana\",\"@id\":\"https:\\\/\\\/familiasmadridnorte.es\\\/#\\\/schema\\\/person\\\/f8a16592344491533ad78d19aa1d57c5\"},\"headline\":\"CASO REAL: M\u00c1S DE 2000\u20ac DE PENALIZACI\u00d3N\",\"datePublished\":\"2026-09-04T19:16:10+00:00\",\"dateModified\":\"2026-09-04T19:16:13+00:00\",\"mainEntityOfPage\":{\"@id\":\"https:\\\/\\\/familiasmadridnorte.es\\\/derechos-familias-numerosas-error-administrativo\\\/\"},\"wordCount\":740,\"publisher\":{\"@id\":\"https:\\\/\\\/familiasmadridnorte.es\\\/#organization\"},\"image\":{\"@id\":\"https:\\\/\\\/familiasmadridnorte.es\\\/derechos-familias-numerosas-error-administrativo\\\/#primaryimage\"},\"thumbnailUrl\":\"https:\\\/\\\/familiasmadridnorte.es\\\/wp-content\\\/uploads\\\/2026\\\/09\\\/derechos-familias-numerosas-sept26.webp\",\"keywords\":[\"administraci\u00f3n p\u00fablica\",\"asociaciones\",\"familia numerosa\",\"familias numerosas\",\"Hacienda\",\"socios\"],\"articleSection\":[\"noticias\"],\"inLanguage\":\"en-GB\"},{\"@type\":\"WebPage\",\"@id\":\"https:\\\/\\\/familiasmadridnorte.es\\\/derechos-familias-numerosas-error-administrativo\\\/\",\"url\":\"https:\\\/\\\/familiasmadridnorte.es\\\/derechos-familias-numerosas-error-administrativo\\\/\",\"name\":\"Derechos de las familias numerosas: por qu\u00e9 estar asociados\",\"isPartOf\":{\"@id\":\"https:\\\/\\\/familiasmadridnorte.es\\\/#website\"},\"primaryImageOfPage\":{\"@id\":\"https:\\\/\\\/familiasmadridnorte.es\\\/derechos-familias-numerosas-error-administrativo\\\/#primaryimage\"},\"image\":{\"@id\":\"https:\\\/\\\/familiasmadridnorte.es\\\/derechos-familias-numerosas-error-administrativo\\\/#primaryimage\"},\"thumbnailUrl\":\"https:\\\/\\\/familiasmadridnorte.es\\\/wp-content\\\/uploads\\\/2026\\\/09\\\/derechos-familias-numerosas-sept26.webp\",\"datePublished\":\"2026-09-04T19:16:10+00:00\",\"dateModified\":\"2026-09-04T19:16:13+00:00\",\"description\":\"Una familia numerosa recibe una reclamaci\u00f3n de m\u00e1s de 2.000 euros por un error administrativo. Un caso que demuestra la importancia de estar asociado\",\"breadcrumb\":{\"@id\":\"https:\\\/\\\/familiasmadridnorte.es\\\/derechos-familias-numerosas-error-administrativo\\\/#breadcrumb\"},\"inLanguage\":\"en-GB\",\"potentialAction\":[{\"@type\":\"ReadAction\",\"target\":[\"https:\\\/\\\/familiasmadridnorte.es\\\/derechos-familias-numerosas-error-administrativo\\\/\"]}]},{\"@type\":\"ImageObject\",\"inLanguage\":\"en-GB\",\"@id\":\"https:\\\/\\\/familiasmadridnorte.es\\\/derechos-familias-numerosas-error-administrativo\\\/#primaryimage\",\"url\":\"https:\\\/\\\/familiasmadridnorte.es\\\/wp-content\\\/uploads\\\/2026\\\/09\\\/derechos-familias-numerosas-sept26.webp\",\"contentUrl\":\"https:\\\/\\\/familiasmadridnorte.es\\\/wp-content\\\/uploads\\\/2026\\\/09\\\/derechos-familias-numerosas-sept26.webp\",\"width\":900,\"height\":600,\"caption\":\"defendemos los derechos de las familias numerosas\"},{\"@type\":\"BreadcrumbList\",\"@id\":\"https:\\\/\\\/familiasmadridnorte.es\\\/derechos-familias-numerosas-error-administrativo\\\/#breadcrumb\",\"itemListElement\":[{\"@type\":\"ListItem\",\"position\":1,\"name\":\"Portada\",\"item\":\"https:\\\/\\\/familiasmadridnorte.es\\\/\"},{\"@type\":\"ListItem\",\"position\":2,\"name\":\"CASO REAL: M\u00c1S DE 2000\u20ac DE PENALIZACI\u00d3N\"}]},{\"@type\":\"WebSite\",\"@id\":\"https:\\\/\\\/familiasmadridnorte.es\\\/#website\",\"url\":\"https:\\\/\\\/familiasmadridnorte.es\\\/\",\"name\":\"Familias Numerosas\",\"description\":\"La Asociaci\u00f3n de Familias Numerosas Zona Norte de Madrid (AFAN Zona Norte Madrid) lleva 20 a\u00f1os apoyando y representando a las familias numerosas, defendiendo sus derechos y destacando su valiosa aportaci\u00f3n a la sociedad.\",\"publisher\":{\"@id\":\"https:\\\/\\\/familiasmadridnorte.es\\\/#organization\"},\"potentialAction\":[{\"@type\":\"SearchAction\",\"target\":{\"@type\":\"EntryPoint\",\"urlTemplate\":\"https:\\\/\\\/familiasmadridnorte.es\\\/?s={search_term_string}\"},\"query-input\":{\"@type\":\"PropertyValueSpecification\",\"valueRequired\":true,\"valueName\":\"search_term_string\"}}],\"inLanguage\":\"en-GB\"},{\"@type\":\"Organization\",\"@id\":\"https:\\\/\\\/familiasmadridnorte.es\\\/#organization\",\"name\":\"Familias Numerosas\",\"url\":\"https:\\\/\\\/familiasmadridnorte.es\\\/\",\"logo\":{\"@type\":\"ImageObject\",\"inLanguage\":\"en-GB\",\"@id\":\"https:\\\/\\\/familiasmadridnorte.es\\\/#\\\/schema\\\/logo\\\/image\\\/\",\"url\":\"https:\\\/\\\/familiasmadridnorte.es\\\/wp-content\\\/uploads\\\/2025\\\/06\\\/Logo_AFAN-1024x724-1.png\",\"contentUrl\":\"https:\\\/\\\/familiasmadridnorte.es\\\/wp-content\\\/uploads\\\/2025\\\/06\\\/Logo_AFAN-1024x724-1.png\",\"width\":1024,\"height\":724,\"caption\":\"Familias Numerosas\"},\"image\":{\"@id\":\"https:\\\/\\\/familiasmadridnorte.es\\\/#\\\/schema\\\/logo\\\/image\\\/\"}},{\"@type\":\"Person\",\"@id\":\"https:\\\/\\\/familiasmadridnorte.es\\\/#\\\/schema\\\/person\\\/f8a16592344491533ad78d19aa1d57c5\",\"name\":\"Ana\",\"image\":{\"@type\":\"ImageObject\",\"inLanguage\":\"en-GB\",\"@id\":\"https:\\\/\\\/secure.gravatar.com\\\/avatar\\\/42d6e65fc485c2f9833f403d55ce186e8236e6d2d9b30b4bf6673c5796f5955b?s=96&d=mm&r=g\",\"url\":\"https:\\\/\\\/secure.gravatar.com\\\/avatar\\\/42d6e65fc485c2f9833f403d55ce186e8236e6d2d9b30b4bf6673c5796f5955b?s=96&d=mm&r=g\",\"contentUrl\":\"https:\\\/\\\/secure.gravatar.com\\\/avatar\\\/42d6e65fc485c2f9833f403d55ce186e8236e6d2d9b30b4bf6673c5796f5955b?s=96&d=mm&r=g\",\"caption\":\"Ana\"},\"url\":\"https:\\\/\\\/familiasmadridnorte.es\\\/en\\\/author\\\/ana\\\/\"}]}<\/script>\n<!-- \/ Yoast SEO plugin. -->","yoast_head_json":{"title":"Derechos de las familias numerosas: por qu\u00e9 estar asociados","description":"Una familia numerosa recibe una reclamaci\u00f3n de m\u00e1s de 2.000 euros por un error administrativo. Un caso que demuestra la importancia de estar asociado","robots":{"index":"index","follow":"follow","max-snippet":"max-snippet:-1","max-image-preview":"max-image-preview:large","max-video-preview":"max-video-preview:-1"},"canonical":"https:\/\/familiasmadridnorte.es\/en\/derechos-familias-numerosas-error-administrativo\/","og_locale":"en_GB","og_type":"article","og_title":"Derechos de las familias numerosas: por qu\u00e9 estar asociados","og_description":"Una familia numerosa recibe una reclamaci\u00f3n de m\u00e1s de 2.000 euros por un error administrativo. Un caso que demuestra la importancia de estar asociado","og_url":"https:\/\/familiasmadridnorte.es\/en\/derechos-familias-numerosas-error-administrativo\/","og_site_name":"Familias Numerosas","article_published_time":"2026-09-04T19:16:10+00:00","article_modified_time":"2026-09-04T19:16:13+00:00","og_image":[{"width":900,"height":600,"url":"http:\/\/familiasmadridnorte.es\/wp-content\/uploads\/2026\/09\/derechos-familias-numerosas-sept26.webp","type":"image\/webp"}],"author":"Ana","twitter_card":"summary_large_image","twitter_misc":{"Written by":"Ana","Estimated reading time":"4 minutes"},"schema":{"@context":"https:\/\/schema.org","@graph":[{"@type":"Article","@id":"https:\/\/familiasmadridnorte.es\/derechos-familias-numerosas-error-administrativo\/#article","isPartOf":{"@id":"https:\/\/familiasmadridnorte.es\/derechos-familias-numerosas-error-administrativo\/"},"author":{"name":"Ana","@id":"https:\/\/familiasmadridnorte.es\/#\/schema\/person\/f8a16592344491533ad78d19aa1d57c5"},"headline":"CASO REAL: M\u00c1S DE 2000\u20ac DE PENALIZACI\u00d3N","datePublished":"2026-09-04T19:16:10+00:00","dateModified":"2026-09-04T19:16:13+00:00","mainEntityOfPage":{"@id":"https:\/\/familiasmadridnorte.es\/derechos-familias-numerosas-error-administrativo\/"},"wordCount":740,"publisher":{"@id":"https:\/\/familiasmadridnorte.es\/#organization"},"image":{"@id":"https:\/\/familiasmadridnorte.es\/derechos-familias-numerosas-error-administrativo\/#primaryimage"},"thumbnailUrl":"https:\/\/familiasmadridnorte.es\/wp-content\/uploads\/2026\/09\/derechos-familias-numerosas-sept26.webp","keywords":["administraci\u00f3n p\u00fablica","asociaciones","familia numerosa","familias numerosas","Hacienda","socios"],"articleSection":["noticias"],"inLanguage":"en-GB"},{"@type":"WebPage","@id":"https:\/\/familiasmadridnorte.es\/derechos-familias-numerosas-error-administrativo\/","url":"https:\/\/familiasmadridnorte.es\/derechos-familias-numerosas-error-administrativo\/","name":"Derechos de las familias numerosas: por qu\u00e9 estar asociados","isPartOf":{"@id":"https:\/\/familiasmadridnorte.es\/#website"},"primaryImageOfPage":{"@id":"https:\/\/familiasmadridnorte.es\/derechos-familias-numerosas-error-administrativo\/#primaryimage"},"image":{"@id":"https:\/\/familiasmadridnorte.es\/derechos-familias-numerosas-error-administrativo\/#primaryimage"},"thumbnailUrl":"https:\/\/familiasmadridnorte.es\/wp-content\/uploads\/2026\/09\/derechos-familias-numerosas-sept26.webp","datePublished":"2026-09-04T19:16:10+00:00","dateModified":"2026-09-04T19:16:13+00:00","description":"Una familia numerosa recibe una reclamaci\u00f3n de m\u00e1s de 2.000 euros por un error administrativo. Un caso que demuestra la importancia de estar asociado","breadcrumb":{"@id":"https:\/\/familiasmadridnorte.es\/derechos-familias-numerosas-error-administrativo\/#breadcrumb"},"inLanguage":"en-GB","potentialAction":[{"@type":"ReadAction","target":["https:\/\/familiasmadridnorte.es\/derechos-familias-numerosas-error-administrativo\/"]}]},{"@type":"ImageObject","inLanguage":"en-GB","@id":"https:\/\/familiasmadridnorte.es\/derechos-familias-numerosas-error-administrativo\/#primaryimage","url":"https:\/\/familiasmadridnorte.es\/wp-content\/uploads\/2026\/09\/derechos-familias-numerosas-sept26.webp","contentUrl":"https:\/\/familiasmadridnorte.es\/wp-content\/uploads\/2026\/09\/derechos-familias-numerosas-sept26.webp","width":900,"height":600,"caption":"defendemos los derechos de las familias numerosas"},{"@type":"BreadcrumbList","@id":"https:\/\/familiasmadridnorte.es\/derechos-familias-numerosas-error-administrativo\/#breadcrumb","itemListElement":[{"@type":"ListItem","position":1,"name":"Portada","item":"https:\/\/familiasmadridnorte.es\/"},{"@type":"ListItem","position":2,"name":"CASO REAL: M\u00c1S DE 2000\u20ac DE PENALIZACI\u00d3N"}]},{"@type":"WebSite","@id":"https:\/\/familiasmadridnorte.es\/#website","url":"https:\/\/familiasmadridnorte.es\/","name":"Large Families","description":"La Asociaci\u00f3n de Familias Numerosas Zona Norte de Madrid (AFAN Zona Norte Madrid) lleva 20 a\u00f1os apoyando y representando a las familias numerosas, defendiendo sus derechos y destacando su valiosa aportaci\u00f3n a la sociedad.","publisher":{"@id":"https:\/\/familiasmadridnorte.es\/#organization"},"potentialAction":[{"@type":"SearchAction","target":{"@type":"EntryPoint","urlTemplate":"https:\/\/familiasmadridnorte.es\/?s={search_term_string}"},"query-input":{"@type":"PropertyValueSpecification","valueRequired":true,"valueName":"search_term_string"}}],"inLanguage":"en-GB"},{"@type":"Organization","@id":"https:\/\/familiasmadridnorte.es\/#organization","name":"Large Families","url":"https:\/\/familiasmadridnorte.es\/","logo":{"@type":"ImageObject","inLanguage":"en-GB","@id":"https:\/\/familiasmadridnorte.es\/#\/schema\/logo\/image\/","url":"https:\/\/familiasmadridnorte.es\/wp-content\/uploads\/2025\/06\/Logo_AFAN-1024x724-1.png","contentUrl":"https:\/\/familiasmadridnorte.es\/wp-content\/uploads\/2025\/06\/Logo_AFAN-1024x724-1.png","width":1024,"height":724,"caption":"Familias Numerosas"},"image":{"@id":"https:\/\/familiasmadridnorte.es\/#\/schema\/logo\/image\/"}},{"@type":"Person","@id":"https:\/\/familiasmadridnorte.es\/#\/schema\/person\/f8a16592344491533ad78d19aa1d57c5","name":"Ana","image":{"@type":"ImageObject","inLanguage":"en-GB","@id":"https:\/\/secure.gravatar.com\/avatar\/42d6e65fc485c2f9833f403d55ce186e8236e6d2d9b30b4bf6673c5796f5955b?s=96&d=mm&r=g","url":"https:\/\/secure.gravatar.com\/avatar\/42d6e65fc485c2f9833f403d55ce186e8236e6d2d9b30b4bf6673c5796f5955b?s=96&d=mm&r=g","contentUrl":"https:\/\/secure.gravatar.com\/avatar\/42d6e65fc485c2f9833f403d55ce186e8236e6d2d9b30b4bf6673c5796f5955b?s=96&d=mm&r=g","caption":"Ana"},"url":"https:\/\/familiasmadridnorte.es\/en\/author\/ana\/"}]}},"_links":{"self":[{"href":"https:\/\/familiasmadridnorte.es\/en\/wp-json\/wp\/v2\/posts\/5177","targetHints":{"allow":["GET"]}}],"collection":[{"href":"https:\/\/familiasmadridnorte.es\/en\/wp-json\/wp\/v2\/posts"}],"about":[{"href":"https:\/\/familiasmadridnorte.es\/en\/wp-json\/wp\/v2\/types\/post"}],"author":[{"embeddable":true,"href":"https:\/\/familiasmadridnorte.es\/en\/wp-json\/wp\/v2\/users\/3"}],"replies":[{"embeddable":true,"href":"https:\/\/familiasmadridnorte.es\/en\/wp-json\/wp\/v2\/comments?post=5177"}],"version-history":[{"count":1,"href":"https:\/\/familiasmadridnorte.es\/en\/wp-json\/wp\/v2\/posts\/5177\/revisions"}],"predecessor-version":[{"id":5179,"href":"https:\/\/familiasmadridnorte.es\/en\/wp-json\/wp\/v2\/posts\/5177\/revisions\/5179"}],"wp:featuredmedia":[{"embeddable":true,"href":"https:\/\/familiasmadridnorte.es\/en\/wp-json\/wp\/v2\/media\/5178"}],"wp:attachment":[{"href":"https:\/\/familiasmadridnorte.es\/en\/wp-json\/wp\/v2\/media?parent=5177"}],"wp:term":[{"taxonomy":"category","embeddable":true,"href":"https:\/\/familiasmadridnorte.es\/en\/wp-json\/wp\/v2\/categories?post=5177"},{"taxonomy":"post_tag","embeddable":true,"href":"https:\/\/familiasmadridnorte.es\/en\/wp-json\/wp\/v2\/tags?post=5177"}],"curies":[{"name":"wp","href":"https:\/\/api.w.org\/{rel}","templated":true}]}}