{"id":5166,"date":"2026-09-04T18:36:35","date_gmt":"2026-09-04T18:36:35","guid":{"rendered":"https:\/\/familiasmadridnorte.es\/?p=5166"},"modified":"2026-09-04T18:42:41","modified_gmt":"2026-09-04T18:42:41","slug":"tablon-de-anuncios-y-avisos-71","status":"publish","type":"post","link":"https:\/\/familiasmadridnorte.es\/en\/tablon-de-anuncios-y-avisos-71\/","title":{"rendered":"TABL\u00d3N DE ANUNCIOS Y AVISOS"},"content":{"rendered":"<p class=\"wp-block-paragraph\">Esta semana comenzamos por la secci\u00f3n de donaciones, a la que os animamos a todos a colaborar, en beneficio de las familias que m\u00e1s lo necesitan:<\/p>\n\n\n\n<h2 class=\"wp-block-heading\"><mark style=\"background-color:rgba(0, 0, 0, 0)\" class=\"has-inline-color has-vivid-cyan-blue-color\">Donaciones en Tabl\u00f3n de anuncios<\/mark><\/h2>\n\n\n\n<h3 class=\"wp-block-heading\">Regalo de Cama Extensible con colchones<\/h3>\n\n\n\n<figure class=\"wp-block-image size-full\"><img fetchpriority=\"high\" decoding=\"async\" width=\"900\" height=\"600\" src=\"https:\/\/familiasmadridnorte.es\/wp-content\/uploads\/2026\/09\/cama-Maribel-el-Boalo.webp\" alt=\"\" class=\"wp-image-5168\" srcset=\"https:\/\/familiasmadridnorte.es\/wp-content\/uploads\/2026\/09\/cama-Maribel-el-Boalo.webp 900w, https:\/\/familiasmadridnorte.es\/wp-content\/uploads\/2026\/09\/cama-Maribel-el-Boalo-300x200.webp 300w, https:\/\/familiasmadridnorte.es\/wp-content\/uploads\/2026\/09\/cama-Maribel-el-Boalo-768x512.webp 768w, https:\/\/familiasmadridnorte.es\/wp-content\/uploads\/2026\/09\/cama-Maribel-el-Boalo-18x12.webp 18w\" sizes=\"(max-width: 900px) 100vw, 900px\" \/><\/figure>\n\n\n\n<p class=\"wp-block-paragraph\">Regalo Cama extensible de Ikea, color blanco. La cabecera y el piecero se pueden desplegar para alargarla: 152cm, 176cm o 197cm. *Para colchones de 80cm ancho* . Somier de madera en perfecto estado, y estructura de madera muy robusta. Est\u00e1 lacada en blanco pero tiene algunos ara\u00f1azos y desgaste por uso, con una mano de pintura quedar\u00e1 como nueva. Incluye colchones. A recoger lo antes posible en Cerceda. Si est\u00e1s interesado, escribe al m\u00f3vil de la asociaci\u00f3n 665653152<\/p>\n\n\n\n<h3 class=\"wp-block-heading\">Familia Regala Silla de Coche<\/h3>\n\n\n\n<p class=\"wp-block-paragraph\">Paracuellos: La silla es del grupo 1, de 9 a 15 kg. Si est\u00e1s interesado, escribe al m\u00f3vil de la asociaci\u00f3n 665653152<\/p>\n\n\n\n<figure class=\"wp-block-image size-full\"><img decoding=\"async\" width=\"900\" height=\"600\" src=\"https:\/\/familiasmadridnorte.es\/wp-content\/uploads\/2026\/09\/silla-coche-Paola-Fraile.webp\" alt=\"\" class=\"wp-image-5167\" srcset=\"https:\/\/familiasmadridnorte.es\/wp-content\/uploads\/2026\/09\/silla-coche-Paola-Fraile.webp 900w, https:\/\/familiasmadridnorte.es\/wp-content\/uploads\/2026\/09\/silla-coche-Paola-Fraile-300x200.webp 300w, https:\/\/familiasmadridnorte.es\/wp-content\/uploads\/2026\/09\/silla-coche-Paola-Fraile-768x512.webp 768w, https:\/\/familiasmadridnorte.es\/wp-content\/uploads\/2026\/09\/silla-coche-Paola-Fraile-18x12.webp 18w\" sizes=\"(max-width: 900px) 100vw, 900px\" \/><\/figure>\n\n\n\n<h3 class=\"wp-block-heading\">Familia Regala Ropa Y Zapatos de ni\u00f1a<\/h3>\n\n\n\n<p class=\"wp-block-paragraph\">Paracuellos: Tengo dos bolsas de ropa y zapatos de ni\u00f1a para regalar. Las tallas son de 1 a 4 a\u00f1os. Si est\u00e1is interesados, pod\u00e9is solicitarla al numero de la asociaci\u00f3n 665653152<\/p>\n\n\n\n<h3 class=\"wp-block-heading\"><strong>Familia regala<\/strong> juego <\/h3>\n\n\n\n<p class=\"wp-block-paragraph\"><strong>Familia de Alcobendas regala<\/strong> este abecedario de gomaeva. Interesados escribir por whatsapp al 665653152<\/p>\n\n\n\n<figure class=\"wp-block-image size-full\"><img decoding=\"async\" width=\"900\" height=\"600\" src=\"https:\/\/familiasmadridnorte.es\/wp-content\/uploads\/2026\/07\/donacion-Alberto-Sacristan.webp\" alt=\"\" class=\"wp-image-5049\" srcset=\"https:\/\/familiasmadridnorte.es\/wp-content\/uploads\/2026\/07\/donacion-Alberto-Sacristan.webp 900w, https:\/\/familiasmadridnorte.es\/wp-content\/uploads\/2026\/07\/donacion-Alberto-Sacristan-300x200.webp 300w, https:\/\/familiasmadridnorte.es\/wp-content\/uploads\/2026\/07\/donacion-Alberto-Sacristan-768x512.webp 768w, https:\/\/familiasmadridnorte.es\/wp-content\/uploads\/2026\/07\/donacion-Alberto-Sacristan-18x12.webp 18w\" sizes=\"(max-width: 900px) 100vw, 900px\" \/><\/figure>\n\n\n\n<hr class=\"wp-block-separator has-alpha-channel-opacity\"\/>\n\n\n\n<h2 class=\"wp-block-heading\"><mark style=\"background-color:rgba(0, 0, 0, 0)\" class=\"has-inline-color has-vivid-cyan-blue-color\">Ayuda en Tabl\u00f3n de Anuncios<\/mark><\/h2>\n\n\n\n<figure class=\"wp-block-image size-large\"><img loading=\"lazy\" decoding=\"async\" width=\"1024\" height=\"577\" src=\"http:\/\/familiasmadridnorte.es\/wp-content\/uploads\/2024\/10\/Solicitamos-Ayuda-1024x577.jpg\" alt=\"Solicitamos ayuda en tabl\u00f3n de anuncios\" class=\"wp-image-933\" srcset=\"https:\/\/familiasmadridnorte.es\/wp-content\/uploads\/2024\/10\/Solicitamos-Ayuda-1024x577.jpg 1024w, https:\/\/familiasmadridnorte.es\/wp-content\/uploads\/2024\/10\/Solicitamos-Ayuda-300x169.jpg 300w, https:\/\/familiasmadridnorte.es\/wp-content\/uploads\/2024\/10\/Solicitamos-Ayuda-768x433.jpg 768w, https:\/\/familiasmadridnorte.es\/wp-content\/uploads\/2024\/10\/Solicitamos-Ayuda-1536x865.jpg 1536w, https:\/\/familiasmadridnorte.es\/wp-content\/uploads\/2024\/10\/Solicitamos-Ayuda-600x338.jpg 600w, https:\/\/familiasmadridnorte.es\/wp-content\/uploads\/2024\/10\/Solicitamos-Ayuda.jpg 1640w\" sizes=\"(max-width: 1024px) 100vw, 1024px\" \/><\/figure>\n\n\n\n<h3 class=\"wp-block-heading\">Familia de 11 Miembros necesita un Hogar<\/h3>\n\n\n\n<p class=\"wp-block-paragraph\">Somos una familia de 11 miembros que vivimos en Alcobendas y buscamos piso o casa de 4 habitaciones. Alquiler o compra, si nos concedieran hipoteca. Por favor, si pod\u00e9is ayudarnos, estamos desesperados. Notificad vuestra ayuda en el 665653152<\/p>\n\n\n\n<h3 class=\"wp-block-heading\">Familia necesita Piso en Alquiler<\/h3>\n\n\n\n<p class=\"wp-block-paragraph\">La casa donde estamos viviendo le hace falta al propietario porque se ha separado de la mujer y nos tenemos que ir. Por ello estamos buscando vivienda en San Sebasti\u00e1n de los Reyes, preferiblemente, o tambi\u00e9n Alcobendas y alrededores. Si alguien de la Asociaci\u00f3n tiene alg\u00fan piso para alquilar, (preferiblemente de tres o cuatro habitaciones) o conoce de alguien que lo tenga, que nos avise, por favor, a trav\u00e9s del m\u00f3vil de la asociaci\u00f3n: 665653152<\/p>\n\n\n\n<h3 class=\"wp-block-heading\">Familia Busca Piso en Alquiler<\/h3>\n\n\n\n<p class=\"wp-block-paragraph\">\u00a1Hola! Somos una familia con 5 ni\u00f1os peque\u00f1os y vivimos en Alcobendas. Nos acaban de avisar de que venden el piso donde estamos as\u00ed que buscamos urgentemente un lugar donde vivir.<br>Nuestro presupuesto de alquiler es de 1200-1300\u20ac\/mes, buscamos quedarnos en Alcobendas y a ser posible cerca del Colegio Mar\u00eda Teresa\/Cercan\u00edas Valdelasfuentes. Sin embargo, no estamos cerrados a otros supuestos. Si conoces alg\u00fan caso, av\u00edsanos, por favor. 665653152<\/p>\n\n\n\n<hr class=\"wp-block-separator has-alpha-channel-opacity\"\/>\n\n\n\n<h2 class=\"wp-block-heading\"><mark style=\"background-color:rgba(0, 0, 0, 0)\" class=\"has-inline-color has-vivid-cyan-blue-color\">Oportunidades en Tabl\u00f3n de Anuncios<\/mark><\/h2>\n\n\n\n<figure class=\"wp-block-image size-full\"><img loading=\"lazy\" decoding=\"async\" width=\"900\" height=\"600\" src=\"http:\/\/familiasmadridnorte.es\/wp-content\/uploads\/2026\/03\/Oportunidades.jpg\" alt=\"tabl\u00f3n de anuncios oportunidades\" class=\"wp-image-4214\" srcset=\"https:\/\/familiasmadridnorte.es\/wp-content\/uploads\/2026\/03\/Oportunidades.jpg 900w, https:\/\/familiasmadridnorte.es\/wp-content\/uploads\/2026\/03\/Oportunidades-300x200.jpg 300w, https:\/\/familiasmadridnorte.es\/wp-content\/uploads\/2026\/03\/Oportunidades-768x512.jpg 768w, https:\/\/familiasmadridnorte.es\/wp-content\/uploads\/2026\/03\/Oportunidades-18x12.jpg 18w\" sizes=\"(max-width: 900px) 100vw, 900px\" \/><\/figure>\n\n\n\n<h3 class=\"wp-block-heading\">Club Zurko pone en marcha su programa \u00abEmbajadores Solares\u00bb con nuevas oportunidades para las familias<\/h3>\n\n\n\n<figure class=\"wp-block-image size-full\"><img loading=\"lazy\" decoding=\"async\" width=\"900\" height=\"600\" src=\"https:\/\/familiasmadridnorte.es\/wp-content\/uploads\/2026\/09\/club-zurko-bebes.webp\" alt=\"\" class=\"wp-image-5173\" srcset=\"https:\/\/familiasmadridnorte.es\/wp-content\/uploads\/2026\/09\/club-zurko-bebes.webp 900w, https:\/\/familiasmadridnorte.es\/wp-content\/uploads\/2026\/09\/club-zurko-bebes-300x200.webp 300w, https:\/\/familiasmadridnorte.es\/wp-content\/uploads\/2026\/09\/club-zurko-bebes-768x512.webp 768w, https:\/\/familiasmadridnorte.es\/wp-content\/uploads\/2026\/09\/club-zurko-bebes-18x12.webp 18w\" sizes=\"(max-width: 900px) 100vw, 900px\" \/><\/figure>\n\n\n\n<p class=\"wp-block-paragraph\">Desde FEDMA queremos informar a nuestras familias asociadas de una nueva iniciativa de Club Zurko, dirigida a personas interesadas en participar en estudios dermatol\u00f3gicos y cosm\u00e9ticos supervisados por profesionales.<\/p>\n\n\n\n<h3 class=\"wp-block-heading\">Club Zurko busca familias con beb\u00e9s para participar en dos estudios sobre el cuidado del cuero cabelludo<\/h3>\n\n\n\n<p class=\"wp-block-paragraph\">Las familias con beb\u00e9s de entre 3 meses y 3 a\u00f1os pueden participar en dos estudios de uso de productos espec\u00edficos para el cuidado del cuero cabelludo. La participaci\u00f3n est\u00e1 remunerada con 50 euros.<\/p>\n\n\n\n<p class=\"wp-block-paragraph\">Club Zurko pone en marcha dos estudios dirigidos a familias con beb\u00e9s y ni\u00f1os peque\u00f1os con el objetivo de conocer su experiencia real en el uso de productos destinados al cuidado diario del cuero cabelludo.<\/p>\n\n\n\n<p class=\"wp-block-paragraph\">Los estudios se realizan con tests de uso controlados y bajo control dermatol\u00f3gico, oftalmol\u00f3gico y pedi\u00e1trico, prestando especial atenci\u00f3n a beb\u00e9s y ni\u00f1os con piel sensible y tendencia at\u00f3pica.<\/p>\n\n\n\n<h4 class=\"wp-block-heading\">Dos estudios disponibles<\/h4>\n\n\n\n<ol class=\"wp-block-list\">\n<li><strong>Mousse Champ\u00fa Reci\u00e9n Nacidos<\/strong><\/li>\n<\/ol>\n\n\n\n<p class=\"wp-block-paragraph\">Un champ\u00fa en formato espuma dirigido a beb\u00e9s de 3 meses a 3 a\u00f1os.<\/p>\n\n\n\n<ul class=\"wp-block-list\">\n<li>Duraci\u00f3n del estudio: 15 d\u00edas<\/li>\n\n\n\n<li>Aplicaci\u00f3n: 1 vez al d\u00eda<\/li>\n\n\n\n<li>Remuneraci\u00f3n: 50 \u20ac<\/li>\n<\/ul>\n\n\n\n<p class=\"wp-block-paragraph\">2. <strong>Crema Costra L\u00e1ctea<\/strong><\/p>\n\n\n\n<p class=\"wp-block-paragraph\">Una crema destinada a facilitar la eliminaci\u00f3n de la costra l\u00e1ctea, dirigida a beb\u00e9s de 3 a 12 meses.<\/p>\n\n\n\n<p class=\"wp-block-paragraph\">Duraci\u00f3n del estudio: 21 d\u00edas<br>Aplicaci\u00f3n: 1 vez al d\u00eda<br>Remuneraci\u00f3n: 50 \u20ac<\/p>\n\n\n\n<h4 class=\"wp-block-heading\">\u00bfC\u00f3mo participar?<\/h4>\n\n\n\n<p class=\"wp-block-paragraph\">Las familias interesadas cuyo beb\u00e9 cumpla los criterios de edad y caracter\u00edsticas de alguno de los estudios pueden solicitar m\u00e1s informaci\u00f3n directamente a Club Zurko.<\/p>\n\n\n\n<p class=\"wp-block-paragraph\">\ud83d\udce9 <a href=\"mailto:clubzurko@clubzurko.com\">clubzurko@clubzurko.com<\/a><\/p>\n\n\n\n<p class=\"wp-block-paragraph\">Una oportunidad para que las familias participen en estudios de uso relacionados con el cuidado de la piel y el cuero cabelludo de los m\u00e1s peque\u00f1os y, al mismo tiempo, compartan su experiencia como consumidores.<\/p>\n\n\n\n<p class=\"wp-block-paragraph\"><a href=\"https:\/\/www.fedma.es\/wp-content\/uploads\/2026\/08\/Reportaje-sept-2026.pdf\">M\u00e1s Info<\/a><\/p>\n\n\n\n<hr class=\"wp-block-separator has-alpha-channel-opacity\"\/>\n\n\n\n<h3 class=\"wp-block-heading\">\u00bfTIENES LIBROS QUE YA NO UTILIZAS? ESTA PLATAFORMA PUEDE AYUDARTE<\/h3>\n\n\n\n<figure class=\"wp-block-image size-large\"><img loading=\"lazy\" decoding=\"async\" width=\"1024\" height=\"577\" src=\"https:\/\/familiasmadridnorte.es\/wp-content\/uploads\/2026\/06\/twofaces-libros-plataforma-1024x577.jpg\" alt=\"\" class=\"wp-image-4687\" srcset=\"https:\/\/familiasmadridnorte.es\/wp-content\/uploads\/2026\/06\/twofaces-libros-plataforma-1024x577.jpg 1024w, https:\/\/familiasmadridnorte.es\/wp-content\/uploads\/2026\/06\/twofaces-libros-plataforma-300x169.jpg 300w, https:\/\/familiasmadridnorte.es\/wp-content\/uploads\/2026\/06\/twofaces-libros-plataforma-768x433.jpg 768w, https:\/\/familiasmadridnorte.es\/wp-content\/uploads\/2026\/06\/twofaces-libros-plataforma-1536x865.jpg 1536w, https:\/\/familiasmadridnorte.es\/wp-content\/uploads\/2026\/06\/twofaces-libros-plataforma-18x10.jpg 18w, https:\/\/familiasmadridnorte.es\/wp-content\/uploads\/2026\/06\/twofaces-libros-plataforma.jpg 1640w\" sizes=\"(max-width: 1024px) 100vw, 1024px\" \/><\/figure>\n\n\n\n<p class=\"wp-block-paragraph\">Muchas familias acumulan en casa libros de texto, novelas, cuentos infantiles o material de estudio que, con el paso del tiempo, dejan de utilizarse. Si est\u00e1s buscando una forma de liberar espacio y darles una segunda vida, existe una alternativa que puede resultarte interesante.<\/p>\n\n\n\n<p class=\"wp-block-paragraph\">Two Faces es una plataforma especializada en la compra y reutilizaci\u00f3n de libros usados, permitiendo a particulares vender aquellos ejemplares que ya no necesitan de forma sencilla y c\u00f3moda.<\/p>\n\n\n\n<p class=\"wp-block-paragraph\">La empresa realiza una valoraci\u00f3n previa de los libros y gestiona posteriormente el proceso de recogida, facilitando que estos puedan volver a ser utilizados por otras personas.<\/p>\n\n\n\n<p class=\"wp-block-paragraph\">Adem\u00e1s de ayudar a recuperar espacio en casa, este tipo de iniciativas fomentan la reutilizaci\u00f3n y el consumo responsable, contribuyendo a la econom\u00eda circular y al aprovechamiento de recursos que todav\u00eda pueden tener una larga vida \u00fatil.<\/p>\n\n\n\n<p class=\"wp-block-paragraph\">Desde FEDMA compartimos esta informaci\u00f3n por si puede resultar de utilidad para aquellas familias que est\u00e9n pensando en renovar bibliotecas, desprenderse de libros escolares antiguos o simplemente reorganizar sus hogares.<\/p>\n\n\n\n<p class=\"wp-block-paragraph\">M\u00e1s informaci\u00f3n en la p\u00e1gina web de <strong><a href=\"https:\/\/twofacesco.com\/?gclid=Cj0KCQjw_vnQBhCxARIsADcZyxIp6uS-rS_q5pFVGzDM6caPqDhkFXwMzuqq8_sxgJvQIc3cBglgRbgaAsUWEALw_wcB&amp;gad_source=1&amp;gbraid=0AAAAA-N6G1fk18qSgnIO66P1fcP-eb_-w&amp;gad_campaignid=22097667725\">Two Faces<\/a><\/strong>.<\/p>\n\n\n\n<p class=\"wp-block-paragraph\">FEDMA no mantiene ning\u00fan acuerdo de colaboraci\u00f3n con esta empresa y se limita a difundir esta informaci\u00f3n por considerarla de posible inter\u00e9s para las familias asociadas.<\/p>\n\n\n\n<hr class=\"wp-block-separator has-alpha-channel-opacity\"\/>\n\n\n\n<h3 class=\"wp-block-heading\">MENSAJE DE FAMILIA ASOCIADA PARA AYUDAR AYUDAR A NUESTRA COMUNIDAD<\/h3>\n\n\n\n<figure class=\"wp-block-image size-full\"><img loading=\"lazy\" decoding=\"async\" width=\"900\" height=\"600\" src=\"https:\/\/familiasmadridnorte.es\/wp-content\/uploads\/2026\/05\/HomeExchange.jpg\" alt=\"\" class=\"wp-image-4648\" srcset=\"https:\/\/familiasmadridnorte.es\/wp-content\/uploads\/2026\/05\/HomeExchange.jpg 900w, https:\/\/familiasmadridnorte.es\/wp-content\/uploads\/2026\/05\/HomeExchange-300x200.jpg 300w, https:\/\/familiasmadridnorte.es\/wp-content\/uploads\/2026\/05\/HomeExchange-768x512.jpg 768w, https:\/\/familiasmadridnorte.es\/wp-content\/uploads\/2026\/05\/HomeExchange-18x12.jpg 18w\" sizes=\"(max-width: 900px) 100vw, 900px\" \/><\/figure>\n\n\n\n<p class=\"wp-block-paragraph\">Compartimos el mensaje de una de nuestras familias, que quiere ayudar con su experiencia a nuestra la comunidad, con el fin de que conozc\u00e1is una oportunidad muy interesante para todos nosotros. <strong>No es publicidad. No obtiene ning\u00fan beneficio de esta empresa, ni se lleva comisi\u00f3n, ni tiene ning\u00fan inter\u00e9s particular al respecto<\/strong>, simplemente quiere mostrarnos un recurso que a su familia le ha ayudado mucho, para que lo conozcamos y est\u00e1 dispuesta a asesoraros al respecto, si os interesa.<\/p>\n\n\n\n<p class=\"wp-block-paragraph\">Hola! Soy Irene!<\/p>\n\n\n\n<p class=\"wp-block-paragraph\">Soy madre de familia numerosa de AFAN ZONA NORTE DE MADRID y quiero contaros <strong>algo que literalmente nos ha cambiado la vida <\/strong>en los \u00faltimos 3 a\u00f1os.<\/p>\n\n\n\n<p class=\"wp-block-paragraph\">Como muchas familias, nosotros ve\u00edamos imposible viajar mucho, y todav\u00eda m\u00e1s hacer estancias largas en el extranjero con tantos ni\u00f1os. Entre vuelos, alojamientos, comidas y actividades\u2026 simplemente no nos sal\u00edan las cuentas.<\/p>\n\n\n\n<p class=\"wp-block-paragraph\"><strong>Y entonces descubrimos <a href=\"https:\/\/www.homeexchange.com\/es\/?utm_campaign=1:_SN_|_2:_brand_|_3:_brand_|_4:_Es_|_5:_Es__|_6:_brand_|_7:_Es_|_10:_Spain_Brand_Spain_Spain_Brand_Spain-CPC-Optimis%C3%A9&amp;utm_source=google&amp;utm_medium=cpc&amp;campaign_id=20214974127&amp;gad_source=1&amp;gad_campaignid=20214974127&amp;gbraid=0AAAAADw5FmbiB4ZXwJZE6_27gLValVKCU&amp;gclid=Cj0KCQjwz9_QBhD_ARIsADnSCfCHthMy1TOTOCg8E6a3YLJ-3mhHzf4kU5md_iSDT6AW9_xl426akGUaAgK_EALw_wcB\">HomeExchange<\/a>.<\/strong><\/p>\n\n\n\n<p class=\"wp-block-paragraph\">Para quien no lo conozca, es una plataforma de intercambio de casas que te permite viajar aloj\u00e1ndote en hogares de otras familias de todo el mundo. Funciona con una moneda virtual llamada GuestPoints: t\u00fa compartes tu casa cuando no la usas y recibes puntos que luego puedes utilizar para alojarte en otras casas.<\/p>\n\n\n\n<p class=\"wp-block-paragraph\">S\u00e9 que al principio puede sonar raro eso de dejar tu casa o irte a la de otra familia. Nosotros tambi\u00e9n ten\u00edamos mil dudas. Pero despu\u00e9s de 3 a\u00f1os utiliz\u00e1ndolo os puedo decir que nunca nos ha pasado absolutamente nada malo.<\/p>\n\n\n\n<p class=\"wp-block-paragraph\">Despu\u00e9s de cada estancia ambas familias dejan una valoraci\u00f3n y eso dentro de la comunidad es important\u00edsimo. Una mala valoraci\u00f3n puede hacer que luego nadie quiera aceptar esa casa, as\u00ed que todo el mundo cuida much\u00edsimo tanto su hogar como el de los dem\u00e1s. <strong>Al final, son familias como t\u00fa, repartidas por todo el mundo.<\/strong><\/p>\n\n\n\n<p class=\"wp-block-paragraph\">Y hay algo que para nosotros marca much\u00edsimo la diferencia: no viajas a un apartamento tur\u00edstico fr\u00edo ni a un hotel vac\u00edo. Viajas a una casa real. Con juguetes, cuentos, bicis, cocinas preparadas, recomendaciones del barrio, tronas, juegos\u2026 Mis hijos llegan felices. De hecho, creo que ya no querr\u00edan volver a un hotel&nbsp;<img decoding=\"async\" src=\"https:\/\/fonts.gstatic.com\/s\/e\/notoemoji\/17.0\/1f602\/72.png\" alt=\"\ud83d\ude02\" style=\"width: 1px;\"><\/p>\n\n\n\n<p class=\"wp-block-paragraph\">Gracias a HomeExchange hemos podido viajar por Espa\u00f1a, Francia, Irlanda, Inglaterra y Estados Unidos\u2026<strong> algo que sinceramente jam\u00e1s habr\u00edamos podido permitirnos de otra manera.<\/strong><\/p>\n\n\n\n<p class=\"wp-block-paragraph\">Pero lo m\u00e1s incre\u00edble no han sido los viajes, sino la vida que hemos podido darles a nuestros hijos.<\/p>\n\n\n\n<p class=\"wp-block-paragraph\">Han ido al colegio en Irlanda durante dos periodos de 6 meses y ahora estamos viviendo en Francia haciendo el curso escolar completo. Hoy hablan espa\u00f1ol, ingl\u00e9s y franc\u00e9s pr\u00e1cticamente como nativos. Pero m\u00e1s all\u00e1 de los idiomas, tienen otra mentalidad, otra curiosidad y una forma mucho m\u00e1s abierta de ver el mundo.<\/p>\n\n\n\n<p class=\"wp-block-paragraph\">Aqu\u00ed en Francia, por ejemplo, hacen vela por un precio s\u00faper asequible (\u00a1menos de lo que yo pagaba por una clase de p\u00e1del en Madrid!). Y cuando les hablamos de un pa\u00eds nuevo, lo primero que preguntan es: \u201c\u00bfQu\u00e9 idioma hablan all\u00ed?\u201d. Y si es uno de estos tres, responden enseguida: \u201c\u00a1Ah\u00ed podemos ir!\u201d.<\/p>\n\n\n\n<p class=\"wp-block-paragraph\"><strong>S\u00e9 que hay mucha gente que piensa que vivir experiencias as\u00ed es imposible econ\u00f3micamente, especialmente cuando tienes varios hijos. Y os aseguro que no lo es.<\/strong><\/p>\n\n\n\n<p class=\"wp-block-paragraph\">Por supuesto aclarar que <strong>no me llevo comisi\u00f3n ni soy empleada de HomeExchange&nbsp;. <\/strong>Simplemente lo comparto porque es de esas cosas que nunca haces hasta que alguien te cuenta que existen. Y con c\u00f3mo est\u00e1 hoy el turismo y los precios en Espa\u00f1a, creo que merece much\u00edsimo la pena conocerlo.<\/p>\n\n\n\n<p class=\"wp-block-paragraph\">Lo que hemos vivido estos a\u00f1os ha sido incre\u00edble y estoy convencido de que sin HomeExchange nunca habr\u00eda sido posible.<\/p>\n\n\n\n<p class=\"wp-block-paragraph\">Si alguien quiere informaci\u00f3n, consejos o simplemente preguntarme c\u00f3mo funciona todo esto, escribidme sin problema. Estar\u00e9 encantada de ayudar&nbsp;.<\/p>\n\n\n\n<p class=\"wp-block-paragraph\">SI ALGUNA FAMILIA EST\u00c1 INTERESADA EN CONTACTAR CON IRENE, NOSOTROS FACILITAREMOS SUS DATOS EN EL TFO DE LA ASOCIACI\u00d3N 665653152<\/p>\n\n\n\n<hr class=\"wp-block-separator has-alpha-channel-opacity\"\/>\n\n\n\n<figure class=\"wp-block-image size-large\"><img loading=\"lazy\" decoding=\"async\" width=\"1024\" height=\"577\" src=\"http:\/\/familiasmadridnorte.es\/wp-content\/uploads\/2024\/02\/bOLSA-DE-EMPLEO-1024x577.jpg\" alt=\"Bolsa de empleo. tabl\u00f3n de anuncios\" class=\"wp-image-1018\" srcset=\"https:\/\/familiasmadridnorte.es\/wp-content\/uploads\/2024\/02\/bOLSA-DE-EMPLEO-1024x577.jpg 1024w, https:\/\/familiasmadridnorte.es\/wp-content\/uploads\/2024\/02\/bOLSA-DE-EMPLEO-300x169.jpg 300w, https:\/\/familiasmadridnorte.es\/wp-content\/uploads\/2024\/02\/bOLSA-DE-EMPLEO-768x433.jpg 768w, https:\/\/familiasmadridnorte.es\/wp-content\/uploads\/2024\/02\/bOLSA-DE-EMPLEO-1536x865.jpg 1536w, https:\/\/familiasmadridnorte.es\/wp-content\/uploads\/2024\/02\/bOLSA-DE-EMPLEO-600x338.jpg 600w, https:\/\/familiasmadridnorte.es\/wp-content\/uploads\/2024\/02\/bOLSA-DE-EMPLEO.jpg 1640w\" sizes=\"(max-width: 1024px) 100vw, 1024px\" \/><\/figure>\n\n\n\n<h3 class=\"wp-block-heading\">Empleo: Demanda madre asociada<\/h3>\n\n\n\n<p class=\"wp-block-paragraph\">Hola a todos! Mi nombre es Mariana y estoy en b\u00fasqueda activa de empleo, les comparto un resumen de mi perfil por si conocen alguna oportunidad que encaje:<br>\u200bTengo m\u00e1s de 15 a\u00f1os de trayectoria en gesti\u00f3n administrativa, atenci\u00f3n al cliente y usuario (tanto presencial como a trav\u00e9s de canales digitales y plataformas de gesti\u00f3n) y tareas de apoyo en comercio. Tambi\u00e9n cuento con experiencia en log\u00edstica, gesti\u00f3n de pedidos y atenci\u00f3n en campa\u00f1as.<\/p>\n\n\n\n<ul class=\"wp-block-list\">\n<li>\u200bQu\u00e9 puestos busco?: Auxiliar administrativo, recepci\u00f3n, atenci\u00f3n al cliente\/usuario (digital o presencial), gesti\u00f3n de pedidos\/log\u00edstica o cajera.<\/li>\n\n\n\n<li>Disponibilidad: Jornada parcial por las ma\u00f1anas. Incorporaci\u00f3n inmediata.<\/li>\n\n\n\n<li>\u200bSoy una persona organizada, resolutiva y con gran facilidad para adaptarme a herramientas digitales y de gesti\u00f3n.<\/li>\n<\/ul>\n\n\n\n<p class=\"wp-block-paragraph\">Si conoc\u00e9is alguna vacante, poneos en contacto con la asociaci\u00f3n en el 665653152<\/p>\n\n\n\n<hr class=\"wp-block-separator has-alpha-channel-opacity\"\/>\n\n\n\n<h3 class=\"wp-block-heading\">Se Ofrece Trabajo para mujeres<\/h3>\n\n\n\n<p class=\"wp-block-paragraph\">Se ofrece trabajo para venta por cat\u00e1logo de productos cosm\u00e9ticos y maquillaje de la marca sueca Oriflame. No hay que hacer inversi\u00f3n. Contacto: 665653152<\/p>\n\n\n\n<hr class=\"wp-block-separator has-alpha-channel-opacity\"\/>\n\n\n\n<h3 class=\"wp-block-heading\">Se ofrece Cuidadora<\/h3>\n\n\n\n<p class=\"wp-block-paragraph\">Me ofrezco para llevar ni\u00f1os al cole por la ma\u00f1ana, recogerles por la tarde y llevarles a extraescolares. Con carnet de conducir. Zona Las Tablas, Sanchinarro, Algete, Alcobendas, Fuente el Saz, etc Contacto: 665653152<\/p>\n\n\n\n<hr class=\"wp-block-separator has-alpha-channel-opacity\"\/>\n\n\n\n<h3 class=\"wp-block-heading\">Se ofrece Limpiadora<\/h3>\n\n\n\n<p class=\"wp-block-paragraph\">Estoy buscando trabajo de 2 \u00f3 3 horas en una comunidad de propietarios u oficinas en Sanse o Alcobendas en horario de tarde, a partir de las 15:30. Contacto: 665653152<\/p>\n\n\n\n<hr class=\"wp-block-separator has-alpha-channel-opacity\"\/>\n\n\n\n<h3 class=\"wp-block-heading\">Se ofrece Pintor para findes<\/h3>\n\n\n\n<p class=\"wp-block-paragraph\">Si necesitas pintor econ\u00f3mico para peque\u00f1as superficies como habitaciones, ba\u00f1o o cocina, te ofrezco mis servicios en fin de semana. Pedro 691330010<\/p>\n\n\n\n<hr class=\"wp-block-separator has-alpha-channel-opacity\"\/>\n\n\n\n<h2 class=\"wp-block-heading\"><mark style=\"background-color:rgba(0, 0, 0, 0)\" class=\"has-inline-color has-vivid-cyan-blue-color\">Ventas en Tabl\u00f3n de Anuncios<\/mark><\/h2>\n\n\n\n<figure class=\"wp-block-image size-large\"><img loading=\"lazy\" decoding=\"async\" width=\"1024\" height=\"577\" src=\"http:\/\/familiasmadridnorte.es\/wp-content\/uploads\/2024\/10\/ventas-tablon-anuncios-1024x577.jpg\" alt=\"\" class=\"wp-image-1080\" srcset=\"https:\/\/familiasmadridnorte.es\/wp-content\/uploads\/2024\/10\/ventas-tablon-anuncios-1024x577.jpg 1024w, https:\/\/familiasmadridnorte.es\/wp-content\/uploads\/2024\/10\/ventas-tablon-anuncios-300x169.jpg 300w, https:\/\/familiasmadridnorte.es\/wp-content\/uploads\/2024\/10\/ventas-tablon-anuncios-768x433.jpg 768w, https:\/\/familiasmadridnorte.es\/wp-content\/uploads\/2024\/10\/ventas-tablon-anuncios-1536x865.jpg 1536w, https:\/\/familiasmadridnorte.es\/wp-content\/uploads\/2024\/10\/ventas-tablon-anuncios-600x338.jpg 600w, https:\/\/familiasmadridnorte.es\/wp-content\/uploads\/2024\/10\/ventas-tablon-anuncios.jpg 1640w\" sizes=\"(max-width: 1024px) 100vw, 1024px\" \/><\/figure>\n\n\n\n<h4 class=\"wp-block-heading\">Sillas infantiles para Coche y Carro Tr\u00edo Rider Jan\u00e9.<\/h4>\n\n\n\n<p class=\"wp-block-paragraph\"><strong>Silla de coche Klippan<\/strong> en color negro. Modelo CENTURY. SIEMPRE USADO CON FUNDA. Tenemos 2 unidades. Si llevas las 2 hacemos precio y adem\u00e1s\u2026Regalamos espejos para poder ver a los peques si se duermen y fundas para los sillones del coche para que no se manchen ni deformen. Dise\u00f1o ergon\u00f3mico. Acolchado para mayor comodidad. Incluye arn\u00e9s de seguridad. Base ajustable y Adaptador de beb\u00e9.<\/p>\n\n\n\n<p class=\"wp-block-paragraph\"><strong>Carro trio que incluye<\/strong>: capazo, cuco y silla de paseo con capota de lluvia y sombrilla. Tambi\u00e9n incluye saco de invierno y funda verano de algod\u00f3n transpirable para el cuco; saco de invierno para la silla de paseo y funda de verano de algod\u00f3n transpirable para la silla de paseo. Siempre usados con fundas. Buen estado. Siempre con funda en el manillar. Ruedas en perfecto estado, no desgastadas. Signos de uso pero sin importancia. Gancho de manillar para colgar cosas de regalo.<\/p>\n\n\n\n<figure class=\"wp-block-image size-full\"><img loading=\"lazy\" decoding=\"async\" width=\"900\" height=\"600\" src=\"https:\/\/familiasmadridnorte.es\/wp-content\/uploads\/2026\/05\/SILLA-coche-y-trio-Moreno-sabugal-1.jpg\" alt=\"\" class=\"wp-image-4650\" srcset=\"https:\/\/familiasmadridnorte.es\/wp-content\/uploads\/2026\/05\/SILLA-coche-y-trio-Moreno-sabugal-1.jpg 900w, https:\/\/familiasmadridnorte.es\/wp-content\/uploads\/2026\/05\/SILLA-coche-y-trio-Moreno-sabugal-1-300x200.jpg 300w, https:\/\/familiasmadridnorte.es\/wp-content\/uploads\/2026\/05\/SILLA-coche-y-trio-Moreno-sabugal-1-768x512.jpg 768w, https:\/\/familiasmadridnorte.es\/wp-content\/uploads\/2026\/05\/SILLA-coche-y-trio-Moreno-sabugal-1-18x12.jpg 18w\" sizes=\"(max-width: 900px) 100vw, 900px\" \/><\/figure>\n\n\n\n<h4 class=\"wp-block-heading\">Se vende sof\u00e1<\/h4>\n\n\n\n<p class=\"wp-block-paragraph\">Sof\u00e1 de 3 plazas de estructura impecable, muy buena y s\u00f3lida, pero para tapizar cojines de asiento y respaldo.<br>Medidas 200x90x85. Precio fabuloso a 250\u20ac. No incluye transporte<\/p>\n\n\n\n<figure class=\"wp-block-image size-large\"><img loading=\"lazy\" decoding=\"async\" width=\"1024\" height=\"636\" src=\"https:\/\/familiasmadridnorte.es\/wp-content\/uploads\/2026\/01\/Sofa-Catalina-diaz-1024x636.jpeg\" alt=\"\" class=\"wp-image-3807\" srcset=\"https:\/\/familiasmadridnorte.es\/wp-content\/uploads\/2026\/01\/Sofa-Catalina-diaz-1024x636.jpeg 1024w, https:\/\/familiasmadridnorte.es\/wp-content\/uploads\/2026\/01\/Sofa-Catalina-diaz-300x186.jpeg 300w, https:\/\/familiasmadridnorte.es\/wp-content\/uploads\/2026\/01\/Sofa-Catalina-diaz-768x477.jpeg 768w, https:\/\/familiasmadridnorte.es\/wp-content\/uploads\/2026\/01\/Sofa-Catalina-diaz-18x12.jpeg 18w, https:\/\/familiasmadridnorte.es\/wp-content\/uploads\/2026\/01\/Sofa-Catalina-diaz.jpeg 1284w\" sizes=\"(max-width: 1024px) 100vw, 1024px\" \/><\/figure>\n\n\n\n<h4 class=\"wp-block-heading\">Se vende Cama Articulada<\/h4>\n\n\n\n<p class=\"wp-block-paragraph\">Vendemos cama articulada ortop\u00e9dica de madera en buen estado. Ideal para personas con movilidad reducida. Con carro elevador. Se regala colch\u00f3n antiescaras. 600\u20ac. Montse 634958110<\/p>\n\n\n\n<figure class=\"wp-block-image size-large\"><img loading=\"lazy\" decoding=\"async\" width=\"1024\" height=\"577\" src=\"https:\/\/familiasmadridnorte.es\/wp-content\/uploads\/2025\/10\/cama-articulada-montse-silvestre-1024x577.jpg\" alt=\"\" class=\"wp-image-3104\" srcset=\"https:\/\/familiasmadridnorte.es\/wp-content\/uploads\/2025\/10\/cama-articulada-montse-silvestre-1024x577.jpg 1024w, https:\/\/familiasmadridnorte.es\/wp-content\/uploads\/2025\/10\/cama-articulada-montse-silvestre-300x169.jpg 300w, https:\/\/familiasmadridnorte.es\/wp-content\/uploads\/2025\/10\/cama-articulada-montse-silvestre-768x433.jpg 768w, https:\/\/familiasmadridnorte.es\/wp-content\/uploads\/2025\/10\/cama-articulada-montse-silvestre-1536x865.jpg 1536w, https:\/\/familiasmadridnorte.es\/wp-content\/uploads\/2025\/10\/cama-articulada-montse-silvestre-18x10.jpg 18w, https:\/\/familiasmadridnorte.es\/wp-content\/uploads\/2025\/10\/cama-articulada-montse-silvestre.jpg 1640w\" sizes=\"(max-width: 1024px) 100vw, 1024px\" \/><\/figure>\n\n\n\n<hr class=\"wp-block-separator has-alpha-channel-opacity is-style-default\"\/>\n\n\n\n<h4 class=\"wp-block-heading\">Se vende lote de ropa talla 8\/10<\/h4>\n\n\n\n<p class=\"wp-block-paragraph\">Se vende un lote de ropa de m\u00e1s 45 prendas (9 kilos) de ni\u00f1a, de la talla 8\/10 por tan s\u00f3lo 30\u20ac en Sanse. Beatriz. Tfo. 675613316<\/p>\n\n\n\n<figure class=\"wp-block-image size-large\"><img loading=\"lazy\" decoding=\"async\" width=\"1024\" height=\"577\" src=\"https:\/\/familiasmadridnorte.es\/wp-content\/uploads\/2025\/09\/ropa-venta-Beatriz-Avila-1024x577.jpg\" alt=\"\" class=\"wp-image-2815\" srcset=\"https:\/\/familiasmadridnorte.es\/wp-content\/uploads\/2025\/09\/ropa-venta-Beatriz-Avila-1024x577.jpg 1024w, https:\/\/familiasmadridnorte.es\/wp-content\/uploads\/2025\/09\/ropa-venta-Beatriz-Avila-300x169.jpg 300w, https:\/\/familiasmadridnorte.es\/wp-content\/uploads\/2025\/09\/ropa-venta-Beatriz-Avila-768x433.jpg 768w, https:\/\/familiasmadridnorte.es\/wp-content\/uploads\/2025\/09\/ropa-venta-Beatriz-Avila-1536x865.jpg 1536w, https:\/\/familiasmadridnorte.es\/wp-content\/uploads\/2025\/09\/ropa-venta-Beatriz-Avila-18x10.jpg 18w, https:\/\/familiasmadridnorte.es\/wp-content\/uploads\/2025\/09\/ropa-venta-Beatriz-Avila.jpg 1640w\" sizes=\"(max-width: 1024px) 100vw, 1024px\" \/><\/figure>\n\n\n\n<h4 class=\"wp-block-heading\">Se Vende Carro trio Rider Jane<\/h4>\n\n\n\n<p class=\"wp-block-paragraph\">VENTA de carro trio que incluye: capazo, cuco y silla de paseo con capota de lluvia y sombrilla. Tambi\u00e9n incluye saco de invierno y funda verano de algod\u00f3n transpirable para el cuco; saco de invierno para la silla de paseo y funda de verano de algod\u00f3n transpirable para la silla de paseo. Siempre usados con fundas.<\/p>\n\n\n\n<p class=\"wp-block-paragraph\">Buen estado. Siempre con funda en el manillar. Ruedas en perfecto estado, no desgastadas. Signos de uso pero sin importancia. Gancho de manillar para colgar cosas, de regalo. 120\u20ac.  Cristina. 616752613<\/p>\n\n\n\n<figure class=\"wp-block-image size-large\"><img loading=\"lazy\" decoding=\"async\" width=\"1024\" height=\"577\" src=\"https:\/\/familiasmadridnorte.es\/wp-content\/uploads\/2025\/09\/Carro-Cristina-Sabugal-1024x577.jpg\" alt=\"\" class=\"wp-image-2671\" srcset=\"https:\/\/familiasmadridnorte.es\/wp-content\/uploads\/2025\/09\/Carro-Cristina-Sabugal-1024x577.jpg 1024w, https:\/\/familiasmadridnorte.es\/wp-content\/uploads\/2025\/09\/Carro-Cristina-Sabugal-300x169.jpg 300w, https:\/\/familiasmadridnorte.es\/wp-content\/uploads\/2025\/09\/Carro-Cristina-Sabugal-768x433.jpg 768w, https:\/\/familiasmadridnorte.es\/wp-content\/uploads\/2025\/09\/Carro-Cristina-Sabugal-1536x865.jpg 1536w, https:\/\/familiasmadridnorte.es\/wp-content\/uploads\/2025\/09\/Carro-Cristina-Sabugal-18x10.jpg 18w, https:\/\/familiasmadridnorte.es\/wp-content\/uploads\/2025\/09\/Carro-Cristina-Sabugal.jpg 1640w\" sizes=\"(max-width: 1024px) 100vw, 1024px\" \/><\/figure>\n\n\n\n<hr class=\"wp-block-separator has-alpha-channel-opacity\"\/>\n\n\n\n<h2 class=\"wp-block-heading\"><\/h2>\n\n\n\n<hr class=\"wp-block-separator has-alpha-channel-opacity\"\/>","protected":false},"excerpt":{"rendered":"<p>Os recordamos que hay una familia que compra BARANDILLAS SE SEGURIDAD. Hay tambi\u00e9n un agradecimiento nuevo y alguna donaci\u00f3n. Esperamos vuestras respuestas!<\/p>","protected":false},"author":3,"featured_media":1991,"comment_status":"closed","ping_status":"open","sticky":false,"template":"","format":"standard","meta":{"footnotes":""},"categories":[31],"tags":[34,211,32,366,365],"class_list":["post-5166","post","type-post","status-publish","format-standard","has-post-thumbnail","hentry","category-entre-nosotros","tag-empleo","tag-empleo-familias-numerosas","tag-empleo-juvenil","tag-monitor","tag-ventas"],"yoast_head":"<!-- This site is optimized with the Yoast SEO plugin v27.7 - https:\/\/yoast.com\/product\/yoast-seo-wordpress\/ -->\n<title>TABL\u00d3N DE ANUNCIOS Y AVISOS - Familias Numerosas<\/title>\n<meta name=\"description\" content=\"Las familias numerosas de la zona norte de Madrid tienen muchos recursos gracias al tabl\u00f3n de anuncios de AFAN ZONA NORTE DE MADRID\" \/>\n<meta name=\"robots\" content=\"index, follow, max-snippet:-1, max-image-preview:large, max-video-preview:-1\" \/>\n<link rel=\"canonical\" href=\"https:\/\/familiasmadridnorte.es\/en\/tablon-de-anuncios-y-avisos-71\/\" \/>\n<meta property=\"og:locale\" content=\"en_GB\" \/>\n<meta property=\"og:type\" content=\"article\" \/>\n<meta property=\"og:title\" content=\"TABL\u00d3N DE ANUNCIOS Y AVISOS - Familias Numerosas\" \/>\n<meta property=\"og:description\" content=\"Las familias numerosas de la zona norte de Madrid tienen muchos recursos gracias al tabl\u00f3n de anuncios de AFAN ZONA NORTE DE MADRID\" \/>\n<meta property=\"og:url\" content=\"https:\/\/familiasmadridnorte.es\/en\/tablon-de-anuncios-y-avisos-71\/\" \/>\n<meta property=\"og:site_name\" content=\"Familias Numerosas\" \/>\n<meta property=\"article:published_time\" content=\"2026-09-04T18:36:35+00:00\" \/>\n<meta property=\"article:modified_time\" content=\"2026-09-04T18:42:41+00:00\" \/>\n<meta property=\"og:image\" content=\"http:\/\/familiasmadridnorte.es\/wp-content\/uploads\/2024\/10\/Donaciones.jpg\" \/>\n\t<meta property=\"og:image:width\" content=\"1640\" \/>\n\t<meta property=\"og:image:height\" content=\"924\" \/>\n\t<meta property=\"og:image:type\" content=\"image\/jpeg\" \/>\n<meta name=\"author\" content=\"Ana\" \/>\n<meta name=\"twitter:card\" content=\"summary_large_image\" \/>\n<meta name=\"twitter:label1\" content=\"Written by\" \/>\n\t<meta name=\"twitter:data1\" content=\"Ana\" \/>\n\t<meta name=\"twitter:label2\" content=\"Estimated reading time\" \/>\n\t<meta name=\"twitter:data2\" content=\"14 minutes\" \/>\n<script type=\"application\/ld+json\" class=\"yoast-schema-graph\">{\"@context\":\"https:\\\/\\\/schema.org\",\"@graph\":[{\"@type\":\"Article\",\"@id\":\"https:\\\/\\\/familiasmadridnorte.es\\\/tablon-de-anuncios-y-avisos-71\\\/#article\",\"isPartOf\":{\"@id\":\"https:\\\/\\\/familiasmadridnorte.es\\\/tablon-de-anuncios-y-avisos-71\\\/\"},\"author\":{\"name\":\"Ana\",\"@id\":\"https:\\\/\\\/familiasmadridnorte.es\\\/#\\\/schema\\\/person\\\/f8a16592344491533ad78d19aa1d57c5\"},\"headline\":\"TABL\u00d3N DE ANUNCIOS Y AVISOS\",\"datePublished\":\"2026-09-04T18:36:35+00:00\",\"dateModified\":\"2026-09-04T18:42:41+00:00\",\"mainEntityOfPage\":{\"@id\":\"https:\\\/\\\/familiasmadridnorte.es\\\/tablon-de-anuncios-y-avisos-71\\\/\"},\"wordCount\":2303,\"publisher\":{\"@id\":\"https:\\\/\\\/familiasmadridnorte.es\\\/#organization\"},\"image\":{\"@id\":\"https:\\\/\\\/familiasmadridnorte.es\\\/tablon-de-anuncios-y-avisos-71\\\/#primaryimage\"},\"thumbnailUrl\":\"https:\\\/\\\/familiasmadridnorte.es\\\/wp-content\\\/uploads\\\/2024\\\/10\\\/Donaciones.jpg\",\"keywords\":[\"empleo\",\"empleo familias numerosas\",\"empleo juvenil\",\"monitor\",\"ventas\"],\"articleSection\":[\"Entre Nosotros\"],\"inLanguage\":\"en-GB\"},{\"@type\":\"WebPage\",\"@id\":\"https:\\\/\\\/familiasmadridnorte.es\\\/tablon-de-anuncios-y-avisos-71\\\/\",\"url\":\"https:\\\/\\\/familiasmadridnorte.es\\\/tablon-de-anuncios-y-avisos-71\\\/\",\"name\":\"TABL\u00d3N DE ANUNCIOS Y AVISOS - Familias Numerosas\",\"isPartOf\":{\"@id\":\"https:\\\/\\\/familiasmadridnorte.es\\\/#website\"},\"primaryImageOfPage\":{\"@id\":\"https:\\\/\\\/familiasmadridnorte.es\\\/tablon-de-anuncios-y-avisos-71\\\/#primaryimage\"},\"image\":{\"@id\":\"https:\\\/\\\/familiasmadridnorte.es\\\/tablon-de-anuncios-y-avisos-71\\\/#primaryimage\"},\"thumbnailUrl\":\"https:\\\/\\\/familiasmadridnorte.es\\\/wp-content\\\/uploads\\\/2024\\\/10\\\/Donaciones.jpg\",\"datePublished\":\"2026-09-04T18:36:35+00:00\",\"dateModified\":\"2026-09-04T18:42:41+00:00\",\"description\":\"Las familias numerosas de la zona norte de Madrid tienen muchos recursos gracias al tabl\u00f3n de anuncios de AFAN ZONA NORTE DE MADRID\",\"breadcrumb\":{\"@id\":\"https:\\\/\\\/familiasmadridnorte.es\\\/tablon-de-anuncios-y-avisos-71\\\/#breadcrumb\"},\"inLanguage\":\"en-GB\",\"potentialAction\":[{\"@type\":\"ReadAction\",\"target\":[\"https:\\\/\\\/familiasmadridnorte.es\\\/tablon-de-anuncios-y-avisos-71\\\/\"]}]},{\"@type\":\"ImageObject\",\"inLanguage\":\"en-GB\",\"@id\":\"https:\\\/\\\/familiasmadridnorte.es\\\/tablon-de-anuncios-y-avisos-71\\\/#primaryimage\",\"url\":\"https:\\\/\\\/familiasmadridnorte.es\\\/wp-content\\\/uploads\\\/2024\\\/10\\\/Donaciones.jpg\",\"contentUrl\":\"https:\\\/\\\/familiasmadridnorte.es\\\/wp-content\\\/uploads\\\/2024\\\/10\\\/Donaciones.jpg\",\"width\":1640,\"height\":924,\"caption\":\"Donaciones en tabl\u00f3n de anuncios\"},{\"@type\":\"BreadcrumbList\",\"@id\":\"https:\\\/\\\/familiasmadridnorte.es\\\/tablon-de-anuncios-y-avisos-71\\\/#breadcrumb\",\"itemListElement\":[{\"@type\":\"ListItem\",\"position\":1,\"name\":\"Portada\",\"item\":\"https:\\\/\\\/familiasmadridnorte.es\\\/\"},{\"@type\":\"ListItem\",\"position\":2,\"name\":\"TABL\u00d3N DE ANUNCIOS Y AVISOS\"}]},{\"@type\":\"WebSite\",\"@id\":\"https:\\\/\\\/familiasmadridnorte.es\\\/#website\",\"url\":\"https:\\\/\\\/familiasmadridnorte.es\\\/\",\"name\":\"Familias Numerosas\",\"description\":\"La Asociaci\u00f3n de Familias Numerosas Zona Norte de Madrid (AFAN Zona Norte Madrid) lleva 20 a\u00f1os apoyando y representando a las familias numerosas, defendiendo sus derechos y destacando su valiosa aportaci\u00f3n a la sociedad.\",\"publisher\":{\"@id\":\"https:\\\/\\\/familiasmadridnorte.es\\\/#organization\"},\"potentialAction\":[{\"@type\":\"SearchAction\",\"target\":{\"@type\":\"EntryPoint\",\"urlTemplate\":\"https:\\\/\\\/familiasmadridnorte.es\\\/?s={search_term_string}\"},\"query-input\":{\"@type\":\"PropertyValueSpecification\",\"valueRequired\":true,\"valueName\":\"search_term_string\"}}],\"inLanguage\":\"en-GB\"},{\"@type\":\"Organization\",\"@id\":\"https:\\\/\\\/familiasmadridnorte.es\\\/#organization\",\"name\":\"Familias Numerosas\",\"url\":\"https:\\\/\\\/familiasmadridnorte.es\\\/\",\"logo\":{\"@type\":\"ImageObject\",\"inLanguage\":\"en-GB\",\"@id\":\"https:\\\/\\\/familiasmadridnorte.es\\\/#\\\/schema\\\/logo\\\/image\\\/\",\"url\":\"https:\\\/\\\/familiasmadridnorte.es\\\/wp-content\\\/uploads\\\/2025\\\/06\\\/Logo_AFAN-1024x724-1.png\",\"contentUrl\":\"https:\\\/\\\/familiasmadridnorte.es\\\/wp-content\\\/uploads\\\/2025\\\/06\\\/Logo_AFAN-1024x724-1.png\",\"width\":1024,\"height\":724,\"caption\":\"Familias Numerosas\"},\"image\":{\"@id\":\"https:\\\/\\\/familiasmadridnorte.es\\\/#\\\/schema\\\/logo\\\/image\\\/\"}},{\"@type\":\"Person\",\"@id\":\"https:\\\/\\\/familiasmadridnorte.es\\\/#\\\/schema\\\/person\\\/f8a16592344491533ad78d19aa1d57c5\",\"name\":\"Ana\",\"image\":{\"@type\":\"ImageObject\",\"inLanguage\":\"en-GB\",\"@id\":\"https:\\\/\\\/secure.gravatar.com\\\/avatar\\\/42d6e65fc485c2f9833f403d55ce186e8236e6d2d9b30b4bf6673c5796f5955b?s=96&d=mm&r=g\",\"url\":\"https:\\\/\\\/secure.gravatar.com\\\/avatar\\\/42d6e65fc485c2f9833f403d55ce186e8236e6d2d9b30b4bf6673c5796f5955b?s=96&d=mm&r=g\",\"contentUrl\":\"https:\\\/\\\/secure.gravatar.com\\\/avatar\\\/42d6e65fc485c2f9833f403d55ce186e8236e6d2d9b30b4bf6673c5796f5955b?s=96&d=mm&r=g\",\"caption\":\"Ana\"},\"url\":\"https:\\\/\\\/familiasmadridnorte.es\\\/en\\\/author\\\/ana\\\/\"}]}<\/script>\n<!-- \/ Yoast SEO plugin. -->","yoast_head_json":{"title":"TABL\u00d3N DE ANUNCIOS Y AVISOS - Familias Numerosas","description":"Las familias numerosas de la zona norte de Madrid tienen muchos recursos gracias al tabl\u00f3n de anuncios de AFAN ZONA NORTE DE MADRID","robots":{"index":"index","follow":"follow","max-snippet":"max-snippet:-1","max-image-preview":"max-image-preview:large","max-video-preview":"max-video-preview:-1"},"canonical":"https:\/\/familiasmadridnorte.es\/en\/tablon-de-anuncios-y-avisos-71\/","og_locale":"en_GB","og_type":"article","og_title":"TABL\u00d3N DE ANUNCIOS Y AVISOS - Familias Numerosas","og_description":"Las familias numerosas de la zona norte de Madrid tienen muchos recursos gracias al tabl\u00f3n de anuncios de AFAN ZONA NORTE DE MADRID","og_url":"https:\/\/familiasmadridnorte.es\/en\/tablon-de-anuncios-y-avisos-71\/","og_site_name":"Familias Numerosas","article_published_time":"2026-09-04T18:36:35+00:00","article_modified_time":"2026-09-04T18:42:41+00:00","og_image":[{"width":1640,"height":924,"url":"http:\/\/familiasmadridnorte.es\/wp-content\/uploads\/2024\/10\/Donaciones.jpg","type":"image\/jpeg"}],"author":"Ana","twitter_card":"summary_large_image","twitter_misc":{"Written by":"Ana","Estimated reading time":"14 minutes"},"schema":{"@context":"https:\/\/schema.org","@graph":[{"@type":"Article","@id":"https:\/\/familiasmadridnorte.es\/tablon-de-anuncios-y-avisos-71\/#article","isPartOf":{"@id":"https:\/\/familiasmadridnorte.es\/tablon-de-anuncios-y-avisos-71\/"},"author":{"name":"Ana","@id":"https:\/\/familiasmadridnorte.es\/#\/schema\/person\/f8a16592344491533ad78d19aa1d57c5"},"headline":"TABL\u00d3N DE ANUNCIOS Y AVISOS","datePublished":"2026-09-04T18:36:35+00:00","dateModified":"2026-09-04T18:42:41+00:00","mainEntityOfPage":{"@id":"https:\/\/familiasmadridnorte.es\/tablon-de-anuncios-y-avisos-71\/"},"wordCount":2303,"publisher":{"@id":"https:\/\/familiasmadridnorte.es\/#organization"},"image":{"@id":"https:\/\/familiasmadridnorte.es\/tablon-de-anuncios-y-avisos-71\/#primaryimage"},"thumbnailUrl":"https:\/\/familiasmadridnorte.es\/wp-content\/uploads\/2024\/10\/Donaciones.jpg","keywords":["empleo","empleo familias numerosas","empleo juvenil","monitor","ventas"],"articleSection":["Entre Nosotros"],"inLanguage":"en-GB"},{"@type":"WebPage","@id":"https:\/\/familiasmadridnorte.es\/tablon-de-anuncios-y-avisos-71\/","url":"https:\/\/familiasmadridnorte.es\/tablon-de-anuncios-y-avisos-71\/","name":"TABL\u00d3N DE ANUNCIOS Y AVISOS - Familias Numerosas","isPartOf":{"@id":"https:\/\/familiasmadridnorte.es\/#website"},"primaryImageOfPage":{"@id":"https:\/\/familiasmadridnorte.es\/tablon-de-anuncios-y-avisos-71\/#primaryimage"},"image":{"@id":"https:\/\/familiasmadridnorte.es\/tablon-de-anuncios-y-avisos-71\/#primaryimage"},"thumbnailUrl":"https:\/\/familiasmadridnorte.es\/wp-content\/uploads\/2024\/10\/Donaciones.jpg","datePublished":"2026-09-04T18:36:35+00:00","dateModified":"2026-09-04T18:42:41+00:00","description":"Las familias numerosas de la zona norte de Madrid tienen muchos recursos gracias al tabl\u00f3n de anuncios de AFAN ZONA NORTE DE MADRID","breadcrumb":{"@id":"https:\/\/familiasmadridnorte.es\/tablon-de-anuncios-y-avisos-71\/#breadcrumb"},"inLanguage":"en-GB","potentialAction":[{"@type":"ReadAction","target":["https:\/\/familiasmadridnorte.es\/tablon-de-anuncios-y-avisos-71\/"]}]},{"@type":"ImageObject","inLanguage":"en-GB","@id":"https:\/\/familiasmadridnorte.es\/tablon-de-anuncios-y-avisos-71\/#primaryimage","url":"https:\/\/familiasmadridnorte.es\/wp-content\/uploads\/2024\/10\/Donaciones.jpg","contentUrl":"https:\/\/familiasmadridnorte.es\/wp-content\/uploads\/2024\/10\/Donaciones.jpg","width":1640,"height":924,"caption":"Donaciones en tabl\u00f3n de anuncios"},{"@type":"BreadcrumbList","@id":"https:\/\/familiasmadridnorte.es\/tablon-de-anuncios-y-avisos-71\/#breadcrumb","itemListElement":[{"@type":"ListItem","position":1,"name":"Portada","item":"https:\/\/familiasmadridnorte.es\/"},{"@type":"ListItem","position":2,"name":"TABL\u00d3N DE ANUNCIOS Y AVISOS"}]},{"@type":"WebSite","@id":"https:\/\/familiasmadridnorte.es\/#website","url":"https:\/\/familiasmadridnorte.es\/","name":"Large Families","description":"La Asociaci\u00f3n de Familias Numerosas Zona Norte de Madrid (AFAN Zona Norte Madrid) lleva 20 a\u00f1os apoyando y representando a las familias numerosas, defendiendo sus derechos y destacando su valiosa aportaci\u00f3n a la sociedad.","publisher":{"@id":"https:\/\/familiasmadridnorte.es\/#organization"},"potentialAction":[{"@type":"SearchAction","target":{"@type":"EntryPoint","urlTemplate":"https:\/\/familiasmadridnorte.es\/?s={search_term_string}"},"query-input":{"@type":"PropertyValueSpecification","valueRequired":true,"valueName":"search_term_string"}}],"inLanguage":"en-GB"},{"@type":"Organization","@id":"https:\/\/familiasmadridnorte.es\/#organization","name":"Large Families","url":"https:\/\/familiasmadridnorte.es\/","logo":{"@type":"ImageObject","inLanguage":"en-GB","@id":"https:\/\/familiasmadridnorte.es\/#\/schema\/logo\/image\/","url":"https:\/\/familiasmadridnorte.es\/wp-content\/uploads\/2025\/06\/Logo_AFAN-1024x724-1.png","contentUrl":"https:\/\/familiasmadridnorte.es\/wp-content\/uploads\/2025\/06\/Logo_AFAN-1024x724-1.png","width":1024,"height":724,"caption":"Familias Numerosas"},"image":{"@id":"https:\/\/familiasmadridnorte.es\/#\/schema\/logo\/image\/"}},{"@type":"Person","@id":"https:\/\/familiasmadridnorte.es\/#\/schema\/person\/f8a16592344491533ad78d19aa1d57c5","name":"Ana","image":{"@type":"ImageObject","inLanguage":"en-GB","@id":"https:\/\/secure.gravatar.com\/avatar\/42d6e65fc485c2f9833f403d55ce186e8236e6d2d9b30b4bf6673c5796f5955b?s=96&d=mm&r=g","url":"https:\/\/secure.gravatar.com\/avatar\/42d6e65fc485c2f9833f403d55ce186e8236e6d2d9b30b4bf6673c5796f5955b?s=96&d=mm&r=g","contentUrl":"https:\/\/secure.gravatar.com\/avatar\/42d6e65fc485c2f9833f403d55ce186e8236e6d2d9b30b4bf6673c5796f5955b?s=96&d=mm&r=g","caption":"Ana"},"url":"https:\/\/familiasmadridnorte.es\/en\/author\/ana\/"}]}},"_links":{"self":[{"href":"https:\/\/familiasmadridnorte.es\/en\/wp-json\/wp\/v2\/posts\/5166","targetHints":{"allow":["GET"]}}],"collection":[{"href":"https:\/\/familiasmadridnorte.es\/en\/wp-json\/wp\/v2\/posts"}],"about":[{"href":"https:\/\/familiasmadridnorte.es\/en\/wp-json\/wp\/v2\/types\/post"}],"author":[{"embeddable":true,"href":"https:\/\/familiasmadridnorte.es\/en\/wp-json\/wp\/v2\/users\/3"}],"replies":[{"embeddable":true,"href":"https:\/\/familiasmadridnorte.es\/en\/wp-json\/wp\/v2\/comments?post=5166"}],"version-history":[{"count":4,"href":"https:\/\/familiasmadridnorte.es\/en\/wp-json\/wp\/v2\/posts\/5166\/revisions"}],"predecessor-version":[{"id":5176,"href":"https:\/\/familiasmadridnorte.es\/en\/wp-json\/wp\/v2\/posts\/5166\/revisions\/5176"}],"wp:featuredmedia":[{"embeddable":true,"href":"https:\/\/familiasmadridnorte.es\/en\/wp-json\/wp\/v2\/media\/1991"}],"wp:attachment":[{"href":"https:\/\/familiasmadridnorte.es\/en\/wp-json\/wp\/v2\/media?parent=5166"}],"wp:term":[{"taxonomy":"category","embeddable":true,"href":"https:\/\/familiasmadridnorte.es\/en\/wp-json\/wp\/v2\/categories?post=5166"},{"taxonomy":"post_tag","embeddable":true,"href":"https:\/\/familiasmadridnorte.es\/en\/wp-json\/wp\/v2\/tags?post=5166"}],"curies":[{"name":"wp","href":"https:\/\/api.w.org\/{rel}","templated":true}]}}