{"id":4417,"date":"2026-04-30T11:44:27","date_gmt":"2026-04-30T11:44:27","guid":{"rendered":"https:\/\/familiasmadridnorte.es\/?p=4417"},"modified":"2026-04-30T11:45:19","modified_gmt":"2026-04-30T11:45:19","slug":"becas-comedor-cam-2026-27","status":"publish","type":"post","link":"https:\/\/familiasmadridnorte.es\/en\/becas-comedor-cam-2026-27\/","title":{"rendered":"BECAS COMEDOR CAM 2026-27"},"content":{"rendered":"<h3 class=\"wp-block-heading\">ABIERTO EL PLAZO EN LA COMUNIDAD DE MADRID<\/h3>\n\n\n\n<h4 class=\"wp-block-heading\"><strong>Plazos, renovaci\u00f3n y umbrales de renta para el pr\u00f3ximo curso escolar<\/strong><\/h4>\n\n\n\n<p>La Comunidad de Madrid ha abierto el plazo para las becas de comedor escolar del curso 2026-2027. Este a\u00f1o se mantiene el beneficio para nuestro colectivo de acceder con rentas superiores al tramo general, una medida que, aunque necesaria, sigue siendo insuficiente frente a nuestras demandas hist\u00f3ricas.<\/p>\n\n\n\n<h3 class=\"wp-block-heading\"><strong>Calendario y Proceso de Renovaci\u00f3n<\/strong><\/h3>\n\n\n\n<ul class=\"wp-block-list\">\n<li><strong>Plazo de presentaci\u00f3n:<\/strong> Del 29 de abril al 28 de mayo de 2026.<\/li>\n\n\n\n<li><strong>Renovaci\u00f3n:<\/strong> Las personas beneficiarias de la beca en el curso 2025-2026 pueden solicitar la renovaci\u00f3n en lugar de una nueva solicitud, siempre que la unidad familiar no haya cambiado y sigan cumpliendo los requisitos.<\/li>\n<\/ul>\n\n\n\n<hr class=\"wp-block-separator has-alpha-channel-opacity\"\/>\n\n\n\n<p><strong>Ficha T\u00e9cnica y Consideraciones<\/strong><\/p>\n\n\n\n<div style=\"background-color: #ffffff; padding: 35px; border: 2px solid #e67e22; border-radius: 12px; box-shadow: 0px 5px 15px rgba(0,0,0,0.08); margin: 25px 0; font-family: sans-serif; color: #333333;\">\n\n  <div style=\"text-align: center; margin-bottom: 25px;\">\n    <span style=\"background-color: #e67e22; color: #ffffff; padding: 10px 25px; border-radius: 50px; font-weight: bold; font-size: 14px; text-transform: uppercase; letter-spacing: 1px;\">\n      \ud83d\udcc2 CONVOCATORIA OFICIAL 2026\/2027\n    <\/span>\n  <\/div>\n\n  <div style=\"background-color: #f9f9f9; border-left: 5px solid #e67e22; padding: 20px; margin-bottom: 25px;\">\n    <p style=\"margin: 0; font-weight: bold; color: #333; font-size: 17px;\">Requisitos de Renta (Ejercicio 2024):<\/p>\n    <ul style=\"margin: 10px 0 0 0; padding-left: 20px; line-height: 1.6;\">\n      <li><strong>Tramo General:<\/strong> Renta familiar por persona inferior a 8.400 \u20ac.<\/li>\n      <li><strong>Familias Numerosas:<\/strong> Acceso permitido para rentas inferiores a 8.400 \u20ac y <strong>tramo espec\u00edfico hasta menos de 10.000 \u20ac<\/strong>.<\/li>\n    <\/ul>\n  <\/div>\n\n  <div style=\"line-height: 1.7; font-size: 15px;\">\n    <p style=\"margin-bottom: 12px; font-weight: bold; color: #333; border-bottom: 1px solid #eee; padding-bottom: 5px;\">Datos importantes de la solicitud:<\/p>\n    <ul style=\"margin: 0; padding-left: 20px;\">\n      <li style=\"margin-bottom: 8px;\">\u270d\ufe0f <strong>Firma obligatoria:<\/strong> Deben firmar todos los progenitores\/tutores y <strong>todos los mayores de 18 a\u00f1os<\/strong> incluidos en la solicitud.<\/li>\n      <li style=\"margin-bottom: 8px;\">\ud83d\udc68\u200d\ud83d\udc69\u200d\ud83d\udc67\u200d\ud83d\udc66 <strong>Varios hermanos:<\/strong> Puedes solicitar becas para varios hermanos en una <strong>\u00fanica solicitud<\/strong>.<\/li>\n      <li style=\"margin-bottom: 8px;\">\ud83e\udd30 <strong>Hijos no nacidos:<\/strong> Computan como miembros aportando el certificado de <strong>fecha probable de parto<\/strong>.<\/li>\n      <li style=\"margin-bottom: 8px;\">\ud83d\udcde <strong>Comunicaci\u00f3n:<\/strong> Al dar tu m\u00f3vil\/email, autorizas a que te informen sobre el estado de la ayuda.<\/li>\n      <li style=\"margin-bottom: 8px;\">\ud83d\udcca <strong>C\u00e1lculo de renta:<\/strong> Al completar los datos, declaras el n\u00famero de personas para calcular la renta per c\u00e1pita.<\/li>\n    <\/ul>\n  <\/div>\n\n  <div style=\"text-align: center; margin-top: 30px;\">\n    <a href=\"https:\/\/sede.comunidad.madrid\/ayudas-becas-subvenciones\/becas-comedor-escolar-2026-2027\" target=\"_blank\" style=\"background-color: #e67e22; color: #ffffff; padding: 15px 30px; border-radius: 5px; text-decoration: none; font-weight: bold; display: inline-block;\">\n      \ud83d\udda5\ufe0f Tramitar en Sede Electr\u00f3nica\n    <\/a>\n  <\/div>\n\n<\/div>\n\n\n\n<h3 class=\"wp-block-heading\"><strong>Nuestra Trayectoria: Un cupo justo para nuestro colectivo<\/strong><\/h3>\n\n\n\n<p>Desde las asociaciones de Familias Numerosas de la CAM, el trabajo para lograr un acceso justo a las becas de comedor ha sido constante. Nuestra labor siempre ha sido trasladar a la administraci\u00f3n la importancia de incluir a las familias numerosas como <strong>colectivo de protecci\u00f3n especial<\/strong> y garantizar el acceso de una forma equilibrada.<\/p>\n\n\n\n<p>Resumen de las acciones que hemos llevado a cabo juntos:<\/p>\n\n\n\n<ul class=\"wp-block-list\">\n<li><strong>Incumplimiento de promesas:<\/strong> Analizamos y denunciamos cuando la administraci\u00f3n no tuvo en cuenta la protecci\u00f3n especial en convocatorias pasadas. <a href=\"https:\/\/familiasmadridnorte.es\/en\/becas-comedor-4\/\" target=\"_blank\" rel=\"noreferrer noopener\">Ver an\u00e1lisis hist\u00f3rico<\/a>.<\/li>\n\n\n\n<li><strong>Sistema de renta injusto:<\/strong> Trasladamos a la Consejer\u00eda que el gasto en alimentaci\u00f3n no es lineal, sino exponencial al sumar hijos, haciendo el sistema actual ineficaz para nosotros. <a href=\"https:\/\/familiasmadridnorte.es\/en\/comunicado-fedma-sobre-becas-comedor\/\" target=\"_blank\" rel=\"noreferrer noopener\">Ver comunicado<\/a>.<\/li>\n\n\n\n<li><strong>Movilizaci\u00f3n y recogida de firmas:<\/strong> Llevamos a cabo una <a href=\"https:\/\/familiasmadridnorte.es\/en\/recogida-firmas-para-becas-de-comedor-2025\/\" target=\"_blank\" rel=\"noreferrer noopener\">recogida de firmas masiva<\/a> exigiendo el reconocimiento de nuestra aportaci\u00f3n social y un enfoque no asistencial.<\/li>\n\n\n\n<li><strong>Acci\u00f3n directa de las familias:<\/strong> Impulsamos una campa\u00f1a de env\u00edo de cartas individuales a la Consejer\u00eda de Educaci\u00f3n para que la administraci\u00f3n escuchara directamente a los afectados. <a href=\"https:\/\/familiasmadridnorte.es\/en\/quieres-becas-de-comedor-para-familias-numerosas\/\" target=\"_blank\" rel=\"noreferrer noopener\">Consulta los detalles de esta iniciativa<\/a>.<\/li>\n<\/ul>\n\n\n\n<p><strong>Seguimos trabajando para que el futuro de las becas reconozca nuestra realidad.<\/strong><\/p>\n\n\n\n<p><\/p>","protected":false},"excerpt":{"rendered":"<p>Plazo abierto becas comedor (29 abril-28 mayo). Toda la info sobre renta para familias numerosas, renovaci\u00f3n y nuestra trayectoria de reivindicaci\u00f3n.<\/p>","protected":false},"author":3,"featured_media":4427,"comment_status":"closed","ping_status":"open","sticky":false,"template":"","format":"standard","meta":{"footnotes":""},"categories":[45],"tags":[33,41,498,62,37,25,36],"class_list":["post-4417","post","type-post","status-publish","format-standard","has-post-thumbnail","hentry","category-noticias","tag-ayudas-familias-numerosas","tag-becas","tag-becas-cam","tag-comunidad-de-madrid","tag-familia-numerosa","tag-familias-numerosas","tag-titulo-de-familia-numerosa"],"yoast_head":"<!-- This site is optimized with the Yoast SEO plugin v26.7 - https:\/\/yoast.com\/wordpress\/plugins\/seo\/ -->\n<title>BECAS COMEDOR CAM 2026-27 - Familias Numerosas<\/title>\n<meta name=\"description\" content=\"Plazo abierto becas comedor Comunidad de Madrid curso 2026-2027 (29 abril-28 mayo). Toda la info que las familias numerosas necesitan\" \/>\n<meta name=\"robots\" content=\"index, follow, max-snippet:-1, max-image-preview:large, max-video-preview:-1\" \/>\n<link rel=\"canonical\" href=\"https:\/\/familiasmadridnorte.es\/en\/becas-comedor-cam-2026-27\/\" \/>\n<meta property=\"og:locale\" content=\"en_GB\" \/>\n<meta property=\"og:type\" content=\"article\" \/>\n<meta property=\"og:title\" content=\"BECAS COMEDOR CAM 2026-27 - Familias Numerosas\" \/>\n<meta property=\"og:description\" content=\"Plazo abierto becas comedor Comunidad de Madrid curso 2026-2027 (29 abril-28 mayo). Toda la info que las familias numerosas necesitan\" \/>\n<meta property=\"og:url\" content=\"https:\/\/familiasmadridnorte.es\/en\/becas-comedor-cam-2026-27\/\" \/>\n<meta property=\"og:site_name\" content=\"Familias Numerosas\" \/>\n<meta property=\"article:published_time\" content=\"2026-04-30T11:44:27+00:00\" \/>\n<meta property=\"article:modified_time\" content=\"2026-04-30T11:45:19+00:00\" \/>\n<meta property=\"og:image\" content=\"http:\/\/familiasmadridnorte.es\/wp-content\/uploads\/2026\/04\/DESCUENTO-PROMO-VIPS-3.jpg\" \/>\n\t<meta property=\"og:image:width\" content=\"900\" \/>\n\t<meta property=\"og:image:height\" content=\"600\" \/>\n\t<meta property=\"og:image:type\" content=\"image\/jpeg\" \/>\n<meta name=\"author\" content=\"Ana\" \/>\n<meta name=\"twitter:card\" content=\"summary_large_image\" \/>\n<meta name=\"twitter:label1\" content=\"Written by\" \/>\n\t<meta name=\"twitter:data1\" content=\"Ana\" \/>\n\t<meta name=\"twitter:label2\" content=\"Estimated reading time\" \/>\n\t<meta name=\"twitter:data2\" content=\"3 minutes\" \/>\n<script type=\"application\/ld+json\" class=\"yoast-schema-graph\">{\"@context\":\"https:\/\/schema.org\",\"@graph\":[{\"@type\":\"Article\",\"@id\":\"https:\/\/familiasmadridnorte.es\/becas-comedor-cam-2026-27\/#article\",\"isPartOf\":{\"@id\":\"https:\/\/familiasmadridnorte.es\/becas-comedor-cam-2026-27\/\"},\"author\":{\"name\":\"Ana\",\"@id\":\"https:\/\/familiasmadridnorte.es\/#\/schema\/person\/f8a16592344491533ad78d19aa1d57c5\"},\"headline\":\"BECAS COMEDOR CAM 2026-27\",\"datePublished\":\"2026-04-30T11:44:27+00:00\",\"dateModified\":\"2026-04-30T11:45:19+00:00\",\"mainEntityOfPage\":{\"@id\":\"https:\/\/familiasmadridnorte.es\/becas-comedor-cam-2026-27\/\"},\"wordCount\":466,\"publisher\":{\"@id\":\"https:\/\/familiasmadridnorte.es\/#organization\"},\"image\":{\"@id\":\"https:\/\/familiasmadridnorte.es\/becas-comedor-cam-2026-27\/#primaryimage\"},\"thumbnailUrl\":\"https:\/\/familiasmadridnorte.es\/wp-content\/uploads\/2026\/04\/DESCUENTO-PROMO-VIPS-3.jpg\",\"keywords\":[\"ayudas familias numerosas\",\"becas\",\"becas cam\",\"comunidad de Madrid\",\"familia numerosa\",\"familias numerosas\",\"titulo de familia numerosa\"],\"articleSection\":[\"noticias\"],\"inLanguage\":\"en-GB\"},{\"@type\":\"WebPage\",\"@id\":\"https:\/\/familiasmadridnorte.es\/becas-comedor-cam-2026-27\/\",\"url\":\"https:\/\/familiasmadridnorte.es\/becas-comedor-cam-2026-27\/\",\"name\":\"BECAS COMEDOR CAM 2026-27 - Familias Numerosas\",\"isPartOf\":{\"@id\":\"https:\/\/familiasmadridnorte.es\/#website\"},\"primaryImageOfPage\":{\"@id\":\"https:\/\/familiasmadridnorte.es\/becas-comedor-cam-2026-27\/#primaryimage\"},\"image\":{\"@id\":\"https:\/\/familiasmadridnorte.es\/becas-comedor-cam-2026-27\/#primaryimage\"},\"thumbnailUrl\":\"https:\/\/familiasmadridnorte.es\/wp-content\/uploads\/2026\/04\/DESCUENTO-PROMO-VIPS-3.jpg\",\"datePublished\":\"2026-04-30T11:44:27+00:00\",\"dateModified\":\"2026-04-30T11:45:19+00:00\",\"description\":\"Plazo abierto becas comedor Comunidad de Madrid curso 2026-2027 (29 abril-28 mayo). Toda la info que las familias numerosas necesitan\",\"breadcrumb\":{\"@id\":\"https:\/\/familiasmadridnorte.es\/becas-comedor-cam-2026-27\/#breadcrumb\"},\"inLanguage\":\"en-GB\",\"potentialAction\":[{\"@type\":\"ReadAction\",\"target\":[\"https:\/\/familiasmadridnorte.es\/becas-comedor-cam-2026-27\/\"]}]},{\"@type\":\"ImageObject\",\"inLanguage\":\"en-GB\",\"@id\":\"https:\/\/familiasmadridnorte.es\/becas-comedor-cam-2026-27\/#primaryimage\",\"url\":\"https:\/\/familiasmadridnorte.es\/wp-content\/uploads\/2026\/04\/DESCUENTO-PROMO-VIPS-3.jpg\",\"contentUrl\":\"https:\/\/familiasmadridnorte.es\/wp-content\/uploads\/2026\/04\/DESCUENTO-PROMO-VIPS-3.jpg\",\"width\":900,\"height\":600,\"caption\":\"becas comedor escolar CAM 2026-2027\"},{\"@type\":\"BreadcrumbList\",\"@id\":\"https:\/\/familiasmadridnorte.es\/becas-comedor-cam-2026-27\/#breadcrumb\",\"itemListElement\":[{\"@type\":\"ListItem\",\"position\":1,\"name\":\"Portada\",\"item\":\"https:\/\/familiasmadridnorte.es\/\"},{\"@type\":\"ListItem\",\"position\":2,\"name\":\"BECAS COMEDOR CAM 2026-27\"}]},{\"@type\":\"WebSite\",\"@id\":\"https:\/\/familiasmadridnorte.es\/#website\",\"url\":\"https:\/\/familiasmadridnorte.es\/\",\"name\":\"Familias Numerosas\",\"description\":\"La Asociaci\u00f3n de Familias Numerosas Zona Norte de Madrid (AFAN Zona Norte Madrid) lleva 20 a\u00f1os apoyando y representando a las familias numerosas, defendiendo sus derechos y destacando su valiosa aportaci\u00f3n a la sociedad.\",\"publisher\":{\"@id\":\"https:\/\/familiasmadridnorte.es\/#organization\"},\"potentialAction\":[{\"@type\":\"SearchAction\",\"target\":{\"@type\":\"EntryPoint\",\"urlTemplate\":\"https:\/\/familiasmadridnorte.es\/?s={search_term_string}\"},\"query-input\":{\"@type\":\"PropertyValueSpecification\",\"valueRequired\":true,\"valueName\":\"search_term_string\"}}],\"inLanguage\":\"en-GB\"},{\"@type\":\"Organization\",\"@id\":\"https:\/\/familiasmadridnorte.es\/#organization\",\"name\":\"Familias Numerosas\",\"url\":\"https:\/\/familiasmadridnorte.es\/\",\"logo\":{\"@type\":\"ImageObject\",\"inLanguage\":\"en-GB\",\"@id\":\"https:\/\/familiasmadridnorte.es\/#\/schema\/logo\/image\/\",\"url\":\"https:\/\/familiasmadridnorte.es\/wp-content\/uploads\/2025\/06\/Logo_AFAN-1024x724-1.png\",\"contentUrl\":\"https:\/\/familiasmadridnorte.es\/wp-content\/uploads\/2025\/06\/Logo_AFAN-1024x724-1.png\",\"width\":1024,\"height\":724,\"caption\":\"Familias Numerosas\"},\"image\":{\"@id\":\"https:\/\/familiasmadridnorte.es\/#\/schema\/logo\/image\/\"}},{\"@type\":\"Person\",\"@id\":\"https:\/\/familiasmadridnorte.es\/#\/schema\/person\/f8a16592344491533ad78d19aa1d57c5\",\"name\":\"Ana\",\"image\":{\"@type\":\"ImageObject\",\"inLanguage\":\"en-GB\",\"@id\":\"https:\/\/familiasmadridnorte.es\/#\/schema\/person\/image\/\",\"url\":\"https:\/\/secure.gravatar.com\/avatar\/42d6e65fc485c2f9833f403d55ce186e8236e6d2d9b30b4bf6673c5796f5955b?s=96&d=mm&r=g\",\"contentUrl\":\"https:\/\/secure.gravatar.com\/avatar\/42d6e65fc485c2f9833f403d55ce186e8236e6d2d9b30b4bf6673c5796f5955b?s=96&d=mm&r=g\",\"caption\":\"Ana\"},\"url\":\"https:\/\/familiasmadridnorte.es\/en\/author\/ana\/\"}]}<\/script>\n<!-- \/ Yoast SEO plugin. -->","yoast_head_json":{"title":"BECAS COMEDOR CAM 2026-27 - Familias Numerosas","description":"Plazo abierto becas comedor Comunidad de Madrid curso 2026-2027 (29 abril-28 mayo). Toda la info que las familias numerosas necesitan","robots":{"index":"index","follow":"follow","max-snippet":"max-snippet:-1","max-image-preview":"max-image-preview:large","max-video-preview":"max-video-preview:-1"},"canonical":"https:\/\/familiasmadridnorte.es\/en\/becas-comedor-cam-2026-27\/","og_locale":"en_GB","og_type":"article","og_title":"BECAS COMEDOR CAM 2026-27 - Familias Numerosas","og_description":"Plazo abierto becas comedor Comunidad de Madrid curso 2026-2027 (29 abril-28 mayo). Toda la info que las familias numerosas necesitan","og_url":"https:\/\/familiasmadridnorte.es\/en\/becas-comedor-cam-2026-27\/","og_site_name":"Familias Numerosas","article_published_time":"2026-04-30T11:44:27+00:00","article_modified_time":"2026-04-30T11:45:19+00:00","og_image":[{"width":900,"height":600,"url":"http:\/\/familiasmadridnorte.es\/wp-content\/uploads\/2026\/04\/DESCUENTO-PROMO-VIPS-3.jpg","type":"image\/jpeg"}],"author":"Ana","twitter_card":"summary_large_image","twitter_misc":{"Written by":"Ana","Estimated reading time":"3 minutes"},"schema":{"@context":"https:\/\/schema.org","@graph":[{"@type":"Article","@id":"https:\/\/familiasmadridnorte.es\/becas-comedor-cam-2026-27\/#article","isPartOf":{"@id":"https:\/\/familiasmadridnorte.es\/becas-comedor-cam-2026-27\/"},"author":{"name":"Ana","@id":"https:\/\/familiasmadridnorte.es\/#\/schema\/person\/f8a16592344491533ad78d19aa1d57c5"},"headline":"BECAS COMEDOR CAM 2026-27","datePublished":"2026-04-30T11:44:27+00:00","dateModified":"2026-04-30T11:45:19+00:00","mainEntityOfPage":{"@id":"https:\/\/familiasmadridnorte.es\/becas-comedor-cam-2026-27\/"},"wordCount":466,"publisher":{"@id":"https:\/\/familiasmadridnorte.es\/#organization"},"image":{"@id":"https:\/\/familiasmadridnorte.es\/becas-comedor-cam-2026-27\/#primaryimage"},"thumbnailUrl":"https:\/\/familiasmadridnorte.es\/wp-content\/uploads\/2026\/04\/DESCUENTO-PROMO-VIPS-3.jpg","keywords":["ayudas familias numerosas","becas","becas cam","comunidad de Madrid","familia numerosa","familias numerosas","titulo de familia numerosa"],"articleSection":["noticias"],"inLanguage":"en-GB"},{"@type":"WebPage","@id":"https:\/\/familiasmadridnorte.es\/becas-comedor-cam-2026-27\/","url":"https:\/\/familiasmadridnorte.es\/becas-comedor-cam-2026-27\/","name":"BECAS COMEDOR CAM 2026-27 - Familias Numerosas","isPartOf":{"@id":"https:\/\/familiasmadridnorte.es\/#website"},"primaryImageOfPage":{"@id":"https:\/\/familiasmadridnorte.es\/becas-comedor-cam-2026-27\/#primaryimage"},"image":{"@id":"https:\/\/familiasmadridnorte.es\/becas-comedor-cam-2026-27\/#primaryimage"},"thumbnailUrl":"https:\/\/familiasmadridnorte.es\/wp-content\/uploads\/2026\/04\/DESCUENTO-PROMO-VIPS-3.jpg","datePublished":"2026-04-30T11:44:27+00:00","dateModified":"2026-04-30T11:45:19+00:00","description":"Plazo abierto becas comedor Comunidad de Madrid curso 2026-2027 (29 abril-28 mayo). Toda la info que las familias numerosas necesitan","breadcrumb":{"@id":"https:\/\/familiasmadridnorte.es\/becas-comedor-cam-2026-27\/#breadcrumb"},"inLanguage":"en-GB","potentialAction":[{"@type":"ReadAction","target":["https:\/\/familiasmadridnorte.es\/becas-comedor-cam-2026-27\/"]}]},{"@type":"ImageObject","inLanguage":"en-GB","@id":"https:\/\/familiasmadridnorte.es\/becas-comedor-cam-2026-27\/#primaryimage","url":"https:\/\/familiasmadridnorte.es\/wp-content\/uploads\/2026\/04\/DESCUENTO-PROMO-VIPS-3.jpg","contentUrl":"https:\/\/familiasmadridnorte.es\/wp-content\/uploads\/2026\/04\/DESCUENTO-PROMO-VIPS-3.jpg","width":900,"height":600,"caption":"becas comedor escolar CAM 2026-2027"},{"@type":"BreadcrumbList","@id":"https:\/\/familiasmadridnorte.es\/becas-comedor-cam-2026-27\/#breadcrumb","itemListElement":[{"@type":"ListItem","position":1,"name":"Portada","item":"https:\/\/familiasmadridnorte.es\/"},{"@type":"ListItem","position":2,"name":"BECAS COMEDOR CAM 2026-27"}]},{"@type":"WebSite","@id":"https:\/\/familiasmadridnorte.es\/#website","url":"https:\/\/familiasmadridnorte.es\/","name":"Large Families","description":"La Asociaci\u00f3n de Familias Numerosas Zona Norte de Madrid (AFAN Zona Norte Madrid) lleva 20 a\u00f1os apoyando y representando a las familias numerosas, defendiendo sus derechos y destacando su valiosa aportaci\u00f3n a la sociedad.","publisher":{"@id":"https:\/\/familiasmadridnorte.es\/#organization"},"potentialAction":[{"@type":"SearchAction","target":{"@type":"EntryPoint","urlTemplate":"https:\/\/familiasmadridnorte.es\/?s={search_term_string}"},"query-input":{"@type":"PropertyValueSpecification","valueRequired":true,"valueName":"search_term_string"}}],"inLanguage":"en-GB"},{"@type":"Organization","@id":"https:\/\/familiasmadridnorte.es\/#organization","name":"Large Families","url":"https:\/\/familiasmadridnorte.es\/","logo":{"@type":"ImageObject","inLanguage":"en-GB","@id":"https:\/\/familiasmadridnorte.es\/#\/schema\/logo\/image\/","url":"https:\/\/familiasmadridnorte.es\/wp-content\/uploads\/2025\/06\/Logo_AFAN-1024x724-1.png","contentUrl":"https:\/\/familiasmadridnorte.es\/wp-content\/uploads\/2025\/06\/Logo_AFAN-1024x724-1.png","width":1024,"height":724,"caption":"Familias Numerosas"},"image":{"@id":"https:\/\/familiasmadridnorte.es\/#\/schema\/logo\/image\/"}},{"@type":"Person","@id":"https:\/\/familiasmadridnorte.es\/#\/schema\/person\/f8a16592344491533ad78d19aa1d57c5","name":"Ana","image":{"@type":"ImageObject","inLanguage":"en-GB","@id":"https:\/\/familiasmadridnorte.es\/#\/schema\/person\/image\/","url":"https:\/\/secure.gravatar.com\/avatar\/42d6e65fc485c2f9833f403d55ce186e8236e6d2d9b30b4bf6673c5796f5955b?s=96&d=mm&r=g","contentUrl":"https:\/\/secure.gravatar.com\/avatar\/42d6e65fc485c2f9833f403d55ce186e8236e6d2d9b30b4bf6673c5796f5955b?s=96&d=mm&r=g","caption":"Ana"},"url":"https:\/\/familiasmadridnorte.es\/en\/author\/ana\/"}]}},"_links":{"self":[{"href":"https:\/\/familiasmadridnorte.es\/en\/wp-json\/wp\/v2\/posts\/4417","targetHints":{"allow":["GET"]}}],"collection":[{"href":"https:\/\/familiasmadridnorte.es\/en\/wp-json\/wp\/v2\/posts"}],"about":[{"href":"https:\/\/familiasmadridnorte.es\/en\/wp-json\/wp\/v2\/types\/post"}],"author":[{"embeddable":true,"href":"https:\/\/familiasmadridnorte.es\/en\/wp-json\/wp\/v2\/users\/3"}],"replies":[{"embeddable":true,"href":"https:\/\/familiasmadridnorte.es\/en\/wp-json\/wp\/v2\/comments?post=4417"}],"version-history":[{"count":8,"href":"https:\/\/familiasmadridnorte.es\/en\/wp-json\/wp\/v2\/posts\/4417\/revisions"}],"predecessor-version":[{"id":4428,"href":"https:\/\/familiasmadridnorte.es\/en\/wp-json\/wp\/v2\/posts\/4417\/revisions\/4428"}],"wp:featuredmedia":[{"embeddable":true,"href":"https:\/\/familiasmadridnorte.es\/en\/wp-json\/wp\/v2\/media\/4427"}],"wp:attachment":[{"href":"https:\/\/familiasmadridnorte.es\/en\/wp-json\/wp\/v2\/media?parent=4417"}],"wp:term":[{"taxonomy":"category","embeddable":true,"href":"https:\/\/familiasmadridnorte.es\/en\/wp-json\/wp\/v2\/categories?post=4417"},{"taxonomy":"post_tag","embeddable":true,"href":"https:\/\/familiasmadridnorte.es\/en\/wp-json\/wp\/v2\/tags?post=4417"}],"curies":[{"name":"wp","href":"https:\/\/api.w.org\/{rel}","templated":true}]}}