{"id":4184,"date":"2026-03-18T20:00:46","date_gmt":"2026-03-18T20:00:46","guid":{"rendered":"https:\/\/familiasmadridnorte.es\/?p=4184"},"modified":"2026-03-20T17:41:21","modified_gmt":"2026-03-20T17:41:21","slug":"dia-del-padre-2026","status":"publish","type":"post","link":"https:\/\/familiasmadridnorte.es\/en\/dia-del-padre-2026\/","title":{"rendered":"D\u00cdA DEL PADRE: HOMENAJE A SU APORTACI\u00d3N"},"content":{"rendered":"<h3 class=\"wp-block-heading\">En un contexto de baja natalidad y envejecimiento, conviene preguntarse cu\u00e1nto aporta realmente una familia a la sociedad.<\/h3>\n\n\n\n<p>Cada D\u00eda del Padre abundan los mensajes sentimentales, los homenajes y las palabras bonitas. Pero hay una verdad mucho menos celebrada y bastante m\u00e1s importante: <strong>sacar adelante a un hijo no solo sostiene una familia; sostiene tambi\u00e9n a la sociedad entera.<\/strong><\/p>\n\n\n\n<p>La propia Ley 40\/2003, de Protecci\u00f3n a las Familias Numerosas, parte de esa idea cuando recuerda que la familia es \u201cn\u00facleo fundamental de la sociedad\u201d y que desempe\u00f1a m\u00faltiples funciones sociales que justifican una protecci\u00f3n espec\u00edfica.<\/p>\n\n\n\n<p>Durante a\u00f1os, el debate p\u00fablico ha tendido a mirar a las familias \u2014y especialmente a las numerosas\u2014 <strong>desde la \u00f3ptica del coste:<\/strong> ayudas, bonificaciones, deducciones o beneficios. Pero casi nunca se formula la pregunta contraria:<\/p>\n\n\n\n<h3 class=\"wp-block-heading\"> <strong>\u00bfCu\u00e1nto devuelve a la sociedad cada hijo que una familia cr\u00eda, educa y acompa\u00f1a hasta la vida adulta?<\/strong><\/h3>\n\n\n\n<p>Responder a esa pregunta con exactitud absoluta no es posible, porque no existe una cifra universal aplicable a todos los casos. Depender\u00e1 del salario futuro de cada hijo, de su continuidad laboral, de su base de cotizaci\u00f3n y de la duraci\u00f3n real de su carrera profesional. Pero s\u00ed es posible construir una estimaci\u00f3n t\u00e9cnica orientativa, suficiente para cambiar el marco del debate.<\/p>\n\n\n\n<p>La \u00faltima cifra anual homog\u00e9nea disponible del INE sit\u00faa la ganancia media anual por trabajador en 28.049,94 euros en 2023. Es el \u00faltimo dato definitivo comparable publicado por la Encuesta Anual de Estructura Salarial. Aplicado al salario medio anual del INE, ese porcentaje supone una cotizaci\u00f3n aproximada de 10.392,50 euros al a\u00f1o por trabajador.<\/p>\n\n\n\n<figure class=\"wp-block-image size-large\"><img fetchpriority=\"high\" decoding=\"async\" width=\"1024\" height=\"576\" src=\"https:\/\/familiasmadridnorte.es\/wp-content\/uploads\/2026\/03\/dia-del-padre-2026.2-1024x576.png\" alt=\"\" class=\"wp-image-4189\" srcset=\"https:\/\/familiasmadridnorte.es\/wp-content\/uploads\/2026\/03\/dia-del-padre-2026.2-1024x576.png 1024w, https:\/\/familiasmadridnorte.es\/wp-content\/uploads\/2026\/03\/dia-del-padre-2026.2-300x169.png 300w, https:\/\/familiasmadridnorte.es\/wp-content\/uploads\/2026\/03\/dia-del-padre-2026.2-768x432.png 768w, https:\/\/familiasmadridnorte.es\/wp-content\/uploads\/2026\/03\/dia-del-padre-2026.2-1536x864.png 1536w, https:\/\/familiasmadridnorte.es\/wp-content\/uploads\/2026\/03\/dia-del-padre-2026.2-18x10.png 18w, https:\/\/familiasmadridnorte.es\/wp-content\/uploads\/2026\/03\/dia-del-padre-2026.2.png 1920w\" sizes=\"(max-width: 1024px) 100vw, 1024px\" \/><\/figure>\n\n\n\n<p>Traducido a la realidad de una familia numerosa, la magnitud cambia por completo la conversaci\u00f3n. <\/p>\n\n\n\n<ul class=\"wp-block-list\">\n<li>Una familia con tres hijos estar\u00eda generando potencialmente 1.192.539,69 euros en futuras cotizaciones sociales<\/li>\n\n\n\n<li>Una familia con tres hijos estar\u00eda generando potencialmente 1.590.052,92 euros<\/li>\n\n\n\n<li>Una familia con tres hijos estar\u00eda generando potencialmente  1.987.566,15 euros.<\/li>\n<\/ul>\n\n\n\n<h3 class=\"wp-block-heading\">Criar Hijos en una Inversi\u00f3n Social de primer orden<\/h3>\n\n\n\n<p>Por eso conviene decirlo con claridad: <strong>criar hijos no es solo una decisi\u00f3n privada ni una carga exclusivamente dom\u00e9stica<\/strong>. Es tambi\u00e9n una inversi\u00f3n social de primer orden, asumida en gran medida por las familias y <strong>muy especialmente por aquellas que tienen m\u00e1s hijos.<\/strong><\/p>\n\n\n\n<p>Resulta llamativo que, en un pa\u00eds preocupado por la sostenibilidad futura del sistema de pensiones, por la falta de relevo generacional y por la ca\u00edda de la natalidad, siga predominando una visi\u00f3n de la familia centrada casi exclusivamente en lo que recibe, y no en lo que aporta. Las familias numerosas no son una anomal\u00eda a compensar m\u00ednimamente, <strong>sino una realidad que est\u00e1 sosteniendo una parte esencial del futuro econ\u00f3mico y social del pa\u00eds.<\/strong><\/p>\n\n\n\n<figure class=\"wp-block-image size-large\"><img decoding=\"async\" width=\"1024\" height=\"576\" src=\"https:\/\/familiasmadridnorte.es\/wp-content\/uploads\/2026\/03\/cambio-pensamiento-dia-del-padre-2026--1024x576.png\" alt=\"\" class=\"wp-image-4187\" srcset=\"https:\/\/familiasmadridnorte.es\/wp-content\/uploads\/2026\/03\/cambio-pensamiento-dia-del-padre-2026--1024x576.png 1024w, https:\/\/familiasmadridnorte.es\/wp-content\/uploads\/2026\/03\/cambio-pensamiento-dia-del-padre-2026--300x169.png 300w, https:\/\/familiasmadridnorte.es\/wp-content\/uploads\/2026\/03\/cambio-pensamiento-dia-del-padre-2026--768x432.png 768w, https:\/\/familiasmadridnorte.es\/wp-content\/uploads\/2026\/03\/cambio-pensamiento-dia-del-padre-2026--1536x864.png 1536w, https:\/\/familiasmadridnorte.es\/wp-content\/uploads\/2026\/03\/cambio-pensamiento-dia-del-padre-2026--18x10.png 18w, https:\/\/familiasmadridnorte.es\/wp-content\/uploads\/2026\/03\/cambio-pensamiento-dia-del-padre-2026-.png 1920w\" sizes=\"(max-width: 1024px) 100vw, 1024px\" \/><\/figure>\n\n\n\n<p>Desde esta perspectiva, las medidas de apoyo a las familias numerosas no deber\u00edan presentarse como privilegios ni como concesiones graciables. Son, en todo caso, instrumentos correctores modestos frente a una aportaci\u00f3n mucho mayor, asumida durante a\u00f1os por las propias familias mediante tiempo, cuidados, organizaci\u00f3n, esfuerzo econ\u00f3mico y renuncias personales.<\/p>\n\n\n\n<p>Quiz\u00e1 este D\u00eda del Padre convenga recordar precisamente eso: que <strong>detr\u00e1s de cada padre \u2014y de cada madre\u2014 que sostiene una familia, hay tambi\u00e9n una tarea silenciosa que beneficia al conjunto del pa\u00eds.<\/strong> Porque cada hijo no representa solo una historia personal o familiar. Representa tambi\u00e9n un futuro trabajador, cotizante, contribuyente y ciudadano.<\/p>\n\n\n\n<p>Y si una sola persona puede aportar a lo largo de su vida laboral cerca de 400.000 euros en cotizaciones sociales, <strong>una familia numerosa no deber\u00eda ser observada como un coste.<\/strong> <strong>Deber\u00eda ser reconocida, tambi\u00e9n en t\u00e9rminos econ\u00f3micos, como una de las aportaciones m\u00e1s s\u00f3lidas y menos visibilizadas al bien com\u00fan.<\/strong><\/p>\n\n\n\n<h3 class=\"wp-block-heading\">Los Datos nos dan la raz\u00f3n<\/h3>\n\n\n\n<figure class=\"wp-block-image size-large\"><img decoding=\"async\" width=\"1024\" height=\"576\" src=\"https:\/\/familiasmadridnorte.es\/wp-content\/uploads\/2026\/03\/dia-del-padre-2026.3-1024x576.png\" alt=\"\" class=\"wp-image-4191\" srcset=\"https:\/\/familiasmadridnorte.es\/wp-content\/uploads\/2026\/03\/dia-del-padre-2026.3-1024x576.png 1024w, https:\/\/familiasmadridnorte.es\/wp-content\/uploads\/2026\/03\/dia-del-padre-2026.3-300x169.png 300w, https:\/\/familiasmadridnorte.es\/wp-content\/uploads\/2026\/03\/dia-del-padre-2026.3-768x432.png 768w, https:\/\/familiasmadridnorte.es\/wp-content\/uploads\/2026\/03\/dia-del-padre-2026.3-1536x864.png 1536w, https:\/\/familiasmadridnorte.es\/wp-content\/uploads\/2026\/03\/dia-del-padre-2026.3-18x10.png 18w, https:\/\/familiasmadridnorte.es\/wp-content\/uploads\/2026\/03\/dia-del-padre-2026.3.png 1920w\" sizes=\"(max-width: 1024px) 100vw, 1024px\" \/><\/figure>\n\n\n\n<p>Queremos explicaros los datos, de forma objetiva, para que ve\u00e1is la naturaleza de nuestro valor y os sirva de referencia o argumento para aquellos que nos identifican como una carga, como unos \u00abaprovechados\u00bb del sistema:<\/p>\n\n\n\n<p>Si a la referencia salarial del INE, se le aplican los principales tipos de cotizaci\u00f3n del R\u00e9gimen General vigentes en 2025 para un contrato indefinido ordinario, el resultado es el siguiente: 28,30 % por contingencias comunes, 7,05 % por desempleo, 0,20 % por FOGASA, 0,70 % por formaci\u00f3n profesional y 0,80 % por el Mecanismo de Equidad Intergeneracional. Sumados, esos conceptos arrojan un tipo agregado del 37,05 % sobre el salario bruto.<\/p>\n\n\n\n<p>A partir de ah\u00ed, puede proyectarse una estimaci\u00f3n acumulada. La Seguridad Social se\u00f1ala que en 2026 podr\u00e1 jubilarse a los 65 a\u00f1os quien acredite 38 a\u00f1os y 3 meses cotizados o m\u00e1s. Tomando esa duraci\u00f3n como referencia t\u00e9cnica de una carrera laboral larga, un trabajador medio habr\u00eda generado en torno a 397.513,23 euros en cotizaciones sociales a lo largo de su vida laboral. Si se redondea la proyecci\u00f3n a 40 a\u00f1os cotizados, la cifra ascender\u00eda a 415.700,11 euros.<\/p>\n\n\n\n<p>Y conviene subrayar algo importante: esta es, adem\u00e1s, una estimaci\u00f3n prudente. No incluye la cotizaci\u00f3n por accidentes de trabajo y enfermedades profesionales, cuyo tipo var\u00eda seg\u00fan la actividad econ\u00f3mica; tampoco incorpora la cotizaci\u00f3n adicional de solidaridad para retribuciones por encima de determinadas bases, ni otros ingresos p\u00fablicos derivados de la actividad laboral futura de esa persona, como IRPF, IVA o tributaci\u00f3n indirecta vinculada al consumo. Es decir, incluso en t\u00e9rminos estrictamente econ\u00f3micos, estamos ante una aproximaci\u00f3n parcial, no ante el valor completo de la aportaci\u00f3n social de cada hijo.<\/p>\n\n\n\n<h3 class=\"wp-block-heading\">Cada Hijo enriquece la sociedad y la hace posible<\/h3>\n\n\n\n<figure class=\"wp-block-image size-large\"><img decoding=\"async\" src=\"https:\/\/familiasmadridnorte.es\/wp-content\/uploads\/2026\/03\/dia-del-padre-2026-3-1024x576.jpg\" alt=\"\" class=\"wp-image-4188\"\/><\/figure>\n\n\n\n<p>Adem\u00e1s, la contribuci\u00f3n real de un hijo a la sociedad no se agota en su futura condici\u00f3n de cotizante. Un hijo ser\u00e1 tambi\u00e9n, previsiblemente, consumidor, contribuyente, trabajador que presta servicios, posible emprendedor, generador de actividad econ\u00f3mica y parte del relevo demogr\u00e1fico que permite sostener el equilibrio entre generaciones. <\/p>\n\n\n\n<p>En un contexto de envejecimiento poblacional y baja natalidad, este factor deja de ser secundario para convertirse en estructural. La cuesti\u00f3n ya no es solo cu\u00e1ntos derechos reciben las familias, sino cu\u00e1nta sociedad est\u00e1n haciendo posible. Esta \u00faltima afirmaci\u00f3n es una inferencia econ\u00f3mica y demogr\u00e1fica razonable a partir de los datos anteriores.<\/p>\n\n\n\n<p><a href=\"https:\/\/www.fedma.es\/wp-content\/uploads\/2026\/03\/4-mas-lentoThe_Social_Ledger-1.mp4\">Ver Presentaci\u00f3n Completa<\/a><\/p>\n\n\n\n<h3 class=\"wp-block-heading\">\u00a1Feliz D\u00eda del Padre, Familias!<\/h3>\n\n\n\n<p><\/p>","protected":false},"excerpt":{"rendered":"<p>Cada D\u00eda del Padre abundan los mensajes sentimentales, los homenajes y las palabras bonitas. Pero hay una verdad mucho menos celebrada y bastante m\u00e1s importante: sacar adelante a un hijo no solo sostiene una familia; sostiene tambi\u00e9n a la sociedad entera.<\/p>","protected":false},"author":3,"featured_media":4185,"comment_status":"closed","ping_status":"open","sticky":false,"template":"","format":"standard","meta":{"footnotes":""},"categories":[45],"tags":[486,487,485,484,25],"class_list":["post-4184","post","type-post","status-publish","format-standard","has-post-thumbnail","hentry","category-noticias","tag-aportacion-social","tag-capital-humano","tag-concienciacion-social","tag-dia-del-padre","tag-familias-numerosas"],"yoast_head":"<!-- This site is optimized with the Yoast SEO plugin v26.7 - https:\/\/yoast.com\/wordpress\/plugins\/seo\/ -->\n<title>D\u00cdA DEL PADRE: HOMENAJE A SU APORTACI\u00d3N - Familias Numerosas<\/title>\n<meta name=\"description\" content=\"En el d\u00eda del Padre 2026, sacar adelante a un hijo no solo sostiene una familia; sostiene tambi\u00e9n a la sociedad entera.\" \/>\n<meta name=\"robots\" content=\"index, follow, max-snippet:-1, max-image-preview:large, max-video-preview:-1\" \/>\n<link rel=\"canonical\" href=\"https:\/\/familiasmadridnorte.es\/en\/dia-del-padre-2026\/\" \/>\n<meta property=\"og:locale\" content=\"en_GB\" \/>\n<meta property=\"og:type\" content=\"article\" \/>\n<meta property=\"og:title\" content=\"D\u00cdA DEL PADRE: HOMENAJE A SU APORTACI\u00d3N - Familias Numerosas\" \/>\n<meta property=\"og:description\" content=\"En el d\u00eda del Padre 2026, sacar adelante a un hijo no solo sostiene una familia; sostiene tambi\u00e9n a la sociedad entera.\" \/>\n<meta property=\"og:url\" content=\"https:\/\/familiasmadridnorte.es\/en\/dia-del-padre-2026\/\" \/>\n<meta property=\"og:site_name\" content=\"Familias Numerosas\" \/>\n<meta property=\"article:published_time\" content=\"2026-03-18T20:00:46+00:00\" \/>\n<meta property=\"article:modified_time\" content=\"2026-03-20T17:41:21+00:00\" \/>\n<meta property=\"og:image\" content=\"http:\/\/familiasmadridnorte.es\/wp-content\/uploads\/2026\/03\/dia-del-padre-fedma-2026.jpg\" \/>\n\t<meta property=\"og:image:width\" content=\"900\" \/>\n\t<meta property=\"og:image:height\" content=\"600\" \/>\n\t<meta property=\"og:image:type\" content=\"image\/jpeg\" \/>\n<meta name=\"author\" content=\"Ana\" \/>\n<meta name=\"twitter:card\" content=\"summary_large_image\" \/>\n<meta name=\"twitter:label1\" content=\"Written by\" \/>\n\t<meta name=\"twitter:data1\" content=\"Ana\" \/>\n\t<meta name=\"twitter:label2\" content=\"Estimated reading time\" \/>\n\t<meta name=\"twitter:data2\" content=\"6 minutes\" \/>\n<script type=\"application\/ld+json\" class=\"yoast-schema-graph\">{\"@context\":\"https:\/\/schema.org\",\"@graph\":[{\"@type\":\"Article\",\"@id\":\"https:\/\/familiasmadridnorte.es\/dia-del-padre-2026\/#article\",\"isPartOf\":{\"@id\":\"https:\/\/familiasmadridnorte.es\/dia-del-padre-2026\/\"},\"author\":{\"name\":\"Ana\",\"@id\":\"https:\/\/familiasmadridnorte.es\/#\/schema\/person\/f8a16592344491533ad78d19aa1d57c5\"},\"headline\":\"D\u00cdA DEL PADRE: HOMENAJE A SU APORTACI\u00d3N\",\"datePublished\":\"2026-03-18T20:00:46+00:00\",\"dateModified\":\"2026-03-20T17:41:21+00:00\",\"mainEntityOfPage\":{\"@id\":\"https:\/\/familiasmadridnorte.es\/dia-del-padre-2026\/\"},\"wordCount\":1072,\"publisher\":{\"@id\":\"https:\/\/familiasmadridnorte.es\/#organization\"},\"image\":{\"@id\":\"https:\/\/familiasmadridnorte.es\/dia-del-padre-2026\/#primaryimage\"},\"thumbnailUrl\":\"https:\/\/familiasmadridnorte.es\/wp-content\/uploads\/2026\/03\/dia-del-padre-fedma-2026.jpg\",\"keywords\":[\"aportaci\u00f3n social\",\"capital humano\",\"concienciaci\u00f3n social\",\"d\u00eda del padre\",\"familias numerosas\"],\"articleSection\":[\"noticias\"],\"inLanguage\":\"en-GB\"},{\"@type\":\"WebPage\",\"@id\":\"https:\/\/familiasmadridnorte.es\/dia-del-padre-2026\/\",\"url\":\"https:\/\/familiasmadridnorte.es\/dia-del-padre-2026\/\",\"name\":\"D\u00cdA DEL PADRE: HOMENAJE A SU APORTACI\u00d3N - Familias Numerosas\",\"isPartOf\":{\"@id\":\"https:\/\/familiasmadridnorte.es\/#website\"},\"primaryImageOfPage\":{\"@id\":\"https:\/\/familiasmadridnorte.es\/dia-del-padre-2026\/#primaryimage\"},\"image\":{\"@id\":\"https:\/\/familiasmadridnorte.es\/dia-del-padre-2026\/#primaryimage\"},\"thumbnailUrl\":\"https:\/\/familiasmadridnorte.es\/wp-content\/uploads\/2026\/03\/dia-del-padre-fedma-2026.jpg\",\"datePublished\":\"2026-03-18T20:00:46+00:00\",\"dateModified\":\"2026-03-20T17:41:21+00:00\",\"description\":\"En el d\u00eda del Padre 2026, sacar adelante a un hijo no solo sostiene una familia; sostiene tambi\u00e9n a la sociedad entera.\",\"breadcrumb\":{\"@id\":\"https:\/\/familiasmadridnorte.es\/dia-del-padre-2026\/#breadcrumb\"},\"inLanguage\":\"en-GB\",\"potentialAction\":[{\"@type\":\"ReadAction\",\"target\":[\"https:\/\/familiasmadridnorte.es\/dia-del-padre-2026\/\"]}]},{\"@type\":\"ImageObject\",\"inLanguage\":\"en-GB\",\"@id\":\"https:\/\/familiasmadridnorte.es\/dia-del-padre-2026\/#primaryimage\",\"url\":\"https:\/\/familiasmadridnorte.es\/wp-content\/uploads\/2026\/03\/dia-del-padre-fedma-2026.jpg\",\"contentUrl\":\"https:\/\/familiasmadridnorte.es\/wp-content\/uploads\/2026\/03\/dia-del-padre-fedma-2026.jpg\",\"width\":900,\"height\":600,\"caption\":\"dia del padre 2026\"},{\"@type\":\"BreadcrumbList\",\"@id\":\"https:\/\/familiasmadridnorte.es\/dia-del-padre-2026\/#breadcrumb\",\"itemListElement\":[{\"@type\":\"ListItem\",\"position\":1,\"name\":\"Portada\",\"item\":\"https:\/\/familiasmadridnorte.es\/\"},{\"@type\":\"ListItem\",\"position\":2,\"name\":\"D\u00cdA DEL PADRE: HOMENAJE A SU APORTACI\u00d3N\"}]},{\"@type\":\"WebSite\",\"@id\":\"https:\/\/familiasmadridnorte.es\/#website\",\"url\":\"https:\/\/familiasmadridnorte.es\/\",\"name\":\"Familias Numerosas\",\"description\":\"La Asociaci\u00f3n de Familias Numerosas Zona Norte de Madrid (AFAN Zona Norte Madrid) lleva 20 a\u00f1os apoyando y representando a las familias numerosas, defendiendo sus derechos y destacando su valiosa aportaci\u00f3n a la sociedad.\",\"publisher\":{\"@id\":\"https:\/\/familiasmadridnorte.es\/#organization\"},\"potentialAction\":[{\"@type\":\"SearchAction\",\"target\":{\"@type\":\"EntryPoint\",\"urlTemplate\":\"https:\/\/familiasmadridnorte.es\/?s={search_term_string}\"},\"query-input\":{\"@type\":\"PropertyValueSpecification\",\"valueRequired\":true,\"valueName\":\"search_term_string\"}}],\"inLanguage\":\"en-GB\"},{\"@type\":\"Organization\",\"@id\":\"https:\/\/familiasmadridnorte.es\/#organization\",\"name\":\"Familias Numerosas\",\"url\":\"https:\/\/familiasmadridnorte.es\/\",\"logo\":{\"@type\":\"ImageObject\",\"inLanguage\":\"en-GB\",\"@id\":\"https:\/\/familiasmadridnorte.es\/#\/schema\/logo\/image\/\",\"url\":\"https:\/\/familiasmadridnorte.es\/wp-content\/uploads\/2025\/06\/Logo_AFAN-1024x724-1.png\",\"contentUrl\":\"https:\/\/familiasmadridnorte.es\/wp-content\/uploads\/2025\/06\/Logo_AFAN-1024x724-1.png\",\"width\":1024,\"height\":724,\"caption\":\"Familias Numerosas\"},\"image\":{\"@id\":\"https:\/\/familiasmadridnorte.es\/#\/schema\/logo\/image\/\"}},{\"@type\":\"Person\",\"@id\":\"https:\/\/familiasmadridnorte.es\/#\/schema\/person\/f8a16592344491533ad78d19aa1d57c5\",\"name\":\"Ana\",\"image\":{\"@type\":\"ImageObject\",\"inLanguage\":\"en-GB\",\"@id\":\"https:\/\/familiasmadridnorte.es\/#\/schema\/person\/image\/\",\"url\":\"https:\/\/secure.gravatar.com\/avatar\/42d6e65fc485c2f9833f403d55ce186e8236e6d2d9b30b4bf6673c5796f5955b?s=96&d=mm&r=g\",\"contentUrl\":\"https:\/\/secure.gravatar.com\/avatar\/42d6e65fc485c2f9833f403d55ce186e8236e6d2d9b30b4bf6673c5796f5955b?s=96&d=mm&r=g\",\"caption\":\"Ana\"},\"url\":\"https:\/\/familiasmadridnorte.es\/en\/author\/ana\/\"}]}<\/script>\n<!-- \/ Yoast SEO plugin. -->","yoast_head_json":{"title":"D\u00cdA DEL PADRE: HOMENAJE A SU APORTACI\u00d3N - Familias Numerosas","description":"En el d\u00eda del Padre 2026, sacar adelante a un hijo no solo sostiene una familia; sostiene tambi\u00e9n a la sociedad entera.","robots":{"index":"index","follow":"follow","max-snippet":"max-snippet:-1","max-image-preview":"max-image-preview:large","max-video-preview":"max-video-preview:-1"},"canonical":"https:\/\/familiasmadridnorte.es\/en\/dia-del-padre-2026\/","og_locale":"en_GB","og_type":"article","og_title":"D\u00cdA DEL PADRE: HOMENAJE A SU APORTACI\u00d3N - Familias Numerosas","og_description":"En el d\u00eda del Padre 2026, sacar adelante a un hijo no solo sostiene una familia; sostiene tambi\u00e9n a la sociedad entera.","og_url":"https:\/\/familiasmadridnorte.es\/en\/dia-del-padre-2026\/","og_site_name":"Familias Numerosas","article_published_time":"2026-03-18T20:00:46+00:00","article_modified_time":"2026-03-20T17:41:21+00:00","og_image":[{"width":900,"height":600,"url":"http:\/\/familiasmadridnorte.es\/wp-content\/uploads\/2026\/03\/dia-del-padre-fedma-2026.jpg","type":"image\/jpeg"}],"author":"Ana","twitter_card":"summary_large_image","twitter_misc":{"Written by":"Ana","Estimated reading time":"6 minutes"},"schema":{"@context":"https:\/\/schema.org","@graph":[{"@type":"Article","@id":"https:\/\/familiasmadridnorte.es\/dia-del-padre-2026\/#article","isPartOf":{"@id":"https:\/\/familiasmadridnorte.es\/dia-del-padre-2026\/"},"author":{"name":"Ana","@id":"https:\/\/familiasmadridnorte.es\/#\/schema\/person\/f8a16592344491533ad78d19aa1d57c5"},"headline":"D\u00cdA DEL PADRE: HOMENAJE A SU APORTACI\u00d3N","datePublished":"2026-03-18T20:00:46+00:00","dateModified":"2026-03-20T17:41:21+00:00","mainEntityOfPage":{"@id":"https:\/\/familiasmadridnorte.es\/dia-del-padre-2026\/"},"wordCount":1072,"publisher":{"@id":"https:\/\/familiasmadridnorte.es\/#organization"},"image":{"@id":"https:\/\/familiasmadridnorte.es\/dia-del-padre-2026\/#primaryimage"},"thumbnailUrl":"https:\/\/familiasmadridnorte.es\/wp-content\/uploads\/2026\/03\/dia-del-padre-fedma-2026.jpg","keywords":["aportaci\u00f3n social","capital humano","concienciaci\u00f3n social","d\u00eda del padre","familias numerosas"],"articleSection":["noticias"],"inLanguage":"en-GB"},{"@type":"WebPage","@id":"https:\/\/familiasmadridnorte.es\/dia-del-padre-2026\/","url":"https:\/\/familiasmadridnorte.es\/dia-del-padre-2026\/","name":"D\u00cdA DEL PADRE: HOMENAJE A SU APORTACI\u00d3N - Familias Numerosas","isPartOf":{"@id":"https:\/\/familiasmadridnorte.es\/#website"},"primaryImageOfPage":{"@id":"https:\/\/familiasmadridnorte.es\/dia-del-padre-2026\/#primaryimage"},"image":{"@id":"https:\/\/familiasmadridnorte.es\/dia-del-padre-2026\/#primaryimage"},"thumbnailUrl":"https:\/\/familiasmadridnorte.es\/wp-content\/uploads\/2026\/03\/dia-del-padre-fedma-2026.jpg","datePublished":"2026-03-18T20:00:46+00:00","dateModified":"2026-03-20T17:41:21+00:00","description":"En el d\u00eda del Padre 2026, sacar adelante a un hijo no solo sostiene una familia; sostiene tambi\u00e9n a la sociedad entera.","breadcrumb":{"@id":"https:\/\/familiasmadridnorte.es\/dia-del-padre-2026\/#breadcrumb"},"inLanguage":"en-GB","potentialAction":[{"@type":"ReadAction","target":["https:\/\/familiasmadridnorte.es\/dia-del-padre-2026\/"]}]},{"@type":"ImageObject","inLanguage":"en-GB","@id":"https:\/\/familiasmadridnorte.es\/dia-del-padre-2026\/#primaryimage","url":"https:\/\/familiasmadridnorte.es\/wp-content\/uploads\/2026\/03\/dia-del-padre-fedma-2026.jpg","contentUrl":"https:\/\/familiasmadridnorte.es\/wp-content\/uploads\/2026\/03\/dia-del-padre-fedma-2026.jpg","width":900,"height":600,"caption":"dia del padre 2026"},{"@type":"BreadcrumbList","@id":"https:\/\/familiasmadridnorte.es\/dia-del-padre-2026\/#breadcrumb","itemListElement":[{"@type":"ListItem","position":1,"name":"Portada","item":"https:\/\/familiasmadridnorte.es\/"},{"@type":"ListItem","position":2,"name":"D\u00cdA DEL PADRE: HOMENAJE A SU APORTACI\u00d3N"}]},{"@type":"WebSite","@id":"https:\/\/familiasmadridnorte.es\/#website","url":"https:\/\/familiasmadridnorte.es\/","name":"Large Families","description":"La Asociaci\u00f3n de Familias Numerosas Zona Norte de Madrid (AFAN Zona Norte Madrid) lleva 20 a\u00f1os apoyando y representando a las familias numerosas, defendiendo sus derechos y destacando su valiosa aportaci\u00f3n a la sociedad.","publisher":{"@id":"https:\/\/familiasmadridnorte.es\/#organization"},"potentialAction":[{"@type":"SearchAction","target":{"@type":"EntryPoint","urlTemplate":"https:\/\/familiasmadridnorte.es\/?s={search_term_string}"},"query-input":{"@type":"PropertyValueSpecification","valueRequired":true,"valueName":"search_term_string"}}],"inLanguage":"en-GB"},{"@type":"Organization","@id":"https:\/\/familiasmadridnorte.es\/#organization","name":"Large Families","url":"https:\/\/familiasmadridnorte.es\/","logo":{"@type":"ImageObject","inLanguage":"en-GB","@id":"https:\/\/familiasmadridnorte.es\/#\/schema\/logo\/image\/","url":"https:\/\/familiasmadridnorte.es\/wp-content\/uploads\/2025\/06\/Logo_AFAN-1024x724-1.png","contentUrl":"https:\/\/familiasmadridnorte.es\/wp-content\/uploads\/2025\/06\/Logo_AFAN-1024x724-1.png","width":1024,"height":724,"caption":"Familias Numerosas"},"image":{"@id":"https:\/\/familiasmadridnorte.es\/#\/schema\/logo\/image\/"}},{"@type":"Person","@id":"https:\/\/familiasmadridnorte.es\/#\/schema\/person\/f8a16592344491533ad78d19aa1d57c5","name":"Ana","image":{"@type":"ImageObject","inLanguage":"en-GB","@id":"https:\/\/familiasmadridnorte.es\/#\/schema\/person\/image\/","url":"https:\/\/secure.gravatar.com\/avatar\/42d6e65fc485c2f9833f403d55ce186e8236e6d2d9b30b4bf6673c5796f5955b?s=96&d=mm&r=g","contentUrl":"https:\/\/secure.gravatar.com\/avatar\/42d6e65fc485c2f9833f403d55ce186e8236e6d2d9b30b4bf6673c5796f5955b?s=96&d=mm&r=g","caption":"Ana"},"url":"https:\/\/familiasmadridnorte.es\/en\/author\/ana\/"}]}},"_links":{"self":[{"href":"https:\/\/familiasmadridnorte.es\/en\/wp-json\/wp\/v2\/posts\/4184","targetHints":{"allow":["GET"]}}],"collection":[{"href":"https:\/\/familiasmadridnorte.es\/en\/wp-json\/wp\/v2\/posts"}],"about":[{"href":"https:\/\/familiasmadridnorte.es\/en\/wp-json\/wp\/v2\/types\/post"}],"author":[{"embeddable":true,"href":"https:\/\/familiasmadridnorte.es\/en\/wp-json\/wp\/v2\/users\/3"}],"replies":[{"embeddable":true,"href":"https:\/\/familiasmadridnorte.es\/en\/wp-json\/wp\/v2\/comments?post=4184"}],"version-history":[{"count":2,"href":"https:\/\/familiasmadridnorte.es\/en\/wp-json\/wp\/v2\/posts\/4184\/revisions"}],"predecessor-version":[{"id":4194,"href":"https:\/\/familiasmadridnorte.es\/en\/wp-json\/wp\/v2\/posts\/4184\/revisions\/4194"}],"wp:featuredmedia":[{"embeddable":true,"href":"https:\/\/familiasmadridnorte.es\/en\/wp-json\/wp\/v2\/media\/4185"}],"wp:attachment":[{"href":"https:\/\/familiasmadridnorte.es\/en\/wp-json\/wp\/v2\/media?parent=4184"}],"wp:term":[{"taxonomy":"category","embeddable":true,"href":"https:\/\/familiasmadridnorte.es\/en\/wp-json\/wp\/v2\/categories?post=4184"},{"taxonomy":"post_tag","embeddable":true,"href":"https:\/\/familiasmadridnorte.es\/en\/wp-json\/wp\/v2\/tags?post=4184"}],"curies":[{"name":"wp","href":"https:\/\/api.w.org\/{rel}","templated":true}]}}