{"id":4153,"date":"2026-03-13T12:52:32","date_gmt":"2026-03-13T12:52:32","guid":{"rendered":"https:\/\/familiasmadridnorte.es\/?p=4153"},"modified":"2026-03-13T20:17:03","modified_gmt":"2026-03-13T20:17:03","slug":"abierto-plazo-admisison-curso-2026-27","status":"publish","type":"post","link":"https:\/\/familiasmadridnorte.es\/en\/abierto-plazo-admisison-curso-2026-27\/","title":{"rendered":"ABIERTO PLAZO ADMISI\u00d3N CURSO 2026-27"},"content":{"rendered":"<p>Abierto el plazo de admisi\u00f3n de alumnos del curso 2026\/27<\/p>\n\n\n\n<p>La Comunidad de Madrid ya ha abierto el plazo de admisi\u00f3n de alumnos en centros de Educaci\u00f3n Infantil, Primaria, Especial, Educaci\u00f3n Secundaria Obligatoria (ESO) y Bachillerato sostenidos con fondos p\u00fablicos para el curso escolar 2026\/27. Las familias podr\u00e1n presentar las solicitudes, de forma presencial o a trav\u00e9s de la web institucional, hasta el pr\u00f3ximo 25 de marzo.<\/p>\n\n\n\n<h3 class=\"wp-block-heading\">Novedades para este curso en el proceso de admisi\u00f3n<\/h3>\n\n\n\n<p>Entre las novedades de este periodo de escolarizaci\u00f3n, subrayamos que, <strong>en el caso del primer ciclo de Infantil se tendr\u00e1 en cuenta al concebido no nacido<\/strong> a efectos de determinar los miembros de la unidad familiar y <strong>para la aplicaci\u00f3n del criterio de familia numerosa<\/strong>, algo que ya se inclu\u00eda en las instrucciones de admisi\u00f3n de ense\u00f1anzas de r\u00e9gimen general.<\/p>\n\n\n\n<p>Os recordamos que esta novedad se ha conseguido gracias al trabajo de las asociaciones de Familias Numerosas de Madrid, como pod\u00e9is ver en <strong><a href=\"https:\/\/familiasmadridnorte.es\/en\/sentencia-favorable-familias-numerosas-de-madrid\/\">esta publicaci\u00f3n <\/a><\/strong>que os hicimos llegar en anteriores boletines<\/p>\n\n\n\n<h3 class=\"wp-block-heading\">Puntuaciones que se mantienen<\/h3>\n\n\n\n<ul class=\"wp-block-list\">\n<li>Para las familias numerosas, la puntuaci\u00f3n seguir\u00e1 siendo la mayor posible para procurar tener a los hijos matriculados en el mismo colegio o instituto. De esta forma, se otorgan 15 puntos por uno que curse ense\u00f1anzas en el mismo centro y 30 por dos o m\u00e1s.<\/li>\n\n\n\n<li> Las calificaciones por el apartado de proximidad al domicilio siguen preservando el criterio de zona \u00fanica de escolarizaci\u00f3n en cada municipio o distrito municipal en el caso de la capital.<\/li>\n\n\n\n<li>Tambi\u00e9n se mantiene la valoraci\u00f3n de la renta de la unidad familiar -limitada a los perceptores de la Renta M\u00ednima de Inserci\u00f3n o del Ingreso M\u00ednimo Vital-, discapacidad, padres que trabajen en el centro, familia numerosa o padres o hermanos que sean antiguos alumnos.<\/li>\n<\/ul>\n\n\n\n<h3 class=\"wp-block-heading\">Calendario de la escolarizaci\u00f3n<\/h3>\n\n\n\n<p>Las listas definitivas de admitidos se publicar\u00e1n el 27 de mayo en segundo ciclo de Educaci\u00f3n Infantil, Educaci\u00f3n Primaria, Educaci\u00f3n Especial, Educaci\u00f3n Secundaria Obligatoria y Bachillerato, mientras que las del primer ciclo de Educaci\u00f3n Infantil ser\u00e1 el 5 de junio. Por su parte, el plazo de matriculaci\u00f3n se extender\u00e1 del 11 al 25 de junio para Infantil, Primaria y Especial, y en el caso de Secundaria y Bachillerato del 11 de junio hasta el 3 de julio.<\/p>\n\n\n\n<p><a href=\"https:\/\/www.comunidad.madrid\/servicios\/educacion\/solicita-tu-admision-educacion-infantil-obligatoria-bachillerato\">Leer M\u00e1s<\/a><\/p>\n\n\n\n<p><\/p>","protected":false},"excerpt":{"rendered":"<p>Se admite al no nacido para la puntuaci\u00f3n en escuelas infantiles, aspecto en el que hemos contribuido desde las asociaciones de Familias Numerosas.<\/p>","protected":false},"author":3,"featured_media":4154,"comment_status":"closed","ping_status":"open","sticky":false,"template":"","format":"standard","meta":{"footnotes":""},"categories":[45],"tags":[433,474,62,473,25],"class_list":["post-4153","post","type-post","status-publish","format-standard","has-post-thumbnail","hentry","category-noticias","tag-admision","tag-cam","tag-comunidad-de-madrid","tag-curso-escolar","tag-familias-numerosas"],"yoast_head":"<!-- This site is optimized with the Yoast SEO plugin v26.7 - https:\/\/yoast.com\/wordpress\/plugins\/seo\/ -->\n<title>ABIERTO PLAZO ADMISI\u00d3N CURSO 2026-27 - Familias Numerosas<\/title>\n<meta name=\"description\" content=\"Curso escolar 2026-27: Se admite al no nacido en la puntuaci\u00f3n de escuelas infantiles, gracias a las asoc. de Familias Numerosas de Madrid\" \/>\n<meta name=\"robots\" content=\"index, follow, max-snippet:-1, max-image-preview:large, max-video-preview:-1\" \/>\n<link rel=\"canonical\" href=\"https:\/\/familiasmadridnorte.es\/en\/abierto-plazo-admisison-curso-2026-27\/\" \/>\n<meta property=\"og:locale\" content=\"en_GB\" \/>\n<meta property=\"og:type\" content=\"article\" \/>\n<meta property=\"og:title\" content=\"ABIERTO PLAZO ADMISI\u00d3N CURSO 2026-27 - Familias Numerosas\" \/>\n<meta property=\"og:description\" content=\"Curso escolar 2026-27: Se admite al no nacido en la puntuaci\u00f3n de escuelas infantiles, gracias a las asoc. de Familias Numerosas de Madrid\" \/>\n<meta property=\"og:url\" content=\"https:\/\/familiasmadridnorte.es\/en\/abierto-plazo-admisison-curso-2026-27\/\" \/>\n<meta property=\"og:site_name\" content=\"Familias Numerosas\" \/>\n<meta property=\"article:published_time\" content=\"2026-03-13T12:52:32+00:00\" \/>\n<meta property=\"article:modified_time\" content=\"2026-03-13T20:17:03+00:00\" \/>\n<meta property=\"og:image\" content=\"http:\/\/familiasmadridnorte.es\/wp-content\/uploads\/2026\/03\/proceso-admision-cam-no-nacido.jpg\" \/>\n\t<meta property=\"og:image:width\" content=\"900\" \/>\n\t<meta property=\"og:image:height\" content=\"600\" \/>\n\t<meta property=\"og:image:type\" content=\"image\/jpeg\" \/>\n<meta name=\"author\" content=\"Ana\" \/>\n<meta name=\"twitter:card\" content=\"summary_large_image\" \/>\n<meta name=\"twitter:label1\" content=\"Written by\" \/>\n\t<meta name=\"twitter:data1\" content=\"Ana\" \/>\n\t<meta name=\"twitter:label2\" content=\"Estimated reading time\" \/>\n\t<meta name=\"twitter:data2\" content=\"2 minutes\" \/>\n<script type=\"application\/ld+json\" class=\"yoast-schema-graph\">{\"@context\":\"https:\/\/schema.org\",\"@graph\":[{\"@type\":\"Article\",\"@id\":\"https:\/\/familiasmadridnorte.es\/abierto-plazo-admisison-curso-2026-27\/#article\",\"isPartOf\":{\"@id\":\"https:\/\/familiasmadridnorte.es\/abierto-plazo-admisison-curso-2026-27\/\"},\"author\":{\"name\":\"Ana\",\"@id\":\"https:\/\/familiasmadridnorte.es\/#\/schema\/person\/f8a16592344491533ad78d19aa1d57c5\"},\"headline\":\"ABIERTO PLAZO ADMISI\u00d3N CURSO 2026-27\",\"datePublished\":\"2026-03-13T12:52:32+00:00\",\"dateModified\":\"2026-03-13T20:17:03+00:00\",\"mainEntityOfPage\":{\"@id\":\"https:\/\/familiasmadridnorte.es\/abierto-plazo-admisison-curso-2026-27\/\"},\"wordCount\":405,\"publisher\":{\"@id\":\"https:\/\/familiasmadridnorte.es\/#organization\"},\"image\":{\"@id\":\"https:\/\/familiasmadridnorte.es\/abierto-plazo-admisison-curso-2026-27\/#primaryimage\"},\"thumbnailUrl\":\"https:\/\/familiasmadridnorte.es\/wp-content\/uploads\/2026\/03\/proceso-admision-cam-no-nacido.jpg\",\"keywords\":[\"admisi\u00f3n\",\"CAM\",\"comunidad de Madrid\",\"curso escolar\",\"familias numerosas\"],\"articleSection\":[\"noticias\"],\"inLanguage\":\"en-GB\"},{\"@type\":\"WebPage\",\"@id\":\"https:\/\/familiasmadridnorte.es\/abierto-plazo-admisison-curso-2026-27\/\",\"url\":\"https:\/\/familiasmadridnorte.es\/abierto-plazo-admisison-curso-2026-27\/\",\"name\":\"ABIERTO PLAZO ADMISI\u00d3N CURSO 2026-27 - Familias Numerosas\",\"isPartOf\":{\"@id\":\"https:\/\/familiasmadridnorte.es\/#website\"},\"primaryImageOfPage\":{\"@id\":\"https:\/\/familiasmadridnorte.es\/abierto-plazo-admisison-curso-2026-27\/#primaryimage\"},\"image\":{\"@id\":\"https:\/\/familiasmadridnorte.es\/abierto-plazo-admisison-curso-2026-27\/#primaryimage\"},\"thumbnailUrl\":\"https:\/\/familiasmadridnorte.es\/wp-content\/uploads\/2026\/03\/proceso-admision-cam-no-nacido.jpg\",\"datePublished\":\"2026-03-13T12:52:32+00:00\",\"dateModified\":\"2026-03-13T20:17:03+00:00\",\"description\":\"Curso escolar 2026-27: Se admite al no nacido en la puntuaci\u00f3n de escuelas infantiles, gracias a las asoc. de Familias Numerosas de Madrid\",\"breadcrumb\":{\"@id\":\"https:\/\/familiasmadridnorte.es\/abierto-plazo-admisison-curso-2026-27\/#breadcrumb\"},\"inLanguage\":\"en-GB\",\"potentialAction\":[{\"@type\":\"ReadAction\",\"target\":[\"https:\/\/familiasmadridnorte.es\/abierto-plazo-admisison-curso-2026-27\/\"]}]},{\"@type\":\"ImageObject\",\"inLanguage\":\"en-GB\",\"@id\":\"https:\/\/familiasmadridnorte.es\/abierto-plazo-admisison-curso-2026-27\/#primaryimage\",\"url\":\"https:\/\/familiasmadridnorte.es\/wp-content\/uploads\/2026\/03\/proceso-admision-cam-no-nacido.jpg\",\"contentUrl\":\"https:\/\/familiasmadridnorte.es\/wp-content\/uploads\/2026\/03\/proceso-admision-cam-no-nacido.jpg\",\"width\":900,\"height\":600,\"caption\":\"proceso admisi\u00f3n cam 2026-2027\"},{\"@type\":\"BreadcrumbList\",\"@id\":\"https:\/\/familiasmadridnorte.es\/abierto-plazo-admisison-curso-2026-27\/#breadcrumb\",\"itemListElement\":[{\"@type\":\"ListItem\",\"position\":1,\"name\":\"Portada\",\"item\":\"https:\/\/familiasmadridnorte.es\/\"},{\"@type\":\"ListItem\",\"position\":2,\"name\":\"ABIERTO PLAZO ADMISI\u00d3N CURSO 2026-27\"}]},{\"@type\":\"WebSite\",\"@id\":\"https:\/\/familiasmadridnorte.es\/#website\",\"url\":\"https:\/\/familiasmadridnorte.es\/\",\"name\":\"Familias Numerosas\",\"description\":\"La Asociaci\u00f3n de Familias Numerosas Zona Norte de Madrid (AFAN Zona Norte Madrid) lleva 20 a\u00f1os apoyando y representando a las familias numerosas, defendiendo sus derechos y destacando su valiosa aportaci\u00f3n a la sociedad.\",\"publisher\":{\"@id\":\"https:\/\/familiasmadridnorte.es\/#organization\"},\"potentialAction\":[{\"@type\":\"SearchAction\",\"target\":{\"@type\":\"EntryPoint\",\"urlTemplate\":\"https:\/\/familiasmadridnorte.es\/?s={search_term_string}\"},\"query-input\":{\"@type\":\"PropertyValueSpecification\",\"valueRequired\":true,\"valueName\":\"search_term_string\"}}],\"inLanguage\":\"en-GB\"},{\"@type\":\"Organization\",\"@id\":\"https:\/\/familiasmadridnorte.es\/#organization\",\"name\":\"Familias Numerosas\",\"url\":\"https:\/\/familiasmadridnorte.es\/\",\"logo\":{\"@type\":\"ImageObject\",\"inLanguage\":\"en-GB\",\"@id\":\"https:\/\/familiasmadridnorte.es\/#\/schema\/logo\/image\/\",\"url\":\"https:\/\/familiasmadridnorte.es\/wp-content\/uploads\/2025\/06\/Logo_AFAN-1024x724-1.png\",\"contentUrl\":\"https:\/\/familiasmadridnorte.es\/wp-content\/uploads\/2025\/06\/Logo_AFAN-1024x724-1.png\",\"width\":1024,\"height\":724,\"caption\":\"Familias Numerosas\"},\"image\":{\"@id\":\"https:\/\/familiasmadridnorte.es\/#\/schema\/logo\/image\/\"}},{\"@type\":\"Person\",\"@id\":\"https:\/\/familiasmadridnorte.es\/#\/schema\/person\/f8a16592344491533ad78d19aa1d57c5\",\"name\":\"Ana\",\"image\":{\"@type\":\"ImageObject\",\"inLanguage\":\"en-GB\",\"@id\":\"https:\/\/familiasmadridnorte.es\/#\/schema\/person\/image\/\",\"url\":\"https:\/\/secure.gravatar.com\/avatar\/42d6e65fc485c2f9833f403d55ce186e8236e6d2d9b30b4bf6673c5796f5955b?s=96&d=mm&r=g\",\"contentUrl\":\"https:\/\/secure.gravatar.com\/avatar\/42d6e65fc485c2f9833f403d55ce186e8236e6d2d9b30b4bf6673c5796f5955b?s=96&d=mm&r=g\",\"caption\":\"Ana\"},\"url\":\"https:\/\/familiasmadridnorte.es\/en\/author\/ana\/\"}]}<\/script>\n<!-- \/ Yoast SEO plugin. -->","yoast_head_json":{"title":"ABIERTO PLAZO ADMISI\u00d3N CURSO 2026-27 - Familias Numerosas","description":"Curso escolar 2026-27: Se admite al no nacido en la puntuaci\u00f3n de escuelas infantiles, gracias a las asoc. de Familias Numerosas de Madrid","robots":{"index":"index","follow":"follow","max-snippet":"max-snippet:-1","max-image-preview":"max-image-preview:large","max-video-preview":"max-video-preview:-1"},"canonical":"https:\/\/familiasmadridnorte.es\/en\/abierto-plazo-admisison-curso-2026-27\/","og_locale":"en_GB","og_type":"article","og_title":"ABIERTO PLAZO ADMISI\u00d3N CURSO 2026-27 - Familias Numerosas","og_description":"Curso escolar 2026-27: Se admite al no nacido en la puntuaci\u00f3n de escuelas infantiles, gracias a las asoc. de Familias Numerosas de Madrid","og_url":"https:\/\/familiasmadridnorte.es\/en\/abierto-plazo-admisison-curso-2026-27\/","og_site_name":"Familias Numerosas","article_published_time":"2026-03-13T12:52:32+00:00","article_modified_time":"2026-03-13T20:17:03+00:00","og_image":[{"width":900,"height":600,"url":"http:\/\/familiasmadridnorte.es\/wp-content\/uploads\/2026\/03\/proceso-admision-cam-no-nacido.jpg","type":"image\/jpeg"}],"author":"Ana","twitter_card":"summary_large_image","twitter_misc":{"Written by":"Ana","Estimated reading time":"2 minutes"},"schema":{"@context":"https:\/\/schema.org","@graph":[{"@type":"Article","@id":"https:\/\/familiasmadridnorte.es\/abierto-plazo-admisison-curso-2026-27\/#article","isPartOf":{"@id":"https:\/\/familiasmadridnorte.es\/abierto-plazo-admisison-curso-2026-27\/"},"author":{"name":"Ana","@id":"https:\/\/familiasmadridnorte.es\/#\/schema\/person\/f8a16592344491533ad78d19aa1d57c5"},"headline":"ABIERTO PLAZO ADMISI\u00d3N CURSO 2026-27","datePublished":"2026-03-13T12:52:32+00:00","dateModified":"2026-03-13T20:17:03+00:00","mainEntityOfPage":{"@id":"https:\/\/familiasmadridnorte.es\/abierto-plazo-admisison-curso-2026-27\/"},"wordCount":405,"publisher":{"@id":"https:\/\/familiasmadridnorte.es\/#organization"},"image":{"@id":"https:\/\/familiasmadridnorte.es\/abierto-plazo-admisison-curso-2026-27\/#primaryimage"},"thumbnailUrl":"https:\/\/familiasmadridnorte.es\/wp-content\/uploads\/2026\/03\/proceso-admision-cam-no-nacido.jpg","keywords":["admisi\u00f3n","CAM","comunidad de Madrid","curso escolar","familias numerosas"],"articleSection":["noticias"],"inLanguage":"en-GB"},{"@type":"WebPage","@id":"https:\/\/familiasmadridnorte.es\/abierto-plazo-admisison-curso-2026-27\/","url":"https:\/\/familiasmadridnorte.es\/abierto-plazo-admisison-curso-2026-27\/","name":"ABIERTO PLAZO ADMISI\u00d3N CURSO 2026-27 - Familias Numerosas","isPartOf":{"@id":"https:\/\/familiasmadridnorte.es\/#website"},"primaryImageOfPage":{"@id":"https:\/\/familiasmadridnorte.es\/abierto-plazo-admisison-curso-2026-27\/#primaryimage"},"image":{"@id":"https:\/\/familiasmadridnorte.es\/abierto-plazo-admisison-curso-2026-27\/#primaryimage"},"thumbnailUrl":"https:\/\/familiasmadridnorte.es\/wp-content\/uploads\/2026\/03\/proceso-admision-cam-no-nacido.jpg","datePublished":"2026-03-13T12:52:32+00:00","dateModified":"2026-03-13T20:17:03+00:00","description":"Curso escolar 2026-27: Se admite al no nacido en la puntuaci\u00f3n de escuelas infantiles, gracias a las asoc. de Familias Numerosas de Madrid","breadcrumb":{"@id":"https:\/\/familiasmadridnorte.es\/abierto-plazo-admisison-curso-2026-27\/#breadcrumb"},"inLanguage":"en-GB","potentialAction":[{"@type":"ReadAction","target":["https:\/\/familiasmadridnorte.es\/abierto-plazo-admisison-curso-2026-27\/"]}]},{"@type":"ImageObject","inLanguage":"en-GB","@id":"https:\/\/familiasmadridnorte.es\/abierto-plazo-admisison-curso-2026-27\/#primaryimage","url":"https:\/\/familiasmadridnorte.es\/wp-content\/uploads\/2026\/03\/proceso-admision-cam-no-nacido.jpg","contentUrl":"https:\/\/familiasmadridnorte.es\/wp-content\/uploads\/2026\/03\/proceso-admision-cam-no-nacido.jpg","width":900,"height":600,"caption":"proceso admisi\u00f3n cam 2026-2027"},{"@type":"BreadcrumbList","@id":"https:\/\/familiasmadridnorte.es\/abierto-plazo-admisison-curso-2026-27\/#breadcrumb","itemListElement":[{"@type":"ListItem","position":1,"name":"Portada","item":"https:\/\/familiasmadridnorte.es\/"},{"@type":"ListItem","position":2,"name":"ABIERTO PLAZO ADMISI\u00d3N CURSO 2026-27"}]},{"@type":"WebSite","@id":"https:\/\/familiasmadridnorte.es\/#website","url":"https:\/\/familiasmadridnorte.es\/","name":"Large Families","description":"La Asociaci\u00f3n de Familias Numerosas Zona Norte de Madrid (AFAN Zona Norte Madrid) lleva 20 a\u00f1os apoyando y representando a las familias numerosas, defendiendo sus derechos y destacando su valiosa aportaci\u00f3n a la sociedad.","publisher":{"@id":"https:\/\/familiasmadridnorte.es\/#organization"},"potentialAction":[{"@type":"SearchAction","target":{"@type":"EntryPoint","urlTemplate":"https:\/\/familiasmadridnorte.es\/?s={search_term_string}"},"query-input":{"@type":"PropertyValueSpecification","valueRequired":true,"valueName":"search_term_string"}}],"inLanguage":"en-GB"},{"@type":"Organization","@id":"https:\/\/familiasmadridnorte.es\/#organization","name":"Large Families","url":"https:\/\/familiasmadridnorte.es\/","logo":{"@type":"ImageObject","inLanguage":"en-GB","@id":"https:\/\/familiasmadridnorte.es\/#\/schema\/logo\/image\/","url":"https:\/\/familiasmadridnorte.es\/wp-content\/uploads\/2025\/06\/Logo_AFAN-1024x724-1.png","contentUrl":"https:\/\/familiasmadridnorte.es\/wp-content\/uploads\/2025\/06\/Logo_AFAN-1024x724-1.png","width":1024,"height":724,"caption":"Familias Numerosas"},"image":{"@id":"https:\/\/familiasmadridnorte.es\/#\/schema\/logo\/image\/"}},{"@type":"Person","@id":"https:\/\/familiasmadridnorte.es\/#\/schema\/person\/f8a16592344491533ad78d19aa1d57c5","name":"Ana","image":{"@type":"ImageObject","inLanguage":"en-GB","@id":"https:\/\/familiasmadridnorte.es\/#\/schema\/person\/image\/","url":"https:\/\/secure.gravatar.com\/avatar\/42d6e65fc485c2f9833f403d55ce186e8236e6d2d9b30b4bf6673c5796f5955b?s=96&d=mm&r=g","contentUrl":"https:\/\/secure.gravatar.com\/avatar\/42d6e65fc485c2f9833f403d55ce186e8236e6d2d9b30b4bf6673c5796f5955b?s=96&d=mm&r=g","caption":"Ana"},"url":"https:\/\/familiasmadridnorte.es\/en\/author\/ana\/"}]}},"_links":{"self":[{"href":"https:\/\/familiasmadridnorte.es\/en\/wp-json\/wp\/v2\/posts\/4153","targetHints":{"allow":["GET"]}}],"collection":[{"href":"https:\/\/familiasmadridnorte.es\/en\/wp-json\/wp\/v2\/posts"}],"about":[{"href":"https:\/\/familiasmadridnorte.es\/en\/wp-json\/wp\/v2\/types\/post"}],"author":[{"embeddable":true,"href":"https:\/\/familiasmadridnorte.es\/en\/wp-json\/wp\/v2\/users\/3"}],"replies":[{"embeddable":true,"href":"https:\/\/familiasmadridnorte.es\/en\/wp-json\/wp\/v2\/comments?post=4153"}],"version-history":[{"count":2,"href":"https:\/\/familiasmadridnorte.es\/en\/wp-json\/wp\/v2\/posts\/4153\/revisions"}],"predecessor-version":[{"id":4174,"href":"https:\/\/familiasmadridnorte.es\/en\/wp-json\/wp\/v2\/posts\/4153\/revisions\/4174"}],"wp:featuredmedia":[{"embeddable":true,"href":"https:\/\/familiasmadridnorte.es\/en\/wp-json\/wp\/v2\/media\/4154"}],"wp:attachment":[{"href":"https:\/\/familiasmadridnorte.es\/en\/wp-json\/wp\/v2\/media?parent=4153"}],"wp:term":[{"taxonomy":"category","embeddable":true,"href":"https:\/\/familiasmadridnorte.es\/en\/wp-json\/wp\/v2\/categories?post=4153"},{"taxonomy":"post_tag","embeddable":true,"href":"https:\/\/familiasmadridnorte.es\/en\/wp-json\/wp\/v2\/tags?post=4153"}],"curies":[{"name":"wp","href":"https:\/\/api.w.org\/{rel}","templated":true}]}}