{"id":4150,"date":"2026-03-13T12:16:58","date_gmt":"2026-03-13T12:16:58","guid":{"rendered":"https:\/\/familiasmadridnorte.es\/?p=4150"},"modified":"2026-03-13T18:46:39","modified_gmt":"2026-03-13T18:46:39","slug":"pensiones-justas-para-madres-familia-numerosa","status":"publish","type":"post","link":"https:\/\/familiasmadridnorte.es\/en\/pensiones-justas-para-madres-familia-numerosa\/","title":{"rendered":"RECLAMAMOS PENSIONES JUSTAS"},"content":{"rendered":"<h3 class=\"wp-block-heading\">FEDMA denuncia que las pensiones siguen sin reconocer de forma justa a las madres de familias numerosas<br><\/h3>\n\n\n\n<p><strong>NOTA DE PRENSA<\/strong><\/p>\n\n\n\n<p><em>La Federaci\u00f3n reclama una reforma que proteja a las madres que se incorporaron tarde al mercado laboral por la crianza, a las que interrumpieron su empleo para cuidar de sus hijos y a las que no pudieron cotizar lo suficiente, adem\u00e1s de eliminar el l\u00edmite de cuatro hijos en el complemento<\/em><\/p>\n\n\n\n<p>La Federaci\u00f3n Madrile\u00f1a de Familias Numerosas (FEDMA) ha denunciado que el actual sistema de pensiones sigue sin reconocer de forma justa la maternidad, los cuidados y la aportaci\u00f3n social de miles de madres, especialmente en el caso de las familias numerosas. La entidad considera que el complemento para la reducci\u00f3n de la brecha de g\u00e9nero es un avance insuficiente porque deja fuera situaciones muy frecuentes entre las madres que han dedicado a\u00f1os al cuidado de sus hijos.<\/p>\n\n\n\n<p>FEDMA advierte de que el dise\u00f1o actual del complemento no reconoce la maternidad en s\u00ed misma, sino solo una parte de sus efectos sobre la cotizaci\u00f3n, y adem\u00e1s mantiene l\u00edmites que perjudican de forma directa a muchas mujeres. Entre ellas, las madres que se incorporaron tarde al mercado laboral por dedicarse a la crianza, las que interrumpieron durante a\u00f1os su empleo para atender a sus hijos y aquellas que no alcanzaron una cotizaci\u00f3n suficiente precisamente por haber asumido de forma intensa las responsabilidades familiares.<\/p>\n\n\n\n<h3 class=\"wp-block-heading\">El actual sistema de pensiones es insuficiente y penaliza a las familias numerosas<\/h3>\n\n\n\n<p>La Federaci\u00f3n recuerda que el complemento se configura como una cuant\u00eda adicional vinculada a determinadas pensiones contributivas, pero no corrige de forma estructural las trayectorias laborales marcadas por la maternidad. No a\u00f1ade a\u00f1os de cotizaci\u00f3n, no reconstruye carreras profesionales condicionadas por los cuidados y no ofrece respuesta suficiente a quienes vieron limitada su vida laboral desde el inicio o durante largos periodos por dedicarse a sus hijos.<\/p>\n\n\n\n<p>FEDMA denuncia adem\u00e1s que el sistema fija un m\u00e1ximo de cuatro hijos en el complemento, lo que supone que una madre con cinco, seis o m\u00e1s hijos perciba exactamente la misma cuant\u00eda que una con cuatro. A juicio de la entidad, este l\u00edmite carece de sentido, porque deja sin reconocimiento adicional precisamente a las familias numerosas de categor\u00eda especial, que son las que realizan un mayor esfuerzo de crianza y una mayor aportaci\u00f3n demogr\u00e1fica.<\/p>\n\n\n\n<h3 class=\"wp-block-heading\">Reclamamos una reforma estructural que incluya medidas concretas<\/h3>\n\n\n\n<p>Por ello, la Federaci\u00f3n reclama una reforma del sistema p\u00fablico de pensiones que incluya varias medidas fundamentales: que los a\u00f1os dedicados a la crianza y a los cuidados computen como a\u00f1os cotizados a efectos de jubilaci\u00f3n; que se elimine el l\u00edmite m\u00e1ximo de cuatro hijos en el complemento; y que se reconozca tambi\u00e9n la situaci\u00f3n de las madres que no pudieron cotizar lo suficiente o que se incorporaron tarde al empleo por haberse dedicado al cuidado de sus hijos.<\/p>\n\n\n\n<blockquote class=\"wp-block-quote is-layout-flow wp-block-quote-is-layout-flow\">\n<p><strong>\u201cNo parece razonable que el sistema detenga el reconocimiento justo en el cuarto hijo y tampoco que deje fuera a madres cuya dedicaci\u00f3n a la crianza les impidi\u00f3 cotizar o les oblig\u00f3 a incorporarse tarde al mercado laboral. Si de verdad se quiere corregir la brecha ligada a la maternidad, hay que reconocer toda esa realidad\u201d<\/strong>, se\u00f1alan desde FEDMA.<\/p>\n<\/blockquote>\n\n\n\n<p>La entidad defiende que el trabajo de cuidados no remunerado debe tener un reflejo real en la protecci\u00f3n social, porque se trata de una aportaci\u00f3n imprescindible para las familias y para el conjunto de la sociedad. En este sentido, recuerda que la sostenibilidad del sistema p\u00fablico de pensiones depende tambi\u00e9n de la existencia de nuevas generaciones y del esfuerzo de quienes las cr\u00edan y cuidan.<\/p>\n\n\n\n<p>FEDMA pide asimismo que cualquier mejora en este \u00e1mbito tenga car\u00e1cter retroactivo, para no dejar fuera a madres ya jubiladas o pr\u00f3ximas a la jubilaci\u00f3n, y reclama procedimientos claros y accesibles que permitan reconocer estos derechos de forma efectiva.<\/p>\n\n\n\n<blockquote class=\"wp-block-quote is-layout-flow wp-block-quote-is-layout-flow\">\n<p>\u201c<strong>El sistema p\u00fablico de pensiones se apoya en la solidaridad intergeneracional, pero esa solidaridad solo es posible si hay hijos y si alguien los saca adelante. Esa aportaci\u00f3n social, econ\u00f3mica y demogr\u00e1fica no puede seguir siendo ignorada o reconocida solo de forma parcial\u201d<\/strong>, concluye la Federaci\u00f3n.<\/p>\n<\/blockquote>\n\n\n\n<p><a href=\"https:\/\/www.larazon.es\/madrid\/familias-numerosas-madrilenas-exigen-reformar-sistema-pensiones-proteger-maternidad-cuidados_2026031169b12db66cf703292f6cbc97.html\">Ver<\/a><\/p>","protected":false},"excerpt":{"rendered":"<p>La Federaci\u00f3n reclama una reforma que proteja a las madres que se incorporaron tarde al mercado laboral por la crianza, a las que interrumpieron su empleo para cuidar de sus hijos y a las que no pudieron cotizar lo suficiente, adem\u00e1s de eliminar el l\u00edmite de cuatro hijos en el complemento.<\/p>","protected":false},"author":3,"featured_media":4151,"comment_status":"closed","ping_status":"open","sticky":false,"template":"","format":"standard","meta":{"footnotes":""},"categories":[45],"tags":[116,244,84,303,243,113],"class_list":["post-4150","post","type-post","status-publish","format-standard","has-post-thumbnail","hentry","category-noticias","tag-brecha-de-genero","tag-complemento-por-hijos-en-la-pension","tag-maternidad","tag-mujer","tag-pension","tag-pensiones"],"yoast_head":"<!-- This site is optimized with the Yoast SEO plugin v26.7 - https:\/\/yoast.com\/wordpress\/plugins\/seo\/ -->\n<title>RECLAMAMOS PENSIONES JUSTAS - Familias Numerosas<\/title>\n<meta name=\"description\" content=\"Familias Numerosas reclama una reforma que proteja a las madres cuyo tiempo de crianza ha afectado directamente a su pensi\u00f3n.\" \/>\n<meta name=\"robots\" content=\"index, follow, max-snippet:-1, max-image-preview:large, max-video-preview:-1\" \/>\n<link rel=\"canonical\" href=\"https:\/\/familiasmadridnorte.es\/en\/pensiones-justas-para-madres-familia-numerosa\/\" \/>\n<meta property=\"og:locale\" content=\"en_GB\" \/>\n<meta property=\"og:type\" content=\"article\" \/>\n<meta property=\"og:title\" content=\"RECLAMAMOS PENSIONES JUSTAS - Familias Numerosas\" \/>\n<meta property=\"og:description\" content=\"Familias Numerosas reclama una reforma que proteja a las madres cuyo tiempo de crianza ha afectado directamente a su pensi\u00f3n.\" \/>\n<meta property=\"og:url\" content=\"https:\/\/familiasmadridnorte.es\/en\/pensiones-justas-para-madres-familia-numerosa\/\" \/>\n<meta property=\"og:site_name\" content=\"Familias Numerosas\" \/>\n<meta property=\"article:published_time\" content=\"2026-03-13T12:16:58+00:00\" \/>\n<meta property=\"article:modified_time\" content=\"2026-03-13T18:46:39+00:00\" \/>\n<meta property=\"og:image\" content=\"http:\/\/familiasmadridnorte.es\/wp-content\/uploads\/2026\/03\/pensiones-justas-madres-2026.jpg\" \/>\n\t<meta property=\"og:image:width\" content=\"900\" \/>\n\t<meta property=\"og:image:height\" content=\"600\" \/>\n\t<meta property=\"og:image:type\" content=\"image\/jpeg\" \/>\n<meta name=\"author\" content=\"Ana\" \/>\n<meta name=\"twitter:card\" content=\"summary_large_image\" \/>\n<meta name=\"twitter:label1\" content=\"Written by\" \/>\n\t<meta name=\"twitter:data1\" content=\"Ana\" \/>\n\t<meta name=\"twitter:label2\" content=\"Estimated reading time\" \/>\n\t<meta name=\"twitter:data2\" content=\"3 minutes\" \/>\n<script type=\"application\/ld+json\" class=\"yoast-schema-graph\">{\"@context\":\"https:\/\/schema.org\",\"@graph\":[{\"@type\":\"Article\",\"@id\":\"https:\/\/familiasmadridnorte.es\/pensiones-justas-para-madres-familia-numerosa\/#article\",\"isPartOf\":{\"@id\":\"https:\/\/familiasmadridnorte.es\/pensiones-justas-para-madres-familia-numerosa\/\"},\"author\":{\"name\":\"Ana\",\"@id\":\"https:\/\/familiasmadridnorte.es\/#\/schema\/person\/f8a16592344491533ad78d19aa1d57c5\"},\"headline\":\"RECLAMAMOS PENSIONES JUSTAS\",\"datePublished\":\"2026-03-13T12:16:58+00:00\",\"dateModified\":\"2026-03-13T18:46:39+00:00\",\"mainEntityOfPage\":{\"@id\":\"https:\/\/familiasmadridnorte.es\/pensiones-justas-para-madres-familia-numerosa\/\"},\"wordCount\":738,\"publisher\":{\"@id\":\"https:\/\/familiasmadridnorte.es\/#organization\"},\"image\":{\"@id\":\"https:\/\/familiasmadridnorte.es\/pensiones-justas-para-madres-familia-numerosa\/#primaryimage\"},\"thumbnailUrl\":\"https:\/\/familiasmadridnorte.es\/wp-content\/uploads\/2026\/03\/pensiones-justas-madres-2026.jpg\",\"keywords\":[\"brecha de g\u00e9nero\",\"complemento por hijos en la pensi\u00f3n\",\"maternidad\",\"mujer\",\"pensi\u00f3n\",\"pensiones\"],\"articleSection\":[\"noticias\"],\"inLanguage\":\"en-GB\"},{\"@type\":\"WebPage\",\"@id\":\"https:\/\/familiasmadridnorte.es\/pensiones-justas-para-madres-familia-numerosa\/\",\"url\":\"https:\/\/familiasmadridnorte.es\/pensiones-justas-para-madres-familia-numerosa\/\",\"name\":\"RECLAMAMOS PENSIONES JUSTAS - Familias Numerosas\",\"isPartOf\":{\"@id\":\"https:\/\/familiasmadridnorte.es\/#website\"},\"primaryImageOfPage\":{\"@id\":\"https:\/\/familiasmadridnorte.es\/pensiones-justas-para-madres-familia-numerosa\/#primaryimage\"},\"image\":{\"@id\":\"https:\/\/familiasmadridnorte.es\/pensiones-justas-para-madres-familia-numerosa\/#primaryimage\"},\"thumbnailUrl\":\"https:\/\/familiasmadridnorte.es\/wp-content\/uploads\/2026\/03\/pensiones-justas-madres-2026.jpg\",\"datePublished\":\"2026-03-13T12:16:58+00:00\",\"dateModified\":\"2026-03-13T18:46:39+00:00\",\"description\":\"Familias Numerosas reclama una reforma que proteja a las madres cuyo tiempo de crianza ha afectado directamente a su pensi\u00f3n.\",\"breadcrumb\":{\"@id\":\"https:\/\/familiasmadridnorte.es\/pensiones-justas-para-madres-familia-numerosa\/#breadcrumb\"},\"inLanguage\":\"en-GB\",\"potentialAction\":[{\"@type\":\"ReadAction\",\"target\":[\"https:\/\/familiasmadridnorte.es\/pensiones-justas-para-madres-familia-numerosa\/\"]}]},{\"@type\":\"ImageObject\",\"inLanguage\":\"en-GB\",\"@id\":\"https:\/\/familiasmadridnorte.es\/pensiones-justas-para-madres-familia-numerosa\/#primaryimage\",\"url\":\"https:\/\/familiasmadridnorte.es\/wp-content\/uploads\/2026\/03\/pensiones-justas-madres-2026.jpg\",\"contentUrl\":\"https:\/\/familiasmadridnorte.es\/wp-content\/uploads\/2026\/03\/pensiones-justas-madres-2026.jpg\",\"width\":900,\"height\":600,\"caption\":\"reclamamos pensiones justas para las madres\"},{\"@type\":\"BreadcrumbList\",\"@id\":\"https:\/\/familiasmadridnorte.es\/pensiones-justas-para-madres-familia-numerosa\/#breadcrumb\",\"itemListElement\":[{\"@type\":\"ListItem\",\"position\":1,\"name\":\"Portada\",\"item\":\"https:\/\/familiasmadridnorte.es\/\"},{\"@type\":\"ListItem\",\"position\":2,\"name\":\"RECLAMAMOS PENSIONES JUSTAS\"}]},{\"@type\":\"WebSite\",\"@id\":\"https:\/\/familiasmadridnorte.es\/#website\",\"url\":\"https:\/\/familiasmadridnorte.es\/\",\"name\":\"Familias Numerosas\",\"description\":\"La Asociaci\u00f3n de Familias Numerosas Zona Norte de Madrid (AFAN Zona Norte Madrid) lleva 20 a\u00f1os apoyando y representando a las familias numerosas, defendiendo sus derechos y destacando su valiosa aportaci\u00f3n a la sociedad.\",\"publisher\":{\"@id\":\"https:\/\/familiasmadridnorte.es\/#organization\"},\"potentialAction\":[{\"@type\":\"SearchAction\",\"target\":{\"@type\":\"EntryPoint\",\"urlTemplate\":\"https:\/\/familiasmadridnorte.es\/?s={search_term_string}\"},\"query-input\":{\"@type\":\"PropertyValueSpecification\",\"valueRequired\":true,\"valueName\":\"search_term_string\"}}],\"inLanguage\":\"en-GB\"},{\"@type\":\"Organization\",\"@id\":\"https:\/\/familiasmadridnorte.es\/#organization\",\"name\":\"Familias Numerosas\",\"url\":\"https:\/\/familiasmadridnorte.es\/\",\"logo\":{\"@type\":\"ImageObject\",\"inLanguage\":\"en-GB\",\"@id\":\"https:\/\/familiasmadridnorte.es\/#\/schema\/logo\/image\/\",\"url\":\"https:\/\/familiasmadridnorte.es\/wp-content\/uploads\/2025\/06\/Logo_AFAN-1024x724-1.png\",\"contentUrl\":\"https:\/\/familiasmadridnorte.es\/wp-content\/uploads\/2025\/06\/Logo_AFAN-1024x724-1.png\",\"width\":1024,\"height\":724,\"caption\":\"Familias Numerosas\"},\"image\":{\"@id\":\"https:\/\/familiasmadridnorte.es\/#\/schema\/logo\/image\/\"}},{\"@type\":\"Person\",\"@id\":\"https:\/\/familiasmadridnorte.es\/#\/schema\/person\/f8a16592344491533ad78d19aa1d57c5\",\"name\":\"Ana\",\"image\":{\"@type\":\"ImageObject\",\"inLanguage\":\"en-GB\",\"@id\":\"https:\/\/familiasmadridnorte.es\/#\/schema\/person\/image\/\",\"url\":\"https:\/\/secure.gravatar.com\/avatar\/42d6e65fc485c2f9833f403d55ce186e8236e6d2d9b30b4bf6673c5796f5955b?s=96&d=mm&r=g\",\"contentUrl\":\"https:\/\/secure.gravatar.com\/avatar\/42d6e65fc485c2f9833f403d55ce186e8236e6d2d9b30b4bf6673c5796f5955b?s=96&d=mm&r=g\",\"caption\":\"Ana\"},\"url\":\"https:\/\/familiasmadridnorte.es\/en\/author\/ana\/\"}]}<\/script>\n<!-- \/ Yoast SEO plugin. -->","yoast_head_json":{"title":"RECLAMAMOS PENSIONES JUSTAS - Familias Numerosas","description":"Familias Numerosas reclama una reforma que proteja a las madres cuyo tiempo de crianza ha afectado directamente a su pensi\u00f3n.","robots":{"index":"index","follow":"follow","max-snippet":"max-snippet:-1","max-image-preview":"max-image-preview:large","max-video-preview":"max-video-preview:-1"},"canonical":"https:\/\/familiasmadridnorte.es\/en\/pensiones-justas-para-madres-familia-numerosa\/","og_locale":"en_GB","og_type":"article","og_title":"RECLAMAMOS PENSIONES JUSTAS - Familias Numerosas","og_description":"Familias Numerosas reclama una reforma que proteja a las madres cuyo tiempo de crianza ha afectado directamente a su pensi\u00f3n.","og_url":"https:\/\/familiasmadridnorte.es\/en\/pensiones-justas-para-madres-familia-numerosa\/","og_site_name":"Familias Numerosas","article_published_time":"2026-03-13T12:16:58+00:00","article_modified_time":"2026-03-13T18:46:39+00:00","og_image":[{"width":900,"height":600,"url":"http:\/\/familiasmadridnorte.es\/wp-content\/uploads\/2026\/03\/pensiones-justas-madres-2026.jpg","type":"image\/jpeg"}],"author":"Ana","twitter_card":"summary_large_image","twitter_misc":{"Written by":"Ana","Estimated reading time":"3 minutes"},"schema":{"@context":"https:\/\/schema.org","@graph":[{"@type":"Article","@id":"https:\/\/familiasmadridnorte.es\/pensiones-justas-para-madres-familia-numerosa\/#article","isPartOf":{"@id":"https:\/\/familiasmadridnorte.es\/pensiones-justas-para-madres-familia-numerosa\/"},"author":{"name":"Ana","@id":"https:\/\/familiasmadridnorte.es\/#\/schema\/person\/f8a16592344491533ad78d19aa1d57c5"},"headline":"RECLAMAMOS PENSIONES JUSTAS","datePublished":"2026-03-13T12:16:58+00:00","dateModified":"2026-03-13T18:46:39+00:00","mainEntityOfPage":{"@id":"https:\/\/familiasmadridnorte.es\/pensiones-justas-para-madres-familia-numerosa\/"},"wordCount":738,"publisher":{"@id":"https:\/\/familiasmadridnorte.es\/#organization"},"image":{"@id":"https:\/\/familiasmadridnorte.es\/pensiones-justas-para-madres-familia-numerosa\/#primaryimage"},"thumbnailUrl":"https:\/\/familiasmadridnorte.es\/wp-content\/uploads\/2026\/03\/pensiones-justas-madres-2026.jpg","keywords":["brecha de g\u00e9nero","complemento por hijos en la pensi\u00f3n","maternidad","mujer","pensi\u00f3n","pensiones"],"articleSection":["noticias"],"inLanguage":"en-GB"},{"@type":"WebPage","@id":"https:\/\/familiasmadridnorte.es\/pensiones-justas-para-madres-familia-numerosa\/","url":"https:\/\/familiasmadridnorte.es\/pensiones-justas-para-madres-familia-numerosa\/","name":"RECLAMAMOS PENSIONES JUSTAS - Familias Numerosas","isPartOf":{"@id":"https:\/\/familiasmadridnorte.es\/#website"},"primaryImageOfPage":{"@id":"https:\/\/familiasmadridnorte.es\/pensiones-justas-para-madres-familia-numerosa\/#primaryimage"},"image":{"@id":"https:\/\/familiasmadridnorte.es\/pensiones-justas-para-madres-familia-numerosa\/#primaryimage"},"thumbnailUrl":"https:\/\/familiasmadridnorte.es\/wp-content\/uploads\/2026\/03\/pensiones-justas-madres-2026.jpg","datePublished":"2026-03-13T12:16:58+00:00","dateModified":"2026-03-13T18:46:39+00:00","description":"Familias Numerosas reclama una reforma que proteja a las madres cuyo tiempo de crianza ha afectado directamente a su pensi\u00f3n.","breadcrumb":{"@id":"https:\/\/familiasmadridnorte.es\/pensiones-justas-para-madres-familia-numerosa\/#breadcrumb"},"inLanguage":"en-GB","potentialAction":[{"@type":"ReadAction","target":["https:\/\/familiasmadridnorte.es\/pensiones-justas-para-madres-familia-numerosa\/"]}]},{"@type":"ImageObject","inLanguage":"en-GB","@id":"https:\/\/familiasmadridnorte.es\/pensiones-justas-para-madres-familia-numerosa\/#primaryimage","url":"https:\/\/familiasmadridnorte.es\/wp-content\/uploads\/2026\/03\/pensiones-justas-madres-2026.jpg","contentUrl":"https:\/\/familiasmadridnorte.es\/wp-content\/uploads\/2026\/03\/pensiones-justas-madres-2026.jpg","width":900,"height":600,"caption":"reclamamos pensiones justas para las madres"},{"@type":"BreadcrumbList","@id":"https:\/\/familiasmadridnorte.es\/pensiones-justas-para-madres-familia-numerosa\/#breadcrumb","itemListElement":[{"@type":"ListItem","position":1,"name":"Portada","item":"https:\/\/familiasmadridnorte.es\/"},{"@type":"ListItem","position":2,"name":"RECLAMAMOS PENSIONES JUSTAS"}]},{"@type":"WebSite","@id":"https:\/\/familiasmadridnorte.es\/#website","url":"https:\/\/familiasmadridnorte.es\/","name":"Large Families","description":"La Asociaci\u00f3n de Familias Numerosas Zona Norte de Madrid (AFAN Zona Norte Madrid) lleva 20 a\u00f1os apoyando y representando a las familias numerosas, defendiendo sus derechos y destacando su valiosa aportaci\u00f3n a la sociedad.","publisher":{"@id":"https:\/\/familiasmadridnorte.es\/#organization"},"potentialAction":[{"@type":"SearchAction","target":{"@type":"EntryPoint","urlTemplate":"https:\/\/familiasmadridnorte.es\/?s={search_term_string}"},"query-input":{"@type":"PropertyValueSpecification","valueRequired":true,"valueName":"search_term_string"}}],"inLanguage":"en-GB"},{"@type":"Organization","@id":"https:\/\/familiasmadridnorte.es\/#organization","name":"Large Families","url":"https:\/\/familiasmadridnorte.es\/","logo":{"@type":"ImageObject","inLanguage":"en-GB","@id":"https:\/\/familiasmadridnorte.es\/#\/schema\/logo\/image\/","url":"https:\/\/familiasmadridnorte.es\/wp-content\/uploads\/2025\/06\/Logo_AFAN-1024x724-1.png","contentUrl":"https:\/\/familiasmadridnorte.es\/wp-content\/uploads\/2025\/06\/Logo_AFAN-1024x724-1.png","width":1024,"height":724,"caption":"Familias Numerosas"},"image":{"@id":"https:\/\/familiasmadridnorte.es\/#\/schema\/logo\/image\/"}},{"@type":"Person","@id":"https:\/\/familiasmadridnorte.es\/#\/schema\/person\/f8a16592344491533ad78d19aa1d57c5","name":"Ana","image":{"@type":"ImageObject","inLanguage":"en-GB","@id":"https:\/\/familiasmadridnorte.es\/#\/schema\/person\/image\/","url":"https:\/\/secure.gravatar.com\/avatar\/42d6e65fc485c2f9833f403d55ce186e8236e6d2d9b30b4bf6673c5796f5955b?s=96&d=mm&r=g","contentUrl":"https:\/\/secure.gravatar.com\/avatar\/42d6e65fc485c2f9833f403d55ce186e8236e6d2d9b30b4bf6673c5796f5955b?s=96&d=mm&r=g","caption":"Ana"},"url":"https:\/\/familiasmadridnorte.es\/en\/author\/ana\/"}]}},"_links":{"self":[{"href":"https:\/\/familiasmadridnorte.es\/en\/wp-json\/wp\/v2\/posts\/4150","targetHints":{"allow":["GET"]}}],"collection":[{"href":"https:\/\/familiasmadridnorte.es\/en\/wp-json\/wp\/v2\/posts"}],"about":[{"href":"https:\/\/familiasmadridnorte.es\/en\/wp-json\/wp\/v2\/types\/post"}],"author":[{"embeddable":true,"href":"https:\/\/familiasmadridnorte.es\/en\/wp-json\/wp\/v2\/users\/3"}],"replies":[{"embeddable":true,"href":"https:\/\/familiasmadridnorte.es\/en\/wp-json\/wp\/v2\/comments?post=4150"}],"version-history":[{"count":1,"href":"https:\/\/familiasmadridnorte.es\/en\/wp-json\/wp\/v2\/posts\/4150\/revisions"}],"predecessor-version":[{"id":4152,"href":"https:\/\/familiasmadridnorte.es\/en\/wp-json\/wp\/v2\/posts\/4150\/revisions\/4152"}],"wp:featuredmedia":[{"embeddable":true,"href":"https:\/\/familiasmadridnorte.es\/en\/wp-json\/wp\/v2\/media\/4151"}],"wp:attachment":[{"href":"https:\/\/familiasmadridnorte.es\/en\/wp-json\/wp\/v2\/media?parent=4150"}],"wp:term":[{"taxonomy":"category","embeddable":true,"href":"https:\/\/familiasmadridnorte.es\/en\/wp-json\/wp\/v2\/categories?post=4150"},{"taxonomy":"post_tag","embeddable":true,"href":"https:\/\/familiasmadridnorte.es\/en\/wp-json\/wp\/v2\/tags?post=4150"}],"curies":[{"name":"wp","href":"https:\/\/api.w.org\/{rel}","templated":true}]}}