{"id":3920,"date":"2026-01-29T11:06:45","date_gmt":"2026-01-29T11:06:45","guid":{"rendered":"https:\/\/familiasmadridnorte.es\/?p=3920"},"modified":"2026-01-29T14:07:54","modified_gmt":"2026-01-29T14:07:54","slug":"recurso-tribunal-supremo-bebe-no-nacido","status":"publish","type":"post","link":"https:\/\/familiasmadridnorte.es\/en\/recurso-tribunal-supremo-bebe-no-nacido\/","title":{"rendered":"LEGISLACI\u00d3N: PENDIENTES DEL ITP EN VIVIENDA"},"content":{"rendered":"<h2 class=\"wp-block-heading\">\u2696\ufe0f El Supremo decidir\u00e1 si los beneficios de familia numerosa se aplican desde el embarazo<\/h2>\n\n\n\n<p>El Tribunal Supremo ha dado un paso que podr\u00eda suponer un ahorro de miles de euros para muchas familias. El Alto Tribunal ha admitido a tr\u00e1mite un recurso para decidir si se puede aplicar la reducci\u00f3n del <strong>Impuesto de Transmisiones Patrimoniales (ITP)<\/strong> por familia numerosa cuando el tercer hijo a\u00fan no ha nacido, pero ya est\u00e1 en proceso de gestaci\u00f3n.<\/p>\n\n\n\n<h3 class=\"wp-block-heading\">\ud83e\udd30 \u00bfPor qu\u00e9 es importante este recurso?<\/h3>\n\n\n\n<p>Hasta ahora, muchas familias que compran su vivienda habitual mientras esperan a su tercer hijo no pueden beneficiarse de los descuentos fiscales hasta que el beb\u00e9 nace.<\/p>\n\n\n\n<p>El recurso plantea que, seg\u00fan el derecho civil, el concebido se tiene por nacido para todos los efectos que le sean favorables. Por tanto, el Supremo deber\u00e1 determinar si esta protecci\u00f3n tambi\u00e9n se aplica al \u00e1mbito de los impuestos.<\/p>\n\n\n\n<hr class=\"wp-block-separator has-alpha-channel-opacity\"\/>\n\n\n\n<h3 class=\"wp-block-heading\">\ud83d\udcb0 \u00bfDe cu\u00e1nto ahorro estamos hablando?<\/h3>\n\n\n\n<p>La diferencia de pagar el impuesto con o sin el t\u00edtulo de familia numerosa es muy alta. Varias Comunidades Aut\u00f3nomas ya aplican tipos reducidos. Veamos dos ejemplos claros:<\/p>\n\n\n\n<ul class=\"wp-block-list\">\n<li><strong>En la Comunidad de Madrid:<\/strong> El impuesto baja del <strong>6% al 4%<\/strong>. En una vivienda de 300.000 \u20ac, el ahorro ser\u00eda de <strong>6.000 euros<\/strong>.<\/li>\n\n\n\n<li><strong>En Cantabria:<\/strong> El tipo general del 9% baja al <strong>4%<\/strong>. En la misma vivienda de 300.000 \u20ac, el ahorro ascender\u00eda a <strong>15.000 euros<\/strong>.<\/li>\n<\/ul>\n\n\n\n<p>Si el Tribunal Supremo falla a favor de las familias, estas bonificaciones podr\u00edan solicitarse desde el momento del embarazo, facilitando el acceso a una vivienda m\u00e1s grande antes de que crezca la familia.<\/p>\n\n\n\n<hr class=\"wp-block-separator has-alpha-channel-opacity\"\/>\n\n\n\n<h3 class=\"wp-block-heading\">\ud83d\udd0d \u00bfQu\u00e9 dice el Tribunal Supremo?<\/h3>\n\n\n\n<p>Aunque otros tribunales (como el de Madrid) hab\u00edan denegado esta ayuda alegando que el beb\u00e9 a\u00fan no tiene \u00abpersonalidad jur\u00eddica\u00bb, el Tribunal Supremo ha decidido estudiar el caso a fondo.<\/p>\n\n\n\n<p>El Alto Tribunal reconoce que <strong>\u00abel Derecho evoluciona\u00bb<\/strong>. Se\u00f1ala que existen otros casos donde se reconocen derechos a entidades sin personalidad jur\u00eddica, por lo que ahora es necesario sentar una base legal clara (jurisprudencia) sobre este asunto.<\/p>\n\n\n\n<h3 class=\"wp-block-heading\">\ud83d\udce2 Seguiremos informando<\/h3>\n\n\n\n<p>Desde la Asociaci\u00f3n estaremos muy atentos a la sentencia definitiva. Si el fallo es favorable, os informaremos sobre c\u00f3mo reclamar o aplicar este descuento.<\/p>","protected":false},"excerpt":{"rendered":"<p>El Alto Tribunal ha admitido a tr\u00e1mite un recurso para decidir si se puede aplicar la reducci\u00f3n del Impuesto de Transmisiones Patrimoniales (ITP) por familia numerosa cuando el tercer hijo a\u00fan no ha nacido, pero ya est\u00e1 en proceso de gestaci\u00f3n.<\/p>","protected":false},"author":3,"featured_media":3921,"comment_status":"closed","ping_status":"open","sticky":false,"template":"","format":"standard","meta":{"footnotes":""},"categories":[45],"tags":[319,107,411,37,412,160,105,410],"class_list":["post-3920","post","type-post","status-publish","format-standard","has-post-thumbnail","hentry","category-noticias","tag-ayudas-familiares","tag-beneficios-familias-numerosas","tag-bonificacion","tag-familia-numerosa","tag-impuesto-de-transmisiones-patrimoniales","tag-impuestos","tag-legislacion","tag-nasciturus"],"yoast_head":"<!-- This site is optimized with the Yoast SEO plugin v26.7 - https:\/\/yoast.com\/wordpress\/plugins\/seo\/ -->\n<title>LEGISLACI\u00d3N: PENDIENTES DEL ITP EN VIVIENDA - Familias Numerosas<\/title>\n<meta name=\"description\" content=\"El Tribunal Supremo ha admitido un recurso para decidir si se puede aplicar la reducci\u00f3n del ITP por familia numerosa con beb\u00e9 no nacido\" \/>\n<meta name=\"robots\" content=\"index, follow, max-snippet:-1, max-image-preview:large, max-video-preview:-1\" \/>\n<link rel=\"canonical\" href=\"https:\/\/familiasmadridnorte.es\/en\/recurso-tribunal-supremo-bebe-no-nacido\/\" \/>\n<meta property=\"og:locale\" content=\"en_GB\" \/>\n<meta property=\"og:type\" content=\"article\" \/>\n<meta property=\"og:title\" content=\"LEGISLACI\u00d3N: PENDIENTES DEL ITP EN VIVIENDA - Familias Numerosas\" \/>\n<meta property=\"og:description\" content=\"El Tribunal Supremo ha admitido un recurso para decidir si se puede aplicar la reducci\u00f3n del ITP por familia numerosa con beb\u00e9 no nacido\" \/>\n<meta property=\"og:url\" content=\"https:\/\/familiasmadridnorte.es\/en\/recurso-tribunal-supremo-bebe-no-nacido\/\" \/>\n<meta property=\"og:site_name\" content=\"Familias Numerosas\" \/>\n<meta property=\"article:published_time\" content=\"2026-01-29T11:06:45+00:00\" \/>\n<meta property=\"article:modified_time\" content=\"2026-01-29T14:07:54+00:00\" \/>\n<meta property=\"og:image\" content=\"http:\/\/familiasmadridnorte.es\/wp-content\/uploads\/2026\/01\/Recurso-al-TS-bebe-no-nacido.jpg\" \/>\n\t<meta property=\"og:image:width\" content=\"900\" \/>\n\t<meta property=\"og:image:height\" content=\"600\" \/>\n\t<meta property=\"og:image:type\" content=\"image\/jpeg\" \/>\n<meta name=\"author\" content=\"Ana\" \/>\n<meta name=\"twitter:card\" content=\"summary_large_image\" \/>\n<meta name=\"twitter:label1\" content=\"Written by\" \/>\n\t<meta name=\"twitter:data1\" content=\"Ana\" \/>\n\t<meta name=\"twitter:label2\" content=\"Estimated reading time\" \/>\n\t<meta name=\"twitter:data2\" content=\"2 minutes\" \/>\n<script type=\"application\/ld+json\" class=\"yoast-schema-graph\">{\"@context\":\"https:\/\/schema.org\",\"@graph\":[{\"@type\":\"Article\",\"@id\":\"https:\/\/familiasmadridnorte.es\/recurso-tribunal-supremo-bebe-no-nacido\/#article\",\"isPartOf\":{\"@id\":\"https:\/\/familiasmadridnorte.es\/recurso-tribunal-supremo-bebe-no-nacido\/\"},\"author\":{\"name\":\"Ana\",\"@id\":\"https:\/\/familiasmadridnorte.es\/#\/schema\/person\/f8a16592344491533ad78d19aa1d57c5\"},\"headline\":\"LEGISLACI\u00d3N: PENDIENTES DEL ITP EN VIVIENDA\",\"datePublished\":\"2026-01-29T11:06:45+00:00\",\"dateModified\":\"2026-01-29T14:07:54+00:00\",\"mainEntityOfPage\":{\"@id\":\"https:\/\/familiasmadridnorte.es\/recurso-tribunal-supremo-bebe-no-nacido\/\"},\"wordCount\":376,\"publisher\":{\"@id\":\"https:\/\/familiasmadridnorte.es\/#organization\"},\"image\":{\"@id\":\"https:\/\/familiasmadridnorte.es\/recurso-tribunal-supremo-bebe-no-nacido\/#primaryimage\"},\"thumbnailUrl\":\"https:\/\/familiasmadridnorte.es\/wp-content\/uploads\/2026\/01\/Recurso-al-TS-bebe-no-nacido.jpg\",\"keywords\":[\"ayudas familiares\",\"beneficios familias numerosas\",\"bonificaci\u00f3n\",\"familia numerosa\",\"impuesto de transmisiones patrimoniales\",\"impuestos\",\"legislaci\u00f3n\",\"nasciturus\"],\"articleSection\":[\"noticias\"],\"inLanguage\":\"en-GB\"},{\"@type\":\"WebPage\",\"@id\":\"https:\/\/familiasmadridnorte.es\/recurso-tribunal-supremo-bebe-no-nacido\/\",\"url\":\"https:\/\/familiasmadridnorte.es\/recurso-tribunal-supremo-bebe-no-nacido\/\",\"name\":\"LEGISLACI\u00d3N: PENDIENTES DEL ITP EN VIVIENDA - Familias Numerosas\",\"isPartOf\":{\"@id\":\"https:\/\/familiasmadridnorte.es\/#website\"},\"primaryImageOfPage\":{\"@id\":\"https:\/\/familiasmadridnorte.es\/recurso-tribunal-supremo-bebe-no-nacido\/#primaryimage\"},\"image\":{\"@id\":\"https:\/\/familiasmadridnorte.es\/recurso-tribunal-supremo-bebe-no-nacido\/#primaryimage\"},\"thumbnailUrl\":\"https:\/\/familiasmadridnorte.es\/wp-content\/uploads\/2026\/01\/Recurso-al-TS-bebe-no-nacido.jpg\",\"datePublished\":\"2026-01-29T11:06:45+00:00\",\"dateModified\":\"2026-01-29T14:07:54+00:00\",\"description\":\"El Tribunal Supremo ha admitido un recurso para decidir si se puede aplicar la reducci\u00f3n del ITP por familia numerosa con beb\u00e9 no nacido\",\"breadcrumb\":{\"@id\":\"https:\/\/familiasmadridnorte.es\/recurso-tribunal-supremo-bebe-no-nacido\/#breadcrumb\"},\"inLanguage\":\"en-GB\",\"potentialAction\":[{\"@type\":\"ReadAction\",\"target\":[\"https:\/\/familiasmadridnorte.es\/recurso-tribunal-supremo-bebe-no-nacido\/\"]}]},{\"@type\":\"ImageObject\",\"inLanguage\":\"en-GB\",\"@id\":\"https:\/\/familiasmadridnorte.es\/recurso-tribunal-supremo-bebe-no-nacido\/#primaryimage\",\"url\":\"https:\/\/familiasmadridnorte.es\/wp-content\/uploads\/2026\/01\/Recurso-al-TS-bebe-no-nacido.jpg\",\"contentUrl\":\"https:\/\/familiasmadridnorte.es\/wp-content\/uploads\/2026\/01\/Recurso-al-TS-bebe-no-nacido.jpg\",\"width\":900,\"height\":600,\"caption\":\"recurso Supremo beb\u00e9 no nacido\"},{\"@type\":\"BreadcrumbList\",\"@id\":\"https:\/\/familiasmadridnorte.es\/recurso-tribunal-supremo-bebe-no-nacido\/#breadcrumb\",\"itemListElement\":[{\"@type\":\"ListItem\",\"position\":1,\"name\":\"Portada\",\"item\":\"https:\/\/familiasmadridnorte.es\/\"},{\"@type\":\"ListItem\",\"position\":2,\"name\":\"LEGISLACI\u00d3N: PENDIENTES DEL ITP EN VIVIENDA\"}]},{\"@type\":\"WebSite\",\"@id\":\"https:\/\/familiasmadridnorte.es\/#website\",\"url\":\"https:\/\/familiasmadridnorte.es\/\",\"name\":\"Familias Numerosas\",\"description\":\"La Asociaci\u00f3n de Familias Numerosas Zona Norte de Madrid (AFAN Zona Norte Madrid) lleva 20 a\u00f1os apoyando y representando a las familias numerosas, defendiendo sus derechos y destacando su valiosa aportaci\u00f3n a la sociedad.\",\"publisher\":{\"@id\":\"https:\/\/familiasmadridnorte.es\/#organization\"},\"potentialAction\":[{\"@type\":\"SearchAction\",\"target\":{\"@type\":\"EntryPoint\",\"urlTemplate\":\"https:\/\/familiasmadridnorte.es\/?s={search_term_string}\"},\"query-input\":{\"@type\":\"PropertyValueSpecification\",\"valueRequired\":true,\"valueName\":\"search_term_string\"}}],\"inLanguage\":\"en-GB\"},{\"@type\":\"Organization\",\"@id\":\"https:\/\/familiasmadridnorte.es\/#organization\",\"name\":\"Familias Numerosas\",\"url\":\"https:\/\/familiasmadridnorte.es\/\",\"logo\":{\"@type\":\"ImageObject\",\"inLanguage\":\"en-GB\",\"@id\":\"https:\/\/familiasmadridnorte.es\/#\/schema\/logo\/image\/\",\"url\":\"https:\/\/familiasmadridnorte.es\/wp-content\/uploads\/2025\/06\/Logo_AFAN-1024x724-1.png\",\"contentUrl\":\"https:\/\/familiasmadridnorte.es\/wp-content\/uploads\/2025\/06\/Logo_AFAN-1024x724-1.png\",\"width\":1024,\"height\":724,\"caption\":\"Familias Numerosas\"},\"image\":{\"@id\":\"https:\/\/familiasmadridnorte.es\/#\/schema\/logo\/image\/\"}},{\"@type\":\"Person\",\"@id\":\"https:\/\/familiasmadridnorte.es\/#\/schema\/person\/f8a16592344491533ad78d19aa1d57c5\",\"name\":\"Ana\",\"image\":{\"@type\":\"ImageObject\",\"inLanguage\":\"en-GB\",\"@id\":\"https:\/\/familiasmadridnorte.es\/#\/schema\/person\/image\/\",\"url\":\"https:\/\/secure.gravatar.com\/avatar\/42d6e65fc485c2f9833f403d55ce186e8236e6d2d9b30b4bf6673c5796f5955b?s=96&d=mm&r=g\",\"contentUrl\":\"https:\/\/secure.gravatar.com\/avatar\/42d6e65fc485c2f9833f403d55ce186e8236e6d2d9b30b4bf6673c5796f5955b?s=96&d=mm&r=g\",\"caption\":\"Ana\"},\"url\":\"https:\/\/familiasmadridnorte.es\/en\/author\/ana\/\"}]}<\/script>\n<!-- \/ Yoast SEO plugin. -->","yoast_head_json":{"title":"LEGISLACI\u00d3N: PENDIENTES DEL ITP EN VIVIENDA - Familias Numerosas","description":"El Tribunal Supremo ha admitido un recurso para decidir si se puede aplicar la reducci\u00f3n del ITP por familia numerosa con beb\u00e9 no nacido","robots":{"index":"index","follow":"follow","max-snippet":"max-snippet:-1","max-image-preview":"max-image-preview:large","max-video-preview":"max-video-preview:-1"},"canonical":"https:\/\/familiasmadridnorte.es\/en\/recurso-tribunal-supremo-bebe-no-nacido\/","og_locale":"en_GB","og_type":"article","og_title":"LEGISLACI\u00d3N: PENDIENTES DEL ITP EN VIVIENDA - Familias Numerosas","og_description":"El Tribunal Supremo ha admitido un recurso para decidir si se puede aplicar la reducci\u00f3n del ITP por familia numerosa con beb\u00e9 no nacido","og_url":"https:\/\/familiasmadridnorte.es\/en\/recurso-tribunal-supremo-bebe-no-nacido\/","og_site_name":"Familias Numerosas","article_published_time":"2026-01-29T11:06:45+00:00","article_modified_time":"2026-01-29T14:07:54+00:00","og_image":[{"width":900,"height":600,"url":"http:\/\/familiasmadridnorte.es\/wp-content\/uploads\/2026\/01\/Recurso-al-TS-bebe-no-nacido.jpg","type":"image\/jpeg"}],"author":"Ana","twitter_card":"summary_large_image","twitter_misc":{"Written by":"Ana","Estimated reading time":"2 minutes"},"schema":{"@context":"https:\/\/schema.org","@graph":[{"@type":"Article","@id":"https:\/\/familiasmadridnorte.es\/recurso-tribunal-supremo-bebe-no-nacido\/#article","isPartOf":{"@id":"https:\/\/familiasmadridnorte.es\/recurso-tribunal-supremo-bebe-no-nacido\/"},"author":{"name":"Ana","@id":"https:\/\/familiasmadridnorte.es\/#\/schema\/person\/f8a16592344491533ad78d19aa1d57c5"},"headline":"LEGISLACI\u00d3N: PENDIENTES DEL ITP EN VIVIENDA","datePublished":"2026-01-29T11:06:45+00:00","dateModified":"2026-01-29T14:07:54+00:00","mainEntityOfPage":{"@id":"https:\/\/familiasmadridnorte.es\/recurso-tribunal-supremo-bebe-no-nacido\/"},"wordCount":376,"publisher":{"@id":"https:\/\/familiasmadridnorte.es\/#organization"},"image":{"@id":"https:\/\/familiasmadridnorte.es\/recurso-tribunal-supremo-bebe-no-nacido\/#primaryimage"},"thumbnailUrl":"https:\/\/familiasmadridnorte.es\/wp-content\/uploads\/2026\/01\/Recurso-al-TS-bebe-no-nacido.jpg","keywords":["ayudas familiares","beneficios familias numerosas","bonificaci\u00f3n","familia numerosa","impuesto de transmisiones patrimoniales","impuestos","legislaci\u00f3n","nasciturus"],"articleSection":["noticias"],"inLanguage":"en-GB"},{"@type":"WebPage","@id":"https:\/\/familiasmadridnorte.es\/recurso-tribunal-supremo-bebe-no-nacido\/","url":"https:\/\/familiasmadridnorte.es\/recurso-tribunal-supremo-bebe-no-nacido\/","name":"LEGISLACI\u00d3N: PENDIENTES DEL ITP EN VIVIENDA - Familias Numerosas","isPartOf":{"@id":"https:\/\/familiasmadridnorte.es\/#website"},"primaryImageOfPage":{"@id":"https:\/\/familiasmadridnorte.es\/recurso-tribunal-supremo-bebe-no-nacido\/#primaryimage"},"image":{"@id":"https:\/\/familiasmadridnorte.es\/recurso-tribunal-supremo-bebe-no-nacido\/#primaryimage"},"thumbnailUrl":"https:\/\/familiasmadridnorte.es\/wp-content\/uploads\/2026\/01\/Recurso-al-TS-bebe-no-nacido.jpg","datePublished":"2026-01-29T11:06:45+00:00","dateModified":"2026-01-29T14:07:54+00:00","description":"El Tribunal Supremo ha admitido un recurso para decidir si se puede aplicar la reducci\u00f3n del ITP por familia numerosa con beb\u00e9 no nacido","breadcrumb":{"@id":"https:\/\/familiasmadridnorte.es\/recurso-tribunal-supremo-bebe-no-nacido\/#breadcrumb"},"inLanguage":"en-GB","potentialAction":[{"@type":"ReadAction","target":["https:\/\/familiasmadridnorte.es\/recurso-tribunal-supremo-bebe-no-nacido\/"]}]},{"@type":"ImageObject","inLanguage":"en-GB","@id":"https:\/\/familiasmadridnorte.es\/recurso-tribunal-supremo-bebe-no-nacido\/#primaryimage","url":"https:\/\/familiasmadridnorte.es\/wp-content\/uploads\/2026\/01\/Recurso-al-TS-bebe-no-nacido.jpg","contentUrl":"https:\/\/familiasmadridnorte.es\/wp-content\/uploads\/2026\/01\/Recurso-al-TS-bebe-no-nacido.jpg","width":900,"height":600,"caption":"recurso Supremo beb\u00e9 no nacido"},{"@type":"BreadcrumbList","@id":"https:\/\/familiasmadridnorte.es\/recurso-tribunal-supremo-bebe-no-nacido\/#breadcrumb","itemListElement":[{"@type":"ListItem","position":1,"name":"Portada","item":"https:\/\/familiasmadridnorte.es\/"},{"@type":"ListItem","position":2,"name":"LEGISLACI\u00d3N: PENDIENTES DEL ITP EN VIVIENDA"}]},{"@type":"WebSite","@id":"https:\/\/familiasmadridnorte.es\/#website","url":"https:\/\/familiasmadridnorte.es\/","name":"Large Families","description":"La Asociaci\u00f3n de Familias Numerosas Zona Norte de Madrid (AFAN Zona Norte Madrid) lleva 20 a\u00f1os apoyando y representando a las familias numerosas, defendiendo sus derechos y destacando su valiosa aportaci\u00f3n a la sociedad.","publisher":{"@id":"https:\/\/familiasmadridnorte.es\/#organization"},"potentialAction":[{"@type":"SearchAction","target":{"@type":"EntryPoint","urlTemplate":"https:\/\/familiasmadridnorte.es\/?s={search_term_string}"},"query-input":{"@type":"PropertyValueSpecification","valueRequired":true,"valueName":"search_term_string"}}],"inLanguage":"en-GB"},{"@type":"Organization","@id":"https:\/\/familiasmadridnorte.es\/#organization","name":"Large Families","url":"https:\/\/familiasmadridnorte.es\/","logo":{"@type":"ImageObject","inLanguage":"en-GB","@id":"https:\/\/familiasmadridnorte.es\/#\/schema\/logo\/image\/","url":"https:\/\/familiasmadridnorte.es\/wp-content\/uploads\/2025\/06\/Logo_AFAN-1024x724-1.png","contentUrl":"https:\/\/familiasmadridnorte.es\/wp-content\/uploads\/2025\/06\/Logo_AFAN-1024x724-1.png","width":1024,"height":724,"caption":"Familias Numerosas"},"image":{"@id":"https:\/\/familiasmadridnorte.es\/#\/schema\/logo\/image\/"}},{"@type":"Person","@id":"https:\/\/familiasmadridnorte.es\/#\/schema\/person\/f8a16592344491533ad78d19aa1d57c5","name":"Ana","image":{"@type":"ImageObject","inLanguage":"en-GB","@id":"https:\/\/familiasmadridnorte.es\/#\/schema\/person\/image\/","url":"https:\/\/secure.gravatar.com\/avatar\/42d6e65fc485c2f9833f403d55ce186e8236e6d2d9b30b4bf6673c5796f5955b?s=96&d=mm&r=g","contentUrl":"https:\/\/secure.gravatar.com\/avatar\/42d6e65fc485c2f9833f403d55ce186e8236e6d2d9b30b4bf6673c5796f5955b?s=96&d=mm&r=g","caption":"Ana"},"url":"https:\/\/familiasmadridnorte.es\/en\/author\/ana\/"}]}},"_links":{"self":[{"href":"https:\/\/familiasmadridnorte.es\/en\/wp-json\/wp\/v2\/posts\/3920","targetHints":{"allow":["GET"]}}],"collection":[{"href":"https:\/\/familiasmadridnorte.es\/en\/wp-json\/wp\/v2\/posts"}],"about":[{"href":"https:\/\/familiasmadridnorte.es\/en\/wp-json\/wp\/v2\/types\/post"}],"author":[{"embeddable":true,"href":"https:\/\/familiasmadridnorte.es\/en\/wp-json\/wp\/v2\/users\/3"}],"replies":[{"embeddable":true,"href":"https:\/\/familiasmadridnorte.es\/en\/wp-json\/wp\/v2\/comments?post=3920"}],"version-history":[{"count":1,"href":"https:\/\/familiasmadridnorte.es\/en\/wp-json\/wp\/v2\/posts\/3920\/revisions"}],"predecessor-version":[{"id":3922,"href":"https:\/\/familiasmadridnorte.es\/en\/wp-json\/wp\/v2\/posts\/3920\/revisions\/3922"}],"wp:featuredmedia":[{"embeddable":true,"href":"https:\/\/familiasmadridnorte.es\/en\/wp-json\/wp\/v2\/media\/3921"}],"wp:attachment":[{"href":"https:\/\/familiasmadridnorte.es\/en\/wp-json\/wp\/v2\/media?parent=3920"}],"wp:term":[{"taxonomy":"category","embeddable":true,"href":"https:\/\/familiasmadridnorte.es\/en\/wp-json\/wp\/v2\/categories?post=3920"},{"taxonomy":"post_tag","embeddable":true,"href":"https:\/\/familiasmadridnorte.es\/en\/wp-json\/wp\/v2\/tags?post=3920"}],"curies":[{"name":"wp","href":"https:\/\/api.w.org\/{rel}","templated":true}]}}