{"id":3806,"date":"2026-01-30T09:56:24","date_gmt":"2026-01-30T09:56:24","guid":{"rendered":"https:\/\/familiasmadridnorte.es\/?p=3806"},"modified":"2026-01-30T12:33:06","modified_gmt":"2026-01-30T12:33:06","slug":"tablon-de-anuncios-y-avisos-48","status":"publish","type":"post","link":"https:\/\/familiasmadridnorte.es\/en\/tablon-de-anuncios-y-avisos-48\/","title":{"rendered":"TABL\u00d3N DE ANUNCIOS Y AVISOS"},"content":{"rendered":"<h2 class=\"wp-block-heading\"><mark style=\"background-color:rgba(0, 0, 0, 0)\" class=\"has-inline-color has-vivid-cyan-blue-color\">Agradecimientos<\/mark><\/h2>\n\n\n\n<h3 class=\"wp-block-heading\">Gracias por Ayudarme <\/h3>\n\n\n\n<p>La familia que solicit\u00f3 ayuda para encontrar un carpintero, agradece la colaboraci\u00f3n de todos los que enviasteis contactos y recomendaciones.<strong> \u00a1As\u00ed funciona nuestra comunidad! Ayud\u00e1ndonos unos a otros<\/strong>, desde las cosas m\u00e1s sencillas a las m\u00e1s complicadas&#8230; \u00a1Muchas gracias a todos!<\/p>\n\n\n\n<hr class=\"wp-block-separator has-alpha-channel-opacity\"\/>\n\n\n\n<h2 class=\"wp-block-heading\"><mark style=\"background-color:rgba(0, 0, 0, 0)\" class=\"has-inline-color has-vivid-cyan-blue-color\">Avisos<\/mark><\/h2>\n\n\n\n<h3 class=\"wp-block-heading\">Cargo por Devoluci\u00f3n de recibos<\/h3>\n\n\n\n<p>Os recordamos que, desde el a\u00f1o pasado, el coste de las devoluciones de las cuotas que se reciban, ser\u00e1n cargadas a las familias. Es decir, si se devuelve la cuota, <strong>la familia tendr\u00e1 que asumir el cargo de la comisi\u00f3n bancaria, abonando la cuota m\u00e1s este valor adicional. <\/strong><\/p>\n\n\n\n<p>Con ello, pretendemos que no se pierdan tantos ingresos que no sirven para nuestro cometido esencial: Ayudaros en todo lo que podamos. Son importantes cifras que nos perjudican a todos. Por eso, os solicitamos encarecidamente que SIEMPRE NOS AVIS\u00c9IS DE CUALQUIER CAMBIO, PROBLEMA, ETC con el recibo anual y as\u00ed evitarnos problemas posteriores. <\/p>\n\n\n\n<p>Os aseguramos que, para nosotros, reclamar las cuotas NO es NADA AGRADABLE y lo pasamos muy mal. <\/p>\n\n\n\n<hr class=\"wp-block-separator has-alpha-channel-opacity\"\/>\n\n\n\n<h2 class=\"wp-block-heading\"><mark style=\"background-color:rgba(0, 0, 0, 0)\" class=\"has-inline-color has-vivid-cyan-blue-color\">Empleo<\/mark><\/h2>\n\n\n\n<figure class=\"wp-block-image size-large\"><img fetchpriority=\"high\" decoding=\"async\" width=\"1024\" height=\"577\" src=\"http:\/\/familiasmadridnorte.es\/wp-content\/uploads\/2024\/02\/bOLSA-DE-EMPLEO-1024x577.jpg\" alt=\"Bolsa de empleo\" class=\"wp-image-1018\" srcset=\"https:\/\/familiasmadridnorte.es\/wp-content\/uploads\/2024\/02\/bOLSA-DE-EMPLEO-1024x577.jpg 1024w, https:\/\/familiasmadridnorte.es\/wp-content\/uploads\/2024\/02\/bOLSA-DE-EMPLEO-300x169.jpg 300w, https:\/\/familiasmadridnorte.es\/wp-content\/uploads\/2024\/02\/bOLSA-DE-EMPLEO-768x433.jpg 768w, https:\/\/familiasmadridnorte.es\/wp-content\/uploads\/2024\/02\/bOLSA-DE-EMPLEO-1536x865.jpg 1536w, https:\/\/familiasmadridnorte.es\/wp-content\/uploads\/2024\/02\/bOLSA-DE-EMPLEO-600x338.jpg 600w, https:\/\/familiasmadridnorte.es\/wp-content\/uploads\/2024\/02\/bOLSA-DE-EMPLEO.jpg 1640w\" sizes=\"(max-width: 1024px) 100vw, 1024px\" \/><\/figure>\n\n\n\n<h3 class=\"wp-block-heading\">Se ofrece Pintor para findes<\/h3>\n\n\n\n<p>Si necesitas pintor econ\u00f3mico para peque\u00f1as superficies como habitaciones, ba\u00f1o o cocina, te ofrezco mis servicios en fin de semana. Pedro 691330010<\/p>\n\n\n\n<h3 class=\"wp-block-heading\">Busco Asistenta <\/h3>\n\n\n\n<p>Busco asistencia para trabajar dos ma\u00f1anas lunes y viernes, de 8 a 13:00 o as\u00ed. si conoc\u00e9is alguien, para trabajar, vivo en linea 10 Madrid. IMPRESCINDIBLE CON PAPELES. <\/p>\n\n\n\n<hr class=\"wp-block-separator has-alpha-channel-opacity\"\/>\n\n\n\n<h2 class=\"wp-block-heading\"><mark style=\"background-color:rgba(0, 0, 0, 0)\" class=\"has-inline-color has-vivid-cyan-blue-color\">Ayuda <\/mark><\/h2>\n\n\n\n<figure class=\"wp-block-image size-large\"><img decoding=\"async\" width=\"1024\" height=\"577\" src=\"http:\/\/familiasmadridnorte.es\/wp-content\/uploads\/2024\/10\/Solicitamos-Ayuda-1024x577.jpg\" alt=\"Solicitamos ayuda\" class=\"wp-image-933\" srcset=\"https:\/\/familiasmadridnorte.es\/wp-content\/uploads\/2024\/10\/Solicitamos-Ayuda-1024x577.jpg 1024w, https:\/\/familiasmadridnorte.es\/wp-content\/uploads\/2024\/10\/Solicitamos-Ayuda-300x169.jpg 300w, https:\/\/familiasmadridnorte.es\/wp-content\/uploads\/2024\/10\/Solicitamos-Ayuda-768x433.jpg 768w, https:\/\/familiasmadridnorte.es\/wp-content\/uploads\/2024\/10\/Solicitamos-Ayuda-1536x865.jpg 1536w, https:\/\/familiasmadridnorte.es\/wp-content\/uploads\/2024\/10\/Solicitamos-Ayuda-600x338.jpg 600w, https:\/\/familiasmadridnorte.es\/wp-content\/uploads\/2024\/10\/Solicitamos-Ayuda.jpg 1640w\" sizes=\"(max-width: 1024px) 100vw, 1024px\" \/><\/figure>\n\n\n\n<h3 class=\"wp-block-heading\">Familia Necesita Alquiler<\/h3>\n\n\n\n<p>Estamos buscando piso de tres habitaciones zona san Sebasti\u00e1n de los Reyes somos una familia de 4 personas como m\u00e1ximo 1.100\u20ac si supieras de algo somos muy responsables y respetuosos. Podemos dar referencias del piso donde estoy nos queremos cambiar porqu\u00e9 nuestro Casero nos lo ha pedido que lo quiere vender . Gracias<\/p>\n\n\n\n<hr class=\"wp-block-separator has-alpha-channel-opacity\"\/>\n\n\n\n<h2 class=\"wp-block-heading\"><mark style=\"background-color:rgba(0, 0, 0, 0)\" class=\"has-inline-color has-vivid-cyan-blue-color\">Donaciones<\/mark> en Tabl\u00f3n de Anuncios<\/h2>\n\n\n\n<figure class=\"wp-block-image size-large\"><img decoding=\"async\" width=\"1024\" height=\"577\" src=\"http:\/\/familiasmadridnorte.es\/wp-content\/uploads\/2024\/10\/Donaciones-1024x577.jpg\" alt=\"\" class=\"wp-image-1991\" srcset=\"https:\/\/familiasmadridnorte.es\/wp-content\/uploads\/2024\/10\/Donaciones-1024x577.jpg 1024w, https:\/\/familiasmadridnorte.es\/wp-content\/uploads\/2024\/10\/Donaciones-300x169.jpg 300w, https:\/\/familiasmadridnorte.es\/wp-content\/uploads\/2024\/10\/Donaciones-768x433.jpg 768w, https:\/\/familiasmadridnorte.es\/wp-content\/uploads\/2024\/10\/Donaciones-1536x865.jpg 1536w, https:\/\/familiasmadridnorte.es\/wp-content\/uploads\/2024\/10\/Donaciones-600x338.jpg 600w, https:\/\/familiasmadridnorte.es\/wp-content\/uploads\/2024\/10\/Donaciones.jpg 1640w\" sizes=\"(max-width: 1024px) 100vw, 1024px\" \/><\/figure>\n\n\n\n<p>Para las donaciones, poneos en contacto con la asociaci\u00f3n en el whatsap 665653152<\/p>\n\n\n\n<h3 class=\"wp-block-heading\">Familia regala cochecito de Beb\u00e9<\/h3>\n\n\n\n<p>Tengo un carrito de beb\u00e9 que me gustar\u00eda ofrecer para la familia que lo necesite. Tiene capazo y sillita de paseo. Es de una marca sueca muy buena, Emmaljunga. Comprado en Noruega. El eje de una rueda est\u00e1 un poco desviado por un viaje en avi\u00f3n, habr\u00eda que darle un golpecito para enderezarlo, aunque se puede utilizar as\u00ed. Por lo dem\u00e1s, en muy buen estado. Es de imitaci\u00f3n piel color beige. Muy elegante. Es con el chasis y el color de la imagen, pero conel chasis met\u00e1lico no brillante. Y sin el acabado marr\u00f3n en el mango. Se puede venir a ver, lo tengo en casa en San Sebasti\u00e1n de los Reyes.<\/p>\n\n\n\n<figure class=\"wp-block-image size-full\"><img loading=\"lazy\" decoding=\"async\" width=\"900\" height=\"600\" src=\"http:\/\/familiasmadridnorte.es\/wp-content\/uploads\/2025\/12\/Cochecito-DE-Miguel-SantaMaria.jpg\" alt=\"cochecito beb\u00e9 DE Miguel santaMar\u00eda\" class=\"wp-image-3585\" srcset=\"https:\/\/familiasmadridnorte.es\/wp-content\/uploads\/2025\/12\/Cochecito-DE-Miguel-SantaMaria.jpg 900w, https:\/\/familiasmadridnorte.es\/wp-content\/uploads\/2025\/12\/Cochecito-DE-Miguel-SantaMaria-300x200.jpg 300w, https:\/\/familiasmadridnorte.es\/wp-content\/uploads\/2025\/12\/Cochecito-DE-Miguel-SantaMaria-768x512.jpg 768w, https:\/\/familiasmadridnorte.es\/wp-content\/uploads\/2025\/12\/Cochecito-DE-Miguel-SantaMaria-18x12.jpg 18w\" sizes=\"(max-width: 900px) 100vw, 900px\" \/><\/figure>\n\n\n\n<h3 class=\"wp-block-heading\"><strong>Familia Regala Mueble de Entrada<\/strong><\/h3>\n\n\n\n<p>Regalamos este mueble para la entrada. La parte inferior tiene parag\u00fcero y un espacio con dos baldas que puede servir de zapatero o lo que se necesite. En la parte superior tiene una peque\u00f1a l\u00e1mpara y un espacio chiquito como para dejar llaves.<\/p>\n\n\n\n<figure class=\"wp-block-image size-full\"><img loading=\"lazy\" decoding=\"async\" width=\"900\" height=\"600\" src=\"https:\/\/familiasmadridnorte.es\/wp-content\/uploads\/2025\/12\/mueble-entrada-Ana.jpg\" alt=\"\" class=\"wp-image-3508\" srcset=\"https:\/\/familiasmadridnorte.es\/wp-content\/uploads\/2025\/12\/mueble-entrada-Ana.jpg 900w, https:\/\/familiasmadridnorte.es\/wp-content\/uploads\/2025\/12\/mueble-entrada-Ana-300x200.jpg 300w, https:\/\/familiasmadridnorte.es\/wp-content\/uploads\/2025\/12\/mueble-entrada-Ana-768x512.jpg 768w, https:\/\/familiasmadridnorte.es\/wp-content\/uploads\/2025\/12\/mueble-entrada-Ana-18x12.jpg 18w\" sizes=\"(max-width: 900px) 100vw, 900px\" \/><\/figure>\n\n\n\n<p><\/p>\n\n\n\n<h3 class=\"wp-block-heading\">Familia Regala Estanter\u00eda y colch\u00f3n Nuevo<\/h3>\n\n\n\n<p>Regalamos esta estanter\u00eda. Alto 228 cm&nbsp; Ancho 148 cm Fondo balda 35 cm Fondo tablero vertical min 34 cm Max 40 cm y <strong>un colch\u00f3n de cama nido sin estrenar.<\/strong><\/p>\n\n\n\n<figure class=\"wp-block-image size-full\"><img loading=\"lazy\" decoding=\"async\" width=\"900\" height=\"600\" src=\"https:\/\/familiasmadridnorte.es\/wp-content\/uploads\/2025\/11\/estanteria.-Javier-cavalle.jpg\" alt=\"\" class=\"wp-image-3375\" srcset=\"https:\/\/familiasmadridnorte.es\/wp-content\/uploads\/2025\/11\/estanteria.-Javier-cavalle.jpg 900w, https:\/\/familiasmadridnorte.es\/wp-content\/uploads\/2025\/11\/estanteria.-Javier-cavalle-300x200.jpg 300w, https:\/\/familiasmadridnorte.es\/wp-content\/uploads\/2025\/11\/estanteria.-Javier-cavalle-768x512.jpg 768w, https:\/\/familiasmadridnorte.es\/wp-content\/uploads\/2025\/11\/estanteria.-Javier-cavalle-18x12.jpg 18w\" sizes=\"(max-width: 900px) 100vw, 900px\" \/><\/figure>\n\n\n\n<hr class=\"wp-block-separator has-alpha-channel-opacity\"\/>\n\n\n\n<h4 class=\"wp-block-heading\">Se donan dos mochilas Totto: SOLO QUEDA UNA. Est\u00e1n en buenas condiciones.<\/h4>\n\n\n\n<figure class=\"wp-block-image size-large\"><img loading=\"lazy\" decoding=\"async\" width=\"1024\" height=\"577\" src=\"http:\/\/familiasmadridnorte.es\/wp-content\/uploads\/2025\/09\/Mochilas-Totto.-Aurora-Vela-1024x577.jpg\" alt=\"donaci\u00f3n mochilas tabl\u00f3n de anuncios \" class=\"wp-image-2779\" srcset=\"https:\/\/familiasmadridnorte.es\/wp-content\/uploads\/2025\/09\/Mochilas-Totto.-Aurora-Vela-1024x577.jpg 1024w, https:\/\/familiasmadridnorte.es\/wp-content\/uploads\/2025\/09\/Mochilas-Totto.-Aurora-Vela-300x169.jpg 300w, https:\/\/familiasmadridnorte.es\/wp-content\/uploads\/2025\/09\/Mochilas-Totto.-Aurora-Vela-768x433.jpg 768w, https:\/\/familiasmadridnorte.es\/wp-content\/uploads\/2025\/09\/Mochilas-Totto.-Aurora-Vela-1536x865.jpg 1536w, https:\/\/familiasmadridnorte.es\/wp-content\/uploads\/2025\/09\/Mochilas-Totto.-Aurora-Vela-18x10.jpg 18w, https:\/\/familiasmadridnorte.es\/wp-content\/uploads\/2025\/09\/Mochilas-Totto.-Aurora-Vela.jpg 1640w\" sizes=\"(max-width: 1024px) 100vw, 1024px\" \/><\/figure>\n\n\n\n<hr class=\"wp-block-separator has-alpha-channel-opacity\"\/>\n\n\n\n<h2 class=\"wp-block-heading\"><mark style=\"background-color:rgba(0, 0, 0, 0)\" class=\"has-inline-color has-vivid-cyan-blue-color\">Ventas<\/mark> en Tabl\u00f3n de Anuncios<\/h2>\n\n\n\n<figure class=\"wp-block-image size-large\"><img loading=\"lazy\" decoding=\"async\" width=\"1024\" height=\"577\" src=\"http:\/\/familiasmadridnorte.es\/wp-content\/uploads\/2024\/10\/ventas-tablon-anuncios-1024x577.jpg\" alt=\"\" class=\"wp-image-1080\" srcset=\"https:\/\/familiasmadridnorte.es\/wp-content\/uploads\/2024\/10\/ventas-tablon-anuncios-1024x577.jpg 1024w, https:\/\/familiasmadridnorte.es\/wp-content\/uploads\/2024\/10\/ventas-tablon-anuncios-300x169.jpg 300w, https:\/\/familiasmadridnorte.es\/wp-content\/uploads\/2024\/10\/ventas-tablon-anuncios-768x433.jpg 768w, https:\/\/familiasmadridnorte.es\/wp-content\/uploads\/2024\/10\/ventas-tablon-anuncios-1536x865.jpg 1536w, https:\/\/familiasmadridnorte.es\/wp-content\/uploads\/2024\/10\/ventas-tablon-anuncios-600x338.jpg 600w, https:\/\/familiasmadridnorte.es\/wp-content\/uploads\/2024\/10\/ventas-tablon-anuncios.jpg 1640w\" sizes=\"(max-width: 1024px) 100vw, 1024px\" \/><\/figure>\n\n\n\n<h4 class=\"wp-block-heading\">Se vende sof\u00e1<\/h4>\n\n\n\n<p>Sof\u00e1 de 3 plazas de estructura impecable, muy buena y s\u00f3lida, pero para tapizar cojines de asiento y respaldo.<br>Medidas 200x90x85. Precio fabuloso a 250\u20ac. No incluye transporte<\/p>\n\n\n\n<figure class=\"wp-block-image size-large\"><img loading=\"lazy\" decoding=\"async\" width=\"1024\" height=\"636\" src=\"https:\/\/familiasmadridnorte.es\/wp-content\/uploads\/2026\/01\/Sofa-Catalina-diaz-1024x636.jpeg\" alt=\"\" class=\"wp-image-3807\" srcset=\"https:\/\/familiasmadridnorte.es\/wp-content\/uploads\/2026\/01\/Sofa-Catalina-diaz-1024x636.jpeg 1024w, https:\/\/familiasmadridnorte.es\/wp-content\/uploads\/2026\/01\/Sofa-Catalina-diaz-300x186.jpeg 300w, https:\/\/familiasmadridnorte.es\/wp-content\/uploads\/2026\/01\/Sofa-Catalina-diaz-768x477.jpeg 768w, https:\/\/familiasmadridnorte.es\/wp-content\/uploads\/2026\/01\/Sofa-Catalina-diaz-18x12.jpeg 18w, https:\/\/familiasmadridnorte.es\/wp-content\/uploads\/2026\/01\/Sofa-Catalina-diaz.jpeg 1284w\" sizes=\"(max-width: 1024px) 100vw, 1024px\" \/><\/figure>\n\n\n\n<h4 class=\"wp-block-heading\">Se vende Cama Articulada<\/h4>\n\n\n\n<p>Vendemos cama articulada ortop\u00e9dica de madera en buen estado. Ideal para personas con movilidad reducida. Con carro elevador. Se regala colch\u00f3n antiescaras. 600\u20ac. Montse 634958110<\/p>\n\n\n\n<figure class=\"wp-block-image size-large\"><img loading=\"lazy\" decoding=\"async\" width=\"1024\" height=\"577\" src=\"https:\/\/familiasmadridnorte.es\/wp-content\/uploads\/2025\/10\/cama-articulada-montse-silvestre-1024x577.jpg\" alt=\"\" class=\"wp-image-3104\" srcset=\"https:\/\/familiasmadridnorte.es\/wp-content\/uploads\/2025\/10\/cama-articulada-montse-silvestre-1024x577.jpg 1024w, https:\/\/familiasmadridnorte.es\/wp-content\/uploads\/2025\/10\/cama-articulada-montse-silvestre-300x169.jpg 300w, https:\/\/familiasmadridnorte.es\/wp-content\/uploads\/2025\/10\/cama-articulada-montse-silvestre-768x433.jpg 768w, https:\/\/familiasmadridnorte.es\/wp-content\/uploads\/2025\/10\/cama-articulada-montse-silvestre-1536x865.jpg 1536w, https:\/\/familiasmadridnorte.es\/wp-content\/uploads\/2025\/10\/cama-articulada-montse-silvestre-18x10.jpg 18w, https:\/\/familiasmadridnorte.es\/wp-content\/uploads\/2025\/10\/cama-articulada-montse-silvestre.jpg 1640w\" sizes=\"(max-width: 1024px) 100vw, 1024px\" \/><\/figure>\n\n\n\n<h4 class=\"wp-block-heading\">Se vende Cama Litera, tipo Tren.<\/h4>\n\n\n\n<p>Cama litera para tres, tipo tren, con armario incluido y escalera frontal de pelda\u00f1os anchos. En muy buen estado. Medidas en las fotos . Hueco entre literas 92cm. Cama alta con base a 150cm. Dos cajones en parte inferior de gran capacidad que soportan bastante peso. Materiales de calidad. Tiene 3 a\u00f1os y nos cost\u00f3 2000\u20ac . Fue hecha a medida para que cupieran bien las ni\u00f1as entre cama y cama. Est\u00e1 desmontada. Se vende por 700\u20ac. Cobe\u00f1a. Roc\u00edo 655779934<\/p>\n\n\n\n<figure class=\"wp-block-image size-large\"><img loading=\"lazy\" decoding=\"async\" width=\"1024\" height=\"577\" src=\"http:\/\/familiasmadridnorte.es\/wp-content\/uploads\/2024\/09\/Habitacion-Familia-Mendoza-real-1024x577.jpg\" alt=\"venta de litera tren \" class=\"wp-image-2180\" srcset=\"https:\/\/familiasmadridnorte.es\/wp-content\/uploads\/2024\/09\/Habitacion-Familia-Mendoza-real-1024x577.jpg 1024w, https:\/\/familiasmadridnorte.es\/wp-content\/uploads\/2024\/09\/Habitacion-Familia-Mendoza-real-300x169.jpg 300w, https:\/\/familiasmadridnorte.es\/wp-content\/uploads\/2024\/09\/Habitacion-Familia-Mendoza-real-768x433.jpg 768w, https:\/\/familiasmadridnorte.es\/wp-content\/uploads\/2024\/09\/Habitacion-Familia-Mendoza-real-1536x865.jpg 1536w, https:\/\/familiasmadridnorte.es\/wp-content\/uploads\/2024\/09\/Habitacion-Familia-Mendoza-real-600x338.jpg 600w, https:\/\/familiasmadridnorte.es\/wp-content\/uploads\/2024\/09\/Habitacion-Familia-Mendoza-real.jpg 1640w\" sizes=\"(max-width: 1024px) 100vw, 1024px\" \/><\/figure>\n\n\n\n<h4 class=\"wp-block-heading\">Se vende lote de ropa talla 8\/10<\/h4>\n\n\n\n<p>Se vende un lote de ropa de m\u00e1s 45 prendas (9 kilos) de ni\u00f1a, de la talla 8\/10 por tan s\u00f3lo 30\u20ac en Sanse. Beatriz. Tfo. 675613316<\/p>\n\n\n\n<figure class=\"wp-block-image size-large\"><img loading=\"lazy\" decoding=\"async\" width=\"1024\" height=\"577\" src=\"https:\/\/familiasmadridnorte.es\/wp-content\/uploads\/2025\/09\/ropa-venta-Beatriz-Avila-1024x577.jpg\" alt=\"\" class=\"wp-image-2815\" srcset=\"https:\/\/familiasmadridnorte.es\/wp-content\/uploads\/2025\/09\/ropa-venta-Beatriz-Avila-1024x577.jpg 1024w, https:\/\/familiasmadridnorte.es\/wp-content\/uploads\/2025\/09\/ropa-venta-Beatriz-Avila-300x169.jpg 300w, https:\/\/familiasmadridnorte.es\/wp-content\/uploads\/2025\/09\/ropa-venta-Beatriz-Avila-768x433.jpg 768w, https:\/\/familiasmadridnorte.es\/wp-content\/uploads\/2025\/09\/ropa-venta-Beatriz-Avila-1536x865.jpg 1536w, https:\/\/familiasmadridnorte.es\/wp-content\/uploads\/2025\/09\/ropa-venta-Beatriz-Avila-18x10.jpg 18w, https:\/\/familiasmadridnorte.es\/wp-content\/uploads\/2025\/09\/ropa-venta-Beatriz-Avila.jpg 1640w\" sizes=\"(max-width: 1024px) 100vw, 1024px\" \/><\/figure>\n\n\n\n<h4 class=\"wp-block-heading\">Se Vende Carro trio Rider Jane<\/h4>\n\n\n\n<p>VENTA de carro trio que incluye: capazo, cuco y silla de paseo con capota de lluvia y sombrilla. Tambi\u00e9n incluye saco de invierno y funda verano de algod\u00f3n transpirable para el cuco; saco de invierno para la silla de paseo y funda de verano de algod\u00f3n transpirable para la silla de paseo. Siempre usados con fundas.<\/p>\n\n\n\n<p>Buen estado. Siempre con funda en el manillar. Ruedas en perfecto estado, no desgastadas. Signos de uso pero sin importancia. Gancho de manillar para colgar cosas, de regalo. 120\u20ac.  Cristina. 616752613<\/p>\n\n\n\n<figure class=\"wp-block-image size-large\"><img loading=\"lazy\" decoding=\"async\" width=\"1024\" height=\"577\" src=\"https:\/\/familiasmadridnorte.es\/wp-content\/uploads\/2025\/09\/Carro-Cristina-Sabugal-1024x577.jpg\" alt=\"\" class=\"wp-image-2671\" srcset=\"https:\/\/familiasmadridnorte.es\/wp-content\/uploads\/2025\/09\/Carro-Cristina-Sabugal-1024x577.jpg 1024w, https:\/\/familiasmadridnorte.es\/wp-content\/uploads\/2025\/09\/Carro-Cristina-Sabugal-300x169.jpg 300w, https:\/\/familiasmadridnorte.es\/wp-content\/uploads\/2025\/09\/Carro-Cristina-Sabugal-768x433.jpg 768w, https:\/\/familiasmadridnorte.es\/wp-content\/uploads\/2025\/09\/Carro-Cristina-Sabugal-1536x865.jpg 1536w, https:\/\/familiasmadridnorte.es\/wp-content\/uploads\/2025\/09\/Carro-Cristina-Sabugal-18x10.jpg 18w, https:\/\/familiasmadridnorte.es\/wp-content\/uploads\/2025\/09\/Carro-Cristina-Sabugal.jpg 1640w\" sizes=\"(max-width: 1024px) 100vw, 1024px\" \/><\/figure>\n\n\n\n<hr class=\"wp-block-separator has-alpha-channel-opacity\"\/>\n\n\n\n<h2 class=\"wp-block-heading\"><\/h2>","protected":false},"excerpt":{"rendered":"<p>Esta semana en el tabl\u00f3n de anuncios, nueva secci\u00f3n de agradecimientos, anuncio de necesidad, pintor para peque\u00f1as superficies <\/p>","protected":false},"author":3,"featured_media":3937,"comment_status":"closed","ping_status":"open","sticky":false,"template":"","format":"standard","meta":{"footnotes":""},"categories":[31],"tags":[34,211,32,366,365],"class_list":["post-3806","post","type-post","status-publish","format-standard","has-post-thumbnail","hentry","category-entre-nosotros","tag-empleo","tag-empleo-familias-numerosas","tag-empleo-juvenil","tag-monitor","tag-ventas"],"yoast_head":"<!-- This site is optimized with the Yoast SEO plugin v26.7 - https:\/\/yoast.com\/wordpress\/plugins\/seo\/ -->\n<title>TABL\u00d3N DE ANUNCIOS Y AVISOS - Familias Numerosas<\/title>\n<meta name=\"description\" content=\"Las familias numerosas de la zona norte de Madrid tienen muchos recursos gracias al tabl\u00f3n de anuncios de AFAN ZONA NORTE DE MADRID\" \/>\n<meta name=\"robots\" content=\"index, follow, max-snippet:-1, max-image-preview:large, max-video-preview:-1\" \/>\n<link rel=\"canonical\" href=\"https:\/\/familiasmadridnorte.es\/en\/tablon-de-anuncios-y-avisos-48\/\" \/>\n<meta property=\"og:locale\" content=\"en_GB\" \/>\n<meta property=\"og:type\" content=\"article\" \/>\n<meta property=\"og:title\" content=\"TABL\u00d3N DE ANUNCIOS Y AVISOS - Familias Numerosas\" \/>\n<meta property=\"og:description\" content=\"Las familias numerosas de la zona norte de Madrid tienen muchos recursos gracias al tabl\u00f3n de anuncios de AFAN ZONA NORTE DE MADRID\" \/>\n<meta property=\"og:url\" content=\"https:\/\/familiasmadridnorte.es\/en\/tablon-de-anuncios-y-avisos-48\/\" \/>\n<meta property=\"og:site_name\" content=\"Familias Numerosas\" \/>\n<meta property=\"article:published_time\" content=\"2026-01-30T09:56:24+00:00\" \/>\n<meta property=\"article:modified_time\" content=\"2026-01-30T12:33:06+00:00\" \/>\n<meta property=\"og:image\" content=\"http:\/\/familiasmadridnorte.es\/wp-content\/uploads\/2026\/01\/Agradecimientos.jpg\" \/>\n\t<meta property=\"og:image:width\" content=\"900\" \/>\n\t<meta property=\"og:image:height\" content=\"600\" \/>\n\t<meta property=\"og:image:type\" content=\"image\/jpeg\" \/>\n<meta name=\"author\" content=\"Ana\" \/>\n<meta name=\"twitter:card\" content=\"summary_large_image\" \/>\n<meta name=\"twitter:label1\" content=\"Written by\" \/>\n\t<meta name=\"twitter:data1\" content=\"Ana\" \/>\n\t<meta name=\"twitter:label2\" content=\"Estimated reading time\" \/>\n\t<meta name=\"twitter:data2\" content=\"7 minutes\" \/>\n<script type=\"application\/ld+json\" class=\"yoast-schema-graph\">{\"@context\":\"https:\/\/schema.org\",\"@graph\":[{\"@type\":\"Article\",\"@id\":\"https:\/\/familiasmadridnorte.es\/tablon-de-anuncios-y-avisos-48\/#article\",\"isPartOf\":{\"@id\":\"https:\/\/familiasmadridnorte.es\/tablon-de-anuncios-y-avisos-48\/\"},\"author\":{\"name\":\"Ana\",\"@id\":\"https:\/\/familiasmadridnorte.es\/#\/schema\/person\/f8a16592344491533ad78d19aa1d57c5\"},\"headline\":\"TABL\u00d3N DE ANUNCIOS Y AVISOS\",\"datePublished\":\"2026-01-30T09:56:24+00:00\",\"dateModified\":\"2026-01-30T12:33:06+00:00\",\"mainEntityOfPage\":{\"@id\":\"https:\/\/familiasmadridnorte.es\/tablon-de-anuncios-y-avisos-48\/\"},\"wordCount\":820,\"publisher\":{\"@id\":\"https:\/\/familiasmadridnorte.es\/#organization\"},\"image\":{\"@id\":\"https:\/\/familiasmadridnorte.es\/tablon-de-anuncios-y-avisos-48\/#primaryimage\"},\"thumbnailUrl\":\"https:\/\/familiasmadridnorte.es\/wp-content\/uploads\/2026\/01\/Agradecimientos.jpg\",\"keywords\":[\"empleo\",\"empleo familias numerosas\",\"empleo juvenil\",\"monitor\",\"ventas\"],\"articleSection\":[\"Entre Nosotros\"],\"inLanguage\":\"en-GB\"},{\"@type\":\"WebPage\",\"@id\":\"https:\/\/familiasmadridnorte.es\/tablon-de-anuncios-y-avisos-48\/\",\"url\":\"https:\/\/familiasmadridnorte.es\/tablon-de-anuncios-y-avisos-48\/\",\"name\":\"TABL\u00d3N DE ANUNCIOS Y AVISOS - Familias Numerosas\",\"isPartOf\":{\"@id\":\"https:\/\/familiasmadridnorte.es\/#website\"},\"primaryImageOfPage\":{\"@id\":\"https:\/\/familiasmadridnorte.es\/tablon-de-anuncios-y-avisos-48\/#primaryimage\"},\"image\":{\"@id\":\"https:\/\/familiasmadridnorte.es\/tablon-de-anuncios-y-avisos-48\/#primaryimage\"},\"thumbnailUrl\":\"https:\/\/familiasmadridnorte.es\/wp-content\/uploads\/2026\/01\/Agradecimientos.jpg\",\"datePublished\":\"2026-01-30T09:56:24+00:00\",\"dateModified\":\"2026-01-30T12:33:06+00:00\",\"description\":\"Las familias numerosas de la zona norte de Madrid tienen muchos recursos gracias al tabl\u00f3n de anuncios de AFAN ZONA NORTE DE MADRID\",\"breadcrumb\":{\"@id\":\"https:\/\/familiasmadridnorte.es\/tablon-de-anuncios-y-avisos-48\/#breadcrumb\"},\"inLanguage\":\"en-GB\",\"potentialAction\":[{\"@type\":\"ReadAction\",\"target\":[\"https:\/\/familiasmadridnorte.es\/tablon-de-anuncios-y-avisos-48\/\"]}]},{\"@type\":\"ImageObject\",\"inLanguage\":\"en-GB\",\"@id\":\"https:\/\/familiasmadridnorte.es\/tablon-de-anuncios-y-avisos-48\/#primaryimage\",\"url\":\"https:\/\/familiasmadridnorte.es\/wp-content\/uploads\/2026\/01\/Agradecimientos.jpg\",\"contentUrl\":\"https:\/\/familiasmadridnorte.es\/wp-content\/uploads\/2026\/01\/Agradecimientos.jpg\",\"width\":900,\"height\":600,\"caption\":\"Agradecimientos familias en tabl\u00f3n de anuncios\"},{\"@type\":\"BreadcrumbList\",\"@id\":\"https:\/\/familiasmadridnorte.es\/tablon-de-anuncios-y-avisos-48\/#breadcrumb\",\"itemListElement\":[{\"@type\":\"ListItem\",\"position\":1,\"name\":\"Portada\",\"item\":\"https:\/\/familiasmadridnorte.es\/\"},{\"@type\":\"ListItem\",\"position\":2,\"name\":\"TABL\u00d3N DE ANUNCIOS Y AVISOS\"}]},{\"@type\":\"WebSite\",\"@id\":\"https:\/\/familiasmadridnorte.es\/#website\",\"url\":\"https:\/\/familiasmadridnorte.es\/\",\"name\":\"Familias Numerosas\",\"description\":\"La Asociaci\u00f3n de Familias Numerosas Zona Norte de Madrid (AFAN Zona Norte Madrid) lleva 20 a\u00f1os apoyando y representando a las familias numerosas, defendiendo sus derechos y destacando su valiosa aportaci\u00f3n a la sociedad.\",\"publisher\":{\"@id\":\"https:\/\/familiasmadridnorte.es\/#organization\"},\"potentialAction\":[{\"@type\":\"SearchAction\",\"target\":{\"@type\":\"EntryPoint\",\"urlTemplate\":\"https:\/\/familiasmadridnorte.es\/?s={search_term_string}\"},\"query-input\":{\"@type\":\"PropertyValueSpecification\",\"valueRequired\":true,\"valueName\":\"search_term_string\"}}],\"inLanguage\":\"en-GB\"},{\"@type\":\"Organization\",\"@id\":\"https:\/\/familiasmadridnorte.es\/#organization\",\"name\":\"Familias Numerosas\",\"url\":\"https:\/\/familiasmadridnorte.es\/\",\"logo\":{\"@type\":\"ImageObject\",\"inLanguage\":\"en-GB\",\"@id\":\"https:\/\/familiasmadridnorte.es\/#\/schema\/logo\/image\/\",\"url\":\"https:\/\/familiasmadridnorte.es\/wp-content\/uploads\/2025\/06\/Logo_AFAN-1024x724-1.png\",\"contentUrl\":\"https:\/\/familiasmadridnorte.es\/wp-content\/uploads\/2025\/06\/Logo_AFAN-1024x724-1.png\",\"width\":1024,\"height\":724,\"caption\":\"Familias Numerosas\"},\"image\":{\"@id\":\"https:\/\/familiasmadridnorte.es\/#\/schema\/logo\/image\/\"}},{\"@type\":\"Person\",\"@id\":\"https:\/\/familiasmadridnorte.es\/#\/schema\/person\/f8a16592344491533ad78d19aa1d57c5\",\"name\":\"Ana\",\"image\":{\"@type\":\"ImageObject\",\"inLanguage\":\"en-GB\",\"@id\":\"https:\/\/familiasmadridnorte.es\/#\/schema\/person\/image\/\",\"url\":\"https:\/\/secure.gravatar.com\/avatar\/42d6e65fc485c2f9833f403d55ce186e8236e6d2d9b30b4bf6673c5796f5955b?s=96&d=mm&r=g\",\"contentUrl\":\"https:\/\/secure.gravatar.com\/avatar\/42d6e65fc485c2f9833f403d55ce186e8236e6d2d9b30b4bf6673c5796f5955b?s=96&d=mm&r=g\",\"caption\":\"Ana\"},\"url\":\"https:\/\/familiasmadridnorte.es\/en\/author\/ana\/\"}]}<\/script>\n<!-- \/ Yoast SEO plugin. -->","yoast_head_json":{"title":"TABL\u00d3N DE ANUNCIOS Y AVISOS - Familias Numerosas","description":"Las familias numerosas de la zona norte de Madrid tienen muchos recursos gracias al tabl\u00f3n de anuncios de AFAN ZONA NORTE DE MADRID","robots":{"index":"index","follow":"follow","max-snippet":"max-snippet:-1","max-image-preview":"max-image-preview:large","max-video-preview":"max-video-preview:-1"},"canonical":"https:\/\/familiasmadridnorte.es\/en\/tablon-de-anuncios-y-avisos-48\/","og_locale":"en_GB","og_type":"article","og_title":"TABL\u00d3N DE ANUNCIOS Y AVISOS - Familias Numerosas","og_description":"Las familias numerosas de la zona norte de Madrid tienen muchos recursos gracias al tabl\u00f3n de anuncios de AFAN ZONA NORTE DE MADRID","og_url":"https:\/\/familiasmadridnorte.es\/en\/tablon-de-anuncios-y-avisos-48\/","og_site_name":"Familias Numerosas","article_published_time":"2026-01-30T09:56:24+00:00","article_modified_time":"2026-01-30T12:33:06+00:00","og_image":[{"width":900,"height":600,"url":"http:\/\/familiasmadridnorte.es\/wp-content\/uploads\/2026\/01\/Agradecimientos.jpg","type":"image\/jpeg"}],"author":"Ana","twitter_card":"summary_large_image","twitter_misc":{"Written by":"Ana","Estimated reading time":"7 minutes"},"schema":{"@context":"https:\/\/schema.org","@graph":[{"@type":"Article","@id":"https:\/\/familiasmadridnorte.es\/tablon-de-anuncios-y-avisos-48\/#article","isPartOf":{"@id":"https:\/\/familiasmadridnorte.es\/tablon-de-anuncios-y-avisos-48\/"},"author":{"name":"Ana","@id":"https:\/\/familiasmadridnorte.es\/#\/schema\/person\/f8a16592344491533ad78d19aa1d57c5"},"headline":"TABL\u00d3N DE ANUNCIOS Y AVISOS","datePublished":"2026-01-30T09:56:24+00:00","dateModified":"2026-01-30T12:33:06+00:00","mainEntityOfPage":{"@id":"https:\/\/familiasmadridnorte.es\/tablon-de-anuncios-y-avisos-48\/"},"wordCount":820,"publisher":{"@id":"https:\/\/familiasmadridnorte.es\/#organization"},"image":{"@id":"https:\/\/familiasmadridnorte.es\/tablon-de-anuncios-y-avisos-48\/#primaryimage"},"thumbnailUrl":"https:\/\/familiasmadridnorte.es\/wp-content\/uploads\/2026\/01\/Agradecimientos.jpg","keywords":["empleo","empleo familias numerosas","empleo juvenil","monitor","ventas"],"articleSection":["Entre Nosotros"],"inLanguage":"en-GB"},{"@type":"WebPage","@id":"https:\/\/familiasmadridnorte.es\/tablon-de-anuncios-y-avisos-48\/","url":"https:\/\/familiasmadridnorte.es\/tablon-de-anuncios-y-avisos-48\/","name":"TABL\u00d3N DE ANUNCIOS Y AVISOS - Familias Numerosas","isPartOf":{"@id":"https:\/\/familiasmadridnorte.es\/#website"},"primaryImageOfPage":{"@id":"https:\/\/familiasmadridnorte.es\/tablon-de-anuncios-y-avisos-48\/#primaryimage"},"image":{"@id":"https:\/\/familiasmadridnorte.es\/tablon-de-anuncios-y-avisos-48\/#primaryimage"},"thumbnailUrl":"https:\/\/familiasmadridnorte.es\/wp-content\/uploads\/2026\/01\/Agradecimientos.jpg","datePublished":"2026-01-30T09:56:24+00:00","dateModified":"2026-01-30T12:33:06+00:00","description":"Las familias numerosas de la zona norte de Madrid tienen muchos recursos gracias al tabl\u00f3n de anuncios de AFAN ZONA NORTE DE MADRID","breadcrumb":{"@id":"https:\/\/familiasmadridnorte.es\/tablon-de-anuncios-y-avisos-48\/#breadcrumb"},"inLanguage":"en-GB","potentialAction":[{"@type":"ReadAction","target":["https:\/\/familiasmadridnorte.es\/tablon-de-anuncios-y-avisos-48\/"]}]},{"@type":"ImageObject","inLanguage":"en-GB","@id":"https:\/\/familiasmadridnorte.es\/tablon-de-anuncios-y-avisos-48\/#primaryimage","url":"https:\/\/familiasmadridnorte.es\/wp-content\/uploads\/2026\/01\/Agradecimientos.jpg","contentUrl":"https:\/\/familiasmadridnorte.es\/wp-content\/uploads\/2026\/01\/Agradecimientos.jpg","width":900,"height":600,"caption":"Agradecimientos familias en tabl\u00f3n de anuncios"},{"@type":"BreadcrumbList","@id":"https:\/\/familiasmadridnorte.es\/tablon-de-anuncios-y-avisos-48\/#breadcrumb","itemListElement":[{"@type":"ListItem","position":1,"name":"Portada","item":"https:\/\/familiasmadridnorte.es\/"},{"@type":"ListItem","position":2,"name":"TABL\u00d3N DE ANUNCIOS Y AVISOS"}]},{"@type":"WebSite","@id":"https:\/\/familiasmadridnorte.es\/#website","url":"https:\/\/familiasmadridnorte.es\/","name":"Large Families","description":"La Asociaci\u00f3n de Familias Numerosas Zona Norte de Madrid (AFAN Zona Norte Madrid) lleva 20 a\u00f1os apoyando y representando a las familias numerosas, defendiendo sus derechos y destacando su valiosa aportaci\u00f3n a la sociedad.","publisher":{"@id":"https:\/\/familiasmadridnorte.es\/#organization"},"potentialAction":[{"@type":"SearchAction","target":{"@type":"EntryPoint","urlTemplate":"https:\/\/familiasmadridnorte.es\/?s={search_term_string}"},"query-input":{"@type":"PropertyValueSpecification","valueRequired":true,"valueName":"search_term_string"}}],"inLanguage":"en-GB"},{"@type":"Organization","@id":"https:\/\/familiasmadridnorte.es\/#organization","name":"Large Families","url":"https:\/\/familiasmadridnorte.es\/","logo":{"@type":"ImageObject","inLanguage":"en-GB","@id":"https:\/\/familiasmadridnorte.es\/#\/schema\/logo\/image\/","url":"https:\/\/familiasmadridnorte.es\/wp-content\/uploads\/2025\/06\/Logo_AFAN-1024x724-1.png","contentUrl":"https:\/\/familiasmadridnorte.es\/wp-content\/uploads\/2025\/06\/Logo_AFAN-1024x724-1.png","width":1024,"height":724,"caption":"Familias Numerosas"},"image":{"@id":"https:\/\/familiasmadridnorte.es\/#\/schema\/logo\/image\/"}},{"@type":"Person","@id":"https:\/\/familiasmadridnorte.es\/#\/schema\/person\/f8a16592344491533ad78d19aa1d57c5","name":"Ana","image":{"@type":"ImageObject","inLanguage":"en-GB","@id":"https:\/\/familiasmadridnorte.es\/#\/schema\/person\/image\/","url":"https:\/\/secure.gravatar.com\/avatar\/42d6e65fc485c2f9833f403d55ce186e8236e6d2d9b30b4bf6673c5796f5955b?s=96&d=mm&r=g","contentUrl":"https:\/\/secure.gravatar.com\/avatar\/42d6e65fc485c2f9833f403d55ce186e8236e6d2d9b30b4bf6673c5796f5955b?s=96&d=mm&r=g","caption":"Ana"},"url":"https:\/\/familiasmadridnorte.es\/en\/author\/ana\/"}]}},"_links":{"self":[{"href":"https:\/\/familiasmadridnorte.es\/en\/wp-json\/wp\/v2\/posts\/3806","targetHints":{"allow":["GET"]}}],"collection":[{"href":"https:\/\/familiasmadridnorte.es\/en\/wp-json\/wp\/v2\/posts"}],"about":[{"href":"https:\/\/familiasmadridnorte.es\/en\/wp-json\/wp\/v2\/types\/post"}],"author":[{"embeddable":true,"href":"https:\/\/familiasmadridnorte.es\/en\/wp-json\/wp\/v2\/users\/3"}],"replies":[{"embeddable":true,"href":"https:\/\/familiasmadridnorte.es\/en\/wp-json\/wp\/v2\/comments?post=3806"}],"version-history":[{"count":11,"href":"https:\/\/familiasmadridnorte.es\/en\/wp-json\/wp\/v2\/posts\/3806\/revisions"}],"predecessor-version":[{"id":3949,"href":"https:\/\/familiasmadridnorte.es\/en\/wp-json\/wp\/v2\/posts\/3806\/revisions\/3949"}],"wp:featuredmedia":[{"embeddable":true,"href":"https:\/\/familiasmadridnorte.es\/en\/wp-json\/wp\/v2\/media\/3937"}],"wp:attachment":[{"href":"https:\/\/familiasmadridnorte.es\/en\/wp-json\/wp\/v2\/media?parent=3806"}],"wp:term":[{"taxonomy":"category","embeddable":true,"href":"https:\/\/familiasmadridnorte.es\/en\/wp-json\/wp\/v2\/categories?post=3806"},{"taxonomy":"post_tag","embeddable":true,"href":"https:\/\/familiasmadridnorte.es\/en\/wp-json\/wp\/v2\/tags?post=3806"}],"curies":[{"name":"wp","href":"https:\/\/api.w.org\/{rel}","templated":true}]}}