{"id":3465,"date":"2025-12-11T13:41:04","date_gmt":"2025-12-11T13:41:04","guid":{"rendered":"https:\/\/familiasmadridnorte.es\/?p=3465"},"modified":"2025-12-18T09:47:00","modified_gmt":"2025-12-18T09:47:00","slug":"belenes-en-la-comunidad-de-madrid-2025","status":"publish","type":"post","link":"https:\/\/familiasmadridnorte.es\/en\/belenes-en-la-comunidad-de-madrid-2025\/","title":{"rendered":"BELENES EN LA COMUNIDAD DE MADRID 2025"},"content":{"rendered":"<h3 class=\"wp-block-heading\">Belenes en la Comunidad de Madrid \u00a1\u00a1Una tradici\u00f3n que conmueve en Navidad!!<\/h3>\n\n\n\n<p>Cuando llega la \u00e9poca navide\u00f1a, una de las grandes tradiciones de los espa\u00f1oles es instalar el bel\u00e9n. Es el momento de desempolvar las cajas con todos los elementos del nacimiento y comenzar a dise\u00f1ar la escenograf\u00eda con los pastores, los artesanos, los \u00e1ngeles, los Reyes Magos, los pajes y lo fundamental: el pesebre con el Ni\u00f1o Jes\u00fas, la Virgen Mar\u00eda y San Jos\u00e9, custodiados por la mula y el buey.<\/p>\n\n\n\n<p>En Madrid, los grandes belenes se dispersan por toda la ciudad durante las fiestas navide\u00f1as, ya que son muchas las instituciones que sacan a relucir sus magn\u00edficos e hist\u00f3ricos belenes, desde iglesias y monasterios, hasta fundaciones p\u00fablicas y privadas, pasando por museos, el Ayuntamiento de la capital, la Real Casa de Correos, etc.<\/p>\n\n\n\n<p>\u00bfUna curiosidad? El arte del belenismo o la escenificaci\u00f3n del bel\u00e9n lleg\u00f3 por primera vez a Espa\u00f1a en el siglo XVIII, de la mano del rey Carlos III, quien import\u00f3 de N\u00e1poles esta tradici\u00f3n italiana.<\/p>\n\n\n\n<h3 class=\"wp-block-heading\">Bel\u00e9n del Palacio de Cibeles<\/h3>\n\n\n\n<p><br>El espectacular bel\u00e9n del Ayuntamiento de Madrid se instala cada Navidad en el Palacio de Cibeles, en las instalaciones de CentroCentro. Es obra del maestro belenista Jos\u00e9 Luis Mayo Lebrija y todas sus piezas son artesanas y escenifican las historias m\u00e1s c\u00e9lebres en torno al Misterio del nacimiento de Jes\u00fas. El bel\u00e9n de la plaza de Cibeles se despliega por 50 metros de superficie con seis escenas cl\u00e1sicas: la anunciaci\u00f3n a la Virgen, la posada, el portal, la anunciaci\u00f3n del nacimiento por parte del \u00e1ngel a los pastores, la adoraci\u00f3n al Ni\u00f1o y la llegada de los Reyes Magos. Del montaje se ocupa la Asociaci\u00f3n de Belenistas de Madrid y la visita es gratuita.<\/p>\n\n\n\n<p>Horarios: Consultar fechas y horarios <a href=\"https:\/\/www.esmadrid.com\/agenda\/navidad-madrid\/belen-ayuntamiento-madrid-palacio-cibeles\">AQUI<\/a><\/p>\n\n\n\n<h3 class=\"wp-block-heading\">Bel\u00e9n de la Plaza de la Villa<\/h3>\n\n\n\n<p><br>Es otro de los belenes municipales m\u00e1s visitados durante la \u00e9poca navide\u00f1a. Se encuentra frente a la que durante m\u00e1s de dos siglos fue la sede del Ayuntamiento de Madrid y su montaje es exterior. El bel\u00e9n est\u00e1 dise\u00f1ado por Enrique Haro y en su escenograf\u00eda se representan algunos parques nacionales de Espa\u00f1a. Por supuesto, tambi\u00e9n est\u00e1n las t\u00edpicas escenas de la Natividad, la Anunciaci\u00f3n a los pastores, el cortejo de los Reyes de Oriente, etc. Las figuras pertenecen a la colecci\u00f3n de Enrique Haro y cuenta con piezas de grandes maestros, como Pedro Ram\u00edrez, Jos\u00e9 Luis Mayo o Abel Ruiz.<\/p>\n\n\n\n<p>Horarios: Consultar fechas y horarios <a href=\"https:\/\/diario.madrid.es\/blog\/2025\/11\/28\/ruta-por-los-belenes-de-madrid-guia-con-fechas-lugares-y-ubicaciones-por-distritos\/\">AQUI<\/a><\/p>\n\n\n\n<h3 class=\"wp-block-heading\">Bel\u00e9n de la Real Casa de Correos<\/h3>\n\n\n\n<p><br>Junto a la Puerta del Sol, en el n\u00famero 1 de la calle del Correo, se instala el magn\u00edfico bel\u00e9n de la Comunidad de Madrid, que cuenta con m\u00e1s de 400 figuras hechas a mano. Destacan las figuras de la Natividad, realizadas por Jos\u00e9 Luis Mayo, donde el Ni\u00f1o aparece en brazos de San Jos\u00e9; las de la cabalgata de los Reyes Magos pertenecen a la Escuela de Olot y hay otras figuras de la artesana Montserrat Ribes. El bel\u00e9n de la Puerta del Sol se exhibe a pie de calle y ocupa una extensi\u00f3n de 80 metros cuadrados aproximadamente.<\/p>\n\n\n\n<p>Horarios: Consultar fechas y horarios <a href=\"https:\/\/diario.madrid.es\/blog\/2025\/11\/28\/ruta-por-los-belenes-de-madrid-guia-con-fechas-lugares-y-ubicaciones-por-distritos\/\">AQUI<\/a><\/p>\n\n\n\n<h3 class=\"wp-block-heading\">Bel\u00e9n napolitano del Palacio Real<\/h3>\n\n\n\n<p><br>El magn\u00edfico bel\u00e9n napolitano del Palacio Real fue comenzado por el rey Carlos III para su hijo, el futuro Carlos IV. Hay m\u00e1s de 200 figuras articuladas de origen napolitano, genov\u00e9s y espa\u00f1ol que est\u00e1n realizadas desde el siglo XVIII hasta la actualidad. Este nacimiento se inspira en las colecciones reales y en los reales sitios, como el de Aranjuez o La Granja de San Ildefonso. El Bel\u00e9n del Pr\u00edncipe, as\u00ed se le conoce, se exhibe en el Sal\u00f3n de Alabarderos del Palacio Real, junto a la plaza de Oriente, y la visita es gratuita.<\/p>\n\n\n\n<p>Horarios: Consultar fechas y horarios <a href=\"https:\/\/diario.madrid.es\/blog\/2025\/11\/28\/ruta-por-los-belenes-de-madrid-guia-con-fechas-lugares-y-ubicaciones-por-distritos\/\">AQUI<\/a><\/p>\n\n\n\n<h3 class=\"wp-block-heading\">Bel\u00e9n de la Bas\u00edlica Pontificia de San Miguel<\/h3>\n\n\n\n<p><br>Esta bas\u00edlica conserva otro de los nacimientos emblem\u00e1ticos de Madrid, que cuenta con figuras \u201cde palillo\u201d realizadas por el maestro Jos\u00e9 Luis Mayo Lebrija. Este bel\u00e9n de Madrid, dise\u00f1ado por Mar\u00eda Dolores Criado de la Brida, se muestra en el interior de la bas\u00edlica, por lo que no se puede visitar durante las misas y actos religiosos.<\/p>\n\n\n\n<p> Horarios: Consultar fechas y horarios<a href=\"https:\/\/familiasmadridnorte.es\/en\/belenes-en-la-comunidad-de-madrid-2025\/\"> <\/a><a href=\"https:\/\/diario.madrid.es\/blog\/2025\/11\/28\/ruta-por-los-belenes-de-madrid-guia-con-fechas-lugares-y-ubicaciones-por-distritos\/\">AQUI <\/a><\/p>\n\n\n\n<h3 class=\"wp-block-heading\">Bel\u00e9n barroco de la Real Parroquia de San Gin\u00e9s<\/h3>\n\n\n\n<p><br>Situada en el n\u00famero 13 de la calle del Arenal, la iglesia de San Gin\u00e9s conserva un magn\u00edfico bel\u00e9n barroco con figuras vestiduras de tama\u00f1o acad\u00e9mico de Antonio Jos\u00e9 Mart\u00ednez Rodr\u00edguez. La Virgen lleva un manto azul de seda, perteneciente a Carlos III, con una cenefa en la que figuran castillos, leones y coronas de laurel.<\/p>\n\n\n\n<p>Horarios: Consultar fechas y horarios <a href=\"https:\/\/diario.madrid.es\/blog\/2025\/11\/28\/ruta-por-los-belenes-de-madrid-guia-con-fechas-lugares-y-ubicaciones-por-distritos\/\">AQUI<\/a><\/p>\n\n\n\n<h3 class=\"wp-block-heading\">Bel\u00e9n del Museo de Am\u00e9rica<\/h3>\n\n\n\n<p><br>El Museo de Am\u00e9rica expone todos los a\u00f1os un conjunto destacado de los belenes americanos de su colecci\u00f3n permanente. Hay nacimientos de \u01eauito, Buenos Aires y Lima que muestran la gran calidad del arte del bel\u00e9n en los pa\u00edses andinos. El museo organiza visitas guiadas que permiten conocer la peculiaridad de cada uno de sus nacimientos.<\/p>\n\n\n\n<p>Horarios: Consultar fechas y horarios <a href=\"https:\/\/diario.madrid.es\/blog\/2025\/11\/28\/ruta-por-los-belenes-de-madrid-guia-con-fechas-lugares-y-ubicaciones-por-distritos\/\">AQUI<\/a><\/p>\n\n\n\n<h3 class=\"wp-block-heading\">Bel\u00e9n napolitano del Museo de Historia<\/h3>\n\n\n\n<p><br>Situado en el n\u00famero 78 de la calle de Fuencarral, conserva otro de los grandes belenes napolitanos de Madrid. Data del siglo XVIII y lo componen m\u00e1s de 50 piezas articuladas que se reparten en torno a una escenograf\u00eda de dise\u00f1o oriental y barroco.<\/p>\n\n\n\n<p>Horarios: Consultar fechas y horarios <a href=\"https:\/\/diario.madrid.es\/blog\/2025\/11\/28\/ruta-por-los-belenes-de-madrid-guia-con-fechas-lugares-y-ubicaciones-por-distritos\/\">AQUI<\/a><\/p>\n\n\n\n<h3 class=\"wp-block-heading\">Bel\u00e9n de San Lorenzo de El Escorial<\/h3>\n\n\n\n<p><br>El c\u00e9lebre Bel\u00e9n Monumental de San Lorenzo de El Escorial es una de las grandes atracciones navide\u00f1as de la Comunidad de Madrid. Cuenta con 550 figuras de tama\u00f1o real realizadas con un armaz\u00f3n de madera, pasta de papel pintada y tela, que se reparten por el casco hist\u00f3rico, sobre todo por la plaza de la Constituci\u00f3n, la plaza de Jacinto Benavente y las calles de la Reina Victoria y de San Lorenzo. Podr\u00e1s ver de todo: ovejas elaboradas con lana de verdad, lavanderas, establos, la panader\u00eda, la herrer\u00eda, el castillo de Herodes\u2026 y las escenas de la Anunciaci\u00f3n y los Reyes Magos. Con un poco de imaginaci\u00f3n, podr\u00e1s viajar a Bel\u00e9n de Judea.<\/p>\n\n\n\n<p>Horarios: Consultar fechas y horarios <a href=\"https:\/\/belenmonumental.es\/\">AQUI<\/a><\/p>\n\n\n\n<h3 class=\"wp-block-heading\">Bel\u00e9n del ayuntamiento de Paracuellos del Jarama<\/h3>\n\n\n\n<p><br>El Bel\u00e9n de Paracuellos del Jarama cuenta con 74 figuras obra de Jos\u00e9 Luis Mayo Lebrija, de diferentes tama\u00f1os (14, 16 y 19 cent\u00edmetros), para dar mayor perspectiva. En \u00e9l se han empleado adem\u00e1s 12 cajas de musgo, varias plantas naturales, 30 kg de arena y piedras de r\u00edo, 90 kg de corcho, cinco metros de butilo (para el cauce del r\u00edo), seis metros de manguera y una bomba de agua para alimentar un r\u00edo por el que circulan 200 litros.<\/p>\n\n\n\n<p>Horarios: 17 de noviembre \u2013 5 de enero \/ 9h \u2013 14h<\/p>\n\n\n\n<h3 class=\"wp-block-heading\">Bel\u00e9n municipal Alcobendas<\/h3>\n\n\n\n<p><br>Hasta el pr\u00f3ximo 6 de enero, puede visitarse en el Patio de Encuentros del Ayuntamiento el Gran Bel\u00e9n Municipal dise\u00f1ado por la Asociaci\u00f3n de Belenistas de Madrid. Se trata de un bel\u00e9n tipo hebreo hist\u00f3rico que ocupa una superficie de 43,20 m2 y que representa todas las escenas de la infancia de Jes\u00fas narradas en los Evangelios, empezando por la Visitaci\u00f3n de Mar\u00eda a Isabel y la Anunciaci\u00f3n a la Virgen.<\/p>\n\n\n\n<p>Horarios: Consultar fechas y horarios <a href=\"https:\/\/www.alcobendas.org\/es\/actividad\/gran-belen-municipal-0\">AQUI<\/a><\/p>\n\n\n\n<h3 class=\"wp-block-heading\">Bel\u00e9n municipal San Sebasti\u00e1n de los Reyes: <a href=\"https:\/\/familiasmadridnorte.es\/en\/visita-guiada-y-concurso-de-belenes\/\">\u00a1VEN CON AFANZNM EN VISITA GUIADA!<\/a><\/h3>\n\n\n\n<p><br>El Bel\u00e9n Monumental est\u00e1 ubicado en el Edificio Polivalente Francisco Mart\u00edn, tambi\u00e9n conocido como los corrales de suelta del encierro.<\/p>\n\n\n\n<p>Este a\u00f1o cuenta con 538 figuras completamente nuevas, creadas a mano, 6.000 tornillos,<\/p>\n\n\n\n<p>1.000 metros de pladur, 1.400 metros de periferia, 50 metros c\u00fabicos de musgo, arena, o m\u00e1s de 800 litros de agua en movimiento. Es, sin duda, uno de los principales atractivos de la Navidad en la ciudad.<\/p>\n\n\n\n<p>El Bel\u00e9n Monumental es inmersivo, ya que el visitante no s\u00f3lo rodea el Bel\u00e9n, sino que se introduce en el disfrutando de diferentes escenas e iluminaciones, como la noche o el d\u00eda.<\/p>\n\n\n\n<p>Horarios: Consultar fechas y horarios <a href=\"https:\/\/www.visitmadrid.es\/agenda\/belen-monumental-san-sebastian-reyes\">AQUI<\/a><\/p>\n\n\n\n<h3 class=\"wp-block-heading\">Bel\u00e9n de Torrej\u00f3n de Ardoz \u2013 Navidades m\u00e1gicas<\/h3>\n\n\n\n<p><br>Un recorrido a escala real por los pasajes m\u00e1s emblem\u00e1ticos de la historia de la Navidad. Personajes, escenas y ambientaci\u00f3n cuidada al detalle te har\u00e1n sentir como si estuvieras en el aut\u00e9ntico Bel\u00e9n. Una experiencia emocionante y educativa que encantar\u00e1 a grandes y peque\u00f1os. Tradici\u00f3n, cultura y magia en un mismo camino.<\/p>\n\n\n\n<p>Horarios: Consultar fechas y horarios <a href=\"https:\/\/parquemagicasnavidades.es\/es\/mapa-y- horarios\/\">AQUI<\/a><\/p>\n\n\n\n<h3 class=\"wp-block-heading\">Bel\u00e9n Monumental de Alcal\u00e1 de Henares<\/h3>\n\n\n\n<p><br>Como cada a\u00f1o se presenta en la antigua f\u00e1brica GAL. La Asociaci\u00f3n Complutense de Belenistas es la responsable, una asociaci\u00f3n sin \u00e1nimo de lucro, formada por amantes del arte del belenismo. Suelen tardar unos diez meses en crear esta maravilla. Nos esperan 250 m2 de tama\u00f1o aproximadamente, cuenta con m\u00e1s de 330 figuras entre personajes y animales con tama\u00f1os que var\u00edan entre los 50 cent\u00edmetros y los 14 cent\u00edmetros de alto.<\/p>\n\n\n\n<p>Horarios: Consultar fechas y horarios<a href=\"https:\/\/festejos.ayto-alcaladehenares.es\/belenes\/\"> AQUI<\/a><\/p>\n\n\n\n<h3 class=\"wp-block-heading\">Bel\u00e9n viviente \u2013 M\u00f3stoles<\/h3>\n\n\n\n<p><br>El Bel\u00e9n Viviente sumergir\u00e1 a los asistentes en la atm\u00f3sfera de hace m\u00e1s de 2.000 a\u00f1os, con una escenograf\u00eda que sumergir\u00e1n al p\u00fablico en este relato b\u00edblico. M\u00e1s de una decena de actores dar\u00e1n vida a personajes como San Jos\u00e9, la Virgen Mar\u00eda, el Ni\u00f1o Jes\u00fas, los Reyes Magos y el Arc\u00e1ngel San Gabriel, acompa\u00f1ados de figuras secundarias como pastores, lavanderas, campesinos y panaderos, adem\u00e1s de animales propios de la \u00e9poca, para completar una recreaci\u00f3n llena de realismo y encanto.<\/p>\n\n\n\n<p>Horarios: Consultar fechas y horarios <a href=\"https:\/\/mostoleshoy.com\/donde-y-cuando-ver-el-tradicional-belen-viviente-de-mostoles-estas-navidades\">AQUI<\/a><\/p>\n\n\n\n<h3 class=\"wp-block-heading\">Bel\u00e9n municipal de Legan\u00e9s<\/h3>\n\n\n\n<p><br>La principal novedad es un Bel\u00e9n de Playmobil gigante, una pieza exclusiva a nivel internacional que convertir\u00e1 Legan\u00e9s en referencia navide\u00f1a en toda la Comunidad de Madrid. Se ha querido preparar una propuesta diferente al resto de municipios; un Bel\u00e9n de Playmobil gigante, una pieza \u00fanica en todo el mundo. Estar\u00e1 en Plaza Mayor, que ser\u00e1 el coraz\u00f3n navide\u00f1o donde se concentren la mayor\u00eda de las actividades. All\u00ed tambi\u00e9n habr\u00e1 una zona de juegos de Playmobil para ni\u00f1os y para adultos, uno de los \u00e1rboles de Navidad m\u00e1s grandes de Madrid frente a Casa Consistorial, atracciones infantiles y un escenario con una carpa que va a acoger actuaciones cada d\u00eda para ni\u00f1os, j\u00f3venes y mayores.<\/p>\n\n\n\n<p>Horarios: Consultar fechas y horarios <a href=\"https:\/\/www.leganes.org\/web\/guest\/w\/leganes- brillara-mas-que-nunca-esta-navidad-un-belen-de-playmobil-unico-en-el-mundo-un- arbol-de-24-metros-los-legamigos-y-un-centenar-de-actividades\">AQUI<\/a><\/p>\n\n\n\n<h3 class=\"wp-block-heading\">Red de belenes en Getafe<\/h3>\n\n\n\n<p><br>La red de belenes la componen multitud de belenes realizados por entidades, empresas y particulares que est\u00e1n instalados en tanto en espacios p\u00fablicos como en domicilios privados en todos los barrios de Getafe.<\/p>\n\n\n\n<p>Ubicaciones y horarios <a href=\"https:\/\/cultura.getafe.es\/wp-content\/uploads\/2025\/12\/getafe_boletin_72_navidad.pdf\">AQUI<\/a><\/p>\n\n\n\n<h3 class=\"wp-block-heading\">Bel\u00e9n animado Fuenlabrada<\/h3>\n\n\n\n<p><br>Ni\u00f1os y ni\u00f1as podr\u00e1n disfrutar de figuras navide\u00f1as animadas en un entorno que recrea un precioso portal de bel\u00e9n, lleno de luz, color y movimiento. Una experiencia que encantar\u00e1 a toda la familia y que se ha convertido en una tradici\u00f3n muy esperada.<\/p>\n\n\n\n<p>Horarios: Consultar fechas y horarios <a href=\"https:\/\/www.ayto-fuenlabrada.es\/web\/portal\/w\/automatas_2025\">AQUI<\/a><\/p>\n\n\n\n<h3 class=\"wp-block-heading\">Red de belenes en Alcorc\u00f3n<\/h3>\n\n\n\n<p><br>La Navidad se vive a trav\u00e9s de sus tradiciones, y este a\u00f1o el Ayuntamiento ha desplegado una impresionante red de belenes que abarca desde montajes monumentales hasta creaciones art\u00edsticas \u00fanicas. Si quieres disfrutar del recorrido perfecto, aqu\u00ed tienes los imprescindibles de esta temporada.<\/p>\n\n\n\n<p>Ubicaciones y horarios <a href=\"https:\/\/alcorconhoy.com\/ruta-de-belenes-en-alcorcon-2025-guia-imprescindible-de-horarios-y-ubicaciones\">AQUI<\/a><\/p>\n\n\n\n<h3 class=\"wp-block-heading\">Bel\u00e9n viviente en Parla<\/h3>\n\n\n\n<p><br>Parla se prepara para revivir una de sus tradiciones navide\u00f1as m\u00e1s esperadas: el Bel\u00e9n Viviente, que tendr\u00e1 lugar los pr\u00f3ximos 19, 20 y 21 de diciembre.<\/p>\n\n\n\n<p>El evento, organizado y representado por asociaciones y vecinos de la ciudad, se desarrollar\u00e1 en los soportales del Centro Cultural Almudena Grandes.<\/p>\n\n\n\n<p>Las representaciones podr\u00e1n disfrutarse cada tarde, de 18:00 a 20:00 horas, ofreciendo a familias y visitantes una experiencia navide\u00f1a \u00fanica, con escenas tradicionales y un ambiente festivo que llenar\u00e1 de vida las calles del municipio.<\/p>\n\n\n\n<h3 class=\"wp-block-heading\">Ruta de belenes en Pozuelo de Alarc\u00f3n<\/h3>\n\n\n\n<p><br>Un impresionante bel\u00e9n de 85 m2, una diferencia de altura de casi 3 metros desde la zona m\u00e1s baja hasta la m\u00e1s alta, en la que est\u00e1 el castillo, y un total de 450 figuras representativas del nacimiento, que cada a\u00f1o hace las delicias de ni\u00f1os y mayores, estar\u00e1 instalado en el patio de Segovia del Ayuntamiento de Pozuelo hasta el 5 de enero, as\u00ed como lo estar\u00e1 la preciosa colecci\u00f3n de dioramas, cuyos ingeniosos juegos de espejos siempre dejan sorprendido y admirado al espectador.<\/p>\n\n\n\n<p>No pierdas la oportunidad de disfrutar de esta tradici\u00f3n tan emblem\u00e1tica y popular, que la colaboraci\u00f3n de la Asociaci\u00f3n de Belenistas de Pozuelo y el Grupo Scout Eslab\u00f3n hacen posible.<\/p>\n\n\n\n<p>Ubicaciones y horarios <a href=\"https:\/\/www.pozuelodealarcon.org\/navidad-en-pozuelo-2025\/belenes\">AQUI<\/a><\/p>\n\n\n\n<h3 class=\"wp-block-heading\">Bel\u00e9n municipal en Majadahonda<\/h3>\n\n\n\n<p><br>El Bel\u00e9n municipal ocupa 45 m\u00b2 de superficie y cuenta con 300 figuras, 40 m\u00e1s que el a\u00f1o pasado; aportadas por el Ayuntamiento. Entre las nuevas figuras se encuentran las que componen la Natividad, con la novedad de que es San Jos\u00e9 quien sostiene en brazos al ni\u00f1o Jes\u00fas; o las lavanderas. Todas las figuras tienen su importancia y simbolismo en torno al nacimiento de Jes\u00fas; reflejando la diversidad de la sociedad con personajes de todas las edades y sexos, procedentes de diferentes culturas.<\/p>\n\n\n\n<p>Horarios: Consultar fechas y horarios <a href=\"https:\/\/www.majadahonda.org\/noticias\/-\/asset_publisher\/1vDv8dGUJ8Ho\/content\/majadahonda-inaugura-su-primer-belen-monumental-interactivo-con-300-figuras-y-nuevas-construcciones-\">AQUI<\/a><\/p>","protected":false},"excerpt":{"rendered":"<p>Todos los Belenes de la Comunidad de Madrid que pod\u00e9is visitar en familia esta Navidad<\/p>","protected":false},"author":3,"featured_media":3467,"comment_status":"closed","ping_status":"open","sticky":false,"template":"","format":"standard","meta":{"footnotes":""},"categories":[24],"tags":[170,359,332,363,393,48,379],"class_list":["post-3465","post","type-post","status-publish","format-standard","has-post-thumbnail","hentry","category-ocio","tag-actividades-familiares","tag-actividades-familias-numerosas","tag-actividades-gratuitas","tag-actividades-ocio","tag-navidad-2025","tag-ocio-en-madrid","tag-ocio-gratis-en-madrid"],"yoast_head":"<!-- This site is optimized with the Yoast SEO plugin v26.7 - https:\/\/yoast.com\/wordpress\/plugins\/seo\/ -->\n<title>BELENES EN LA COMUNIDAD DE MADRID 2025 - Familias Numerosas<\/title>\n<meta name=\"description\" content=\"Toda la informaci\u00f3n sobre los belenes de la Comunidad de Madrid 2025 en nuestra p\u00e1gina, para que disfrutes con tu familia en Navidad\" \/>\n<meta name=\"robots\" content=\"index, follow, max-snippet:-1, max-image-preview:large, max-video-preview:-1\" \/>\n<link rel=\"canonical\" href=\"https:\/\/familiasmadridnorte.es\/en\/belenes-en-la-comunidad-de-madrid-2025\/\" \/>\n<meta property=\"og:locale\" content=\"en_GB\" \/>\n<meta property=\"og:type\" content=\"article\" \/>\n<meta property=\"og:title\" content=\"BELENES EN LA COMUNIDAD DE MADRID 2025 - Familias Numerosas\" \/>\n<meta property=\"og:description\" content=\"Toda la informaci\u00f3n sobre los belenes de la Comunidad de Madrid 2025 en nuestra p\u00e1gina, para que disfrutes con tu familia en Navidad\" \/>\n<meta property=\"og:url\" content=\"https:\/\/familiasmadridnorte.es\/en\/belenes-en-la-comunidad-de-madrid-2025\/\" \/>\n<meta property=\"og:site_name\" content=\"Familias Numerosas\" \/>\n<meta property=\"article:published_time\" content=\"2025-12-11T13:41:04+00:00\" \/>\n<meta property=\"article:modified_time\" content=\"2025-12-18T09:47:00+00:00\" \/>\n<meta property=\"og:image\" content=\"http:\/\/familiasmadridnorte.es\/wp-content\/uploads\/2025\/12\/Belenes-CAM-2025.jpg\" \/>\n\t<meta property=\"og:image:width\" content=\"900\" \/>\n\t<meta property=\"og:image:height\" content=\"600\" \/>\n\t<meta property=\"og:image:type\" content=\"image\/jpeg\" \/>\n<meta name=\"author\" content=\"Ana\" \/>\n<meta name=\"twitter:card\" content=\"summary_large_image\" \/>\n<meta name=\"twitter:label1\" content=\"Written by\" \/>\n\t<meta name=\"twitter:data1\" content=\"Ana\" \/>\n\t<meta name=\"twitter:label2\" content=\"Estimated reading time\" \/>\n\t<meta name=\"twitter:data2\" content=\"10 minutes\" \/>\n<script type=\"application\/ld+json\" class=\"yoast-schema-graph\">{\"@context\":\"https:\/\/schema.org\",\"@graph\":[{\"@type\":\"Article\",\"@id\":\"https:\/\/familiasmadridnorte.es\/belenes-en-la-comunidad-de-madrid-2025\/#article\",\"isPartOf\":{\"@id\":\"https:\/\/familiasmadridnorte.es\/belenes-en-la-comunidad-de-madrid-2025\/\"},\"author\":{\"name\":\"Ana\",\"@id\":\"https:\/\/familiasmadridnorte.es\/#\/schema\/person\/f8a16592344491533ad78d19aa1d57c5\"},\"headline\":\"BELENES EN LA COMUNIDAD DE MADRID 2025\",\"datePublished\":\"2025-12-11T13:41:04+00:00\",\"dateModified\":\"2025-12-18T09:47:00+00:00\",\"mainEntityOfPage\":{\"@id\":\"https:\/\/familiasmadridnorte.es\/belenes-en-la-comunidad-de-madrid-2025\/\"},\"wordCount\":2327,\"publisher\":{\"@id\":\"https:\/\/familiasmadridnorte.es\/#organization\"},\"image\":{\"@id\":\"https:\/\/familiasmadridnorte.es\/belenes-en-la-comunidad-de-madrid-2025\/#primaryimage\"},\"thumbnailUrl\":\"https:\/\/familiasmadridnorte.es\/wp-content\/uploads\/2025\/12\/Belenes-CAM-2025.jpg\",\"keywords\":[\"actividades familiares\",\"actividades familias numerosas\",\"actividades gratuitas\",\"actividades ocio\",\"Navidad 2025\",\"ocio en Madrid\",\"ocio gratis en Madrid\"],\"articleSection\":[\"ocio\"],\"inLanguage\":\"en-GB\"},{\"@type\":\"WebPage\",\"@id\":\"https:\/\/familiasmadridnorte.es\/belenes-en-la-comunidad-de-madrid-2025\/\",\"url\":\"https:\/\/familiasmadridnorte.es\/belenes-en-la-comunidad-de-madrid-2025\/\",\"name\":\"BELENES EN LA COMUNIDAD DE MADRID 2025 - Familias Numerosas\",\"isPartOf\":{\"@id\":\"https:\/\/familiasmadridnorte.es\/#website\"},\"primaryImageOfPage\":{\"@id\":\"https:\/\/familiasmadridnorte.es\/belenes-en-la-comunidad-de-madrid-2025\/#primaryimage\"},\"image\":{\"@id\":\"https:\/\/familiasmadridnorte.es\/belenes-en-la-comunidad-de-madrid-2025\/#primaryimage\"},\"thumbnailUrl\":\"https:\/\/familiasmadridnorte.es\/wp-content\/uploads\/2025\/12\/Belenes-CAM-2025.jpg\",\"datePublished\":\"2025-12-11T13:41:04+00:00\",\"dateModified\":\"2025-12-18T09:47:00+00:00\",\"description\":\"Toda la informaci\u00f3n sobre los belenes de la Comunidad de Madrid 2025 en nuestra p\u00e1gina, para que disfrutes con tu familia en Navidad\",\"breadcrumb\":{\"@id\":\"https:\/\/familiasmadridnorte.es\/belenes-en-la-comunidad-de-madrid-2025\/#breadcrumb\"},\"inLanguage\":\"en-GB\",\"potentialAction\":[{\"@type\":\"ReadAction\",\"target\":[\"https:\/\/familiasmadridnorte.es\/belenes-en-la-comunidad-de-madrid-2025\/\"]}]},{\"@type\":\"ImageObject\",\"inLanguage\":\"en-GB\",\"@id\":\"https:\/\/familiasmadridnorte.es\/belenes-en-la-comunidad-de-madrid-2025\/#primaryimage\",\"url\":\"https:\/\/familiasmadridnorte.es\/wp-content\/uploads\/2025\/12\/Belenes-CAM-2025.jpg\",\"contentUrl\":\"https:\/\/familiasmadridnorte.es\/wp-content\/uploads\/2025\/12\/Belenes-CAM-2025.jpg\",\"width\":900,\"height\":600,\"caption\":\"BELENES CAM 2025\"},{\"@type\":\"BreadcrumbList\",\"@id\":\"https:\/\/familiasmadridnorte.es\/belenes-en-la-comunidad-de-madrid-2025\/#breadcrumb\",\"itemListElement\":[{\"@type\":\"ListItem\",\"position\":1,\"name\":\"Portada\",\"item\":\"https:\/\/familiasmadridnorte.es\/\"},{\"@type\":\"ListItem\",\"position\":2,\"name\":\"BELENES EN LA COMUNIDAD DE MADRID 2025\"}]},{\"@type\":\"WebSite\",\"@id\":\"https:\/\/familiasmadridnorte.es\/#website\",\"url\":\"https:\/\/familiasmadridnorte.es\/\",\"name\":\"Familias Numerosas\",\"description\":\"La Asociaci\u00f3n de Familias Numerosas Zona Norte de Madrid (AFAN Zona Norte Madrid) lleva 20 a\u00f1os apoyando y representando a las familias numerosas, defendiendo sus derechos y destacando su valiosa aportaci\u00f3n a la sociedad.\",\"publisher\":{\"@id\":\"https:\/\/familiasmadridnorte.es\/#organization\"},\"potentialAction\":[{\"@type\":\"SearchAction\",\"target\":{\"@type\":\"EntryPoint\",\"urlTemplate\":\"https:\/\/familiasmadridnorte.es\/?s={search_term_string}\"},\"query-input\":{\"@type\":\"PropertyValueSpecification\",\"valueRequired\":true,\"valueName\":\"search_term_string\"}}],\"inLanguage\":\"en-GB\"},{\"@type\":\"Organization\",\"@id\":\"https:\/\/familiasmadridnorte.es\/#organization\",\"name\":\"Familias Numerosas\",\"url\":\"https:\/\/familiasmadridnorte.es\/\",\"logo\":{\"@type\":\"ImageObject\",\"inLanguage\":\"en-GB\",\"@id\":\"https:\/\/familiasmadridnorte.es\/#\/schema\/logo\/image\/\",\"url\":\"https:\/\/familiasmadridnorte.es\/wp-content\/uploads\/2025\/06\/Logo_AFAN-1024x724-1.png\",\"contentUrl\":\"https:\/\/familiasmadridnorte.es\/wp-content\/uploads\/2025\/06\/Logo_AFAN-1024x724-1.png\",\"width\":1024,\"height\":724,\"caption\":\"Familias Numerosas\"},\"image\":{\"@id\":\"https:\/\/familiasmadridnorte.es\/#\/schema\/logo\/image\/\"}},{\"@type\":\"Person\",\"@id\":\"https:\/\/familiasmadridnorte.es\/#\/schema\/person\/f8a16592344491533ad78d19aa1d57c5\",\"name\":\"Ana\",\"image\":{\"@type\":\"ImageObject\",\"inLanguage\":\"en-GB\",\"@id\":\"https:\/\/familiasmadridnorte.es\/#\/schema\/person\/image\/\",\"url\":\"https:\/\/secure.gravatar.com\/avatar\/42d6e65fc485c2f9833f403d55ce186e8236e6d2d9b30b4bf6673c5796f5955b?s=96&d=mm&r=g\",\"contentUrl\":\"https:\/\/secure.gravatar.com\/avatar\/42d6e65fc485c2f9833f403d55ce186e8236e6d2d9b30b4bf6673c5796f5955b?s=96&d=mm&r=g\",\"caption\":\"Ana\"},\"url\":\"https:\/\/familiasmadridnorte.es\/en\/author\/ana\/\"}]}<\/script>\n<!-- \/ Yoast SEO plugin. -->","yoast_head_json":{"title":"BELENES EN LA COMUNIDAD DE MADRID 2025 - Familias Numerosas","description":"Toda la informaci\u00f3n sobre los belenes de la Comunidad de Madrid 2025 en nuestra p\u00e1gina, para que disfrutes con tu familia en Navidad","robots":{"index":"index","follow":"follow","max-snippet":"max-snippet:-1","max-image-preview":"max-image-preview:large","max-video-preview":"max-video-preview:-1"},"canonical":"https:\/\/familiasmadridnorte.es\/en\/belenes-en-la-comunidad-de-madrid-2025\/","og_locale":"en_GB","og_type":"article","og_title":"BELENES EN LA COMUNIDAD DE MADRID 2025 - Familias Numerosas","og_description":"Toda la informaci\u00f3n sobre los belenes de la Comunidad de Madrid 2025 en nuestra p\u00e1gina, para que disfrutes con tu familia en Navidad","og_url":"https:\/\/familiasmadridnorte.es\/en\/belenes-en-la-comunidad-de-madrid-2025\/","og_site_name":"Familias Numerosas","article_published_time":"2025-12-11T13:41:04+00:00","article_modified_time":"2025-12-18T09:47:00+00:00","og_image":[{"width":900,"height":600,"url":"http:\/\/familiasmadridnorte.es\/wp-content\/uploads\/2025\/12\/Belenes-CAM-2025.jpg","type":"image\/jpeg"}],"author":"Ana","twitter_card":"summary_large_image","twitter_misc":{"Written by":"Ana","Estimated reading time":"10 minutes"},"schema":{"@context":"https:\/\/schema.org","@graph":[{"@type":"Article","@id":"https:\/\/familiasmadridnorte.es\/belenes-en-la-comunidad-de-madrid-2025\/#article","isPartOf":{"@id":"https:\/\/familiasmadridnorte.es\/belenes-en-la-comunidad-de-madrid-2025\/"},"author":{"name":"Ana","@id":"https:\/\/familiasmadridnorte.es\/#\/schema\/person\/f8a16592344491533ad78d19aa1d57c5"},"headline":"BELENES EN LA COMUNIDAD DE MADRID 2025","datePublished":"2025-12-11T13:41:04+00:00","dateModified":"2025-12-18T09:47:00+00:00","mainEntityOfPage":{"@id":"https:\/\/familiasmadridnorte.es\/belenes-en-la-comunidad-de-madrid-2025\/"},"wordCount":2327,"publisher":{"@id":"https:\/\/familiasmadridnorte.es\/#organization"},"image":{"@id":"https:\/\/familiasmadridnorte.es\/belenes-en-la-comunidad-de-madrid-2025\/#primaryimage"},"thumbnailUrl":"https:\/\/familiasmadridnorte.es\/wp-content\/uploads\/2025\/12\/Belenes-CAM-2025.jpg","keywords":["actividades familiares","actividades familias numerosas","actividades gratuitas","actividades ocio","Navidad 2025","ocio en Madrid","ocio gratis en Madrid"],"articleSection":["ocio"],"inLanguage":"en-GB"},{"@type":"WebPage","@id":"https:\/\/familiasmadridnorte.es\/belenes-en-la-comunidad-de-madrid-2025\/","url":"https:\/\/familiasmadridnorte.es\/belenes-en-la-comunidad-de-madrid-2025\/","name":"BELENES EN LA COMUNIDAD DE MADRID 2025 - Familias Numerosas","isPartOf":{"@id":"https:\/\/familiasmadridnorte.es\/#website"},"primaryImageOfPage":{"@id":"https:\/\/familiasmadridnorte.es\/belenes-en-la-comunidad-de-madrid-2025\/#primaryimage"},"image":{"@id":"https:\/\/familiasmadridnorte.es\/belenes-en-la-comunidad-de-madrid-2025\/#primaryimage"},"thumbnailUrl":"https:\/\/familiasmadridnorte.es\/wp-content\/uploads\/2025\/12\/Belenes-CAM-2025.jpg","datePublished":"2025-12-11T13:41:04+00:00","dateModified":"2025-12-18T09:47:00+00:00","description":"Toda la informaci\u00f3n sobre los belenes de la Comunidad de Madrid 2025 en nuestra p\u00e1gina, para que disfrutes con tu familia en Navidad","breadcrumb":{"@id":"https:\/\/familiasmadridnorte.es\/belenes-en-la-comunidad-de-madrid-2025\/#breadcrumb"},"inLanguage":"en-GB","potentialAction":[{"@type":"ReadAction","target":["https:\/\/familiasmadridnorte.es\/belenes-en-la-comunidad-de-madrid-2025\/"]}]},{"@type":"ImageObject","inLanguage":"en-GB","@id":"https:\/\/familiasmadridnorte.es\/belenes-en-la-comunidad-de-madrid-2025\/#primaryimage","url":"https:\/\/familiasmadridnorte.es\/wp-content\/uploads\/2025\/12\/Belenes-CAM-2025.jpg","contentUrl":"https:\/\/familiasmadridnorte.es\/wp-content\/uploads\/2025\/12\/Belenes-CAM-2025.jpg","width":900,"height":600,"caption":"BELENES CAM 2025"},{"@type":"BreadcrumbList","@id":"https:\/\/familiasmadridnorte.es\/belenes-en-la-comunidad-de-madrid-2025\/#breadcrumb","itemListElement":[{"@type":"ListItem","position":1,"name":"Portada","item":"https:\/\/familiasmadridnorte.es\/"},{"@type":"ListItem","position":2,"name":"BELENES EN LA COMUNIDAD DE MADRID 2025"}]},{"@type":"WebSite","@id":"https:\/\/familiasmadridnorte.es\/#website","url":"https:\/\/familiasmadridnorte.es\/","name":"Large Families","description":"La Asociaci\u00f3n de Familias Numerosas Zona Norte de Madrid (AFAN Zona Norte Madrid) lleva 20 a\u00f1os apoyando y representando a las familias numerosas, defendiendo sus derechos y destacando su valiosa aportaci\u00f3n a la sociedad.","publisher":{"@id":"https:\/\/familiasmadridnorte.es\/#organization"},"potentialAction":[{"@type":"SearchAction","target":{"@type":"EntryPoint","urlTemplate":"https:\/\/familiasmadridnorte.es\/?s={search_term_string}"},"query-input":{"@type":"PropertyValueSpecification","valueRequired":true,"valueName":"search_term_string"}}],"inLanguage":"en-GB"},{"@type":"Organization","@id":"https:\/\/familiasmadridnorte.es\/#organization","name":"Large Families","url":"https:\/\/familiasmadridnorte.es\/","logo":{"@type":"ImageObject","inLanguage":"en-GB","@id":"https:\/\/familiasmadridnorte.es\/#\/schema\/logo\/image\/","url":"https:\/\/familiasmadridnorte.es\/wp-content\/uploads\/2025\/06\/Logo_AFAN-1024x724-1.png","contentUrl":"https:\/\/familiasmadridnorte.es\/wp-content\/uploads\/2025\/06\/Logo_AFAN-1024x724-1.png","width":1024,"height":724,"caption":"Familias Numerosas"},"image":{"@id":"https:\/\/familiasmadridnorte.es\/#\/schema\/logo\/image\/"}},{"@type":"Person","@id":"https:\/\/familiasmadridnorte.es\/#\/schema\/person\/f8a16592344491533ad78d19aa1d57c5","name":"Ana","image":{"@type":"ImageObject","inLanguage":"en-GB","@id":"https:\/\/familiasmadridnorte.es\/#\/schema\/person\/image\/","url":"https:\/\/secure.gravatar.com\/avatar\/42d6e65fc485c2f9833f403d55ce186e8236e6d2d9b30b4bf6673c5796f5955b?s=96&d=mm&r=g","contentUrl":"https:\/\/secure.gravatar.com\/avatar\/42d6e65fc485c2f9833f403d55ce186e8236e6d2d9b30b4bf6673c5796f5955b?s=96&d=mm&r=g","caption":"Ana"},"url":"https:\/\/familiasmadridnorte.es\/en\/author\/ana\/"}]}},"_links":{"self":[{"href":"https:\/\/familiasmadridnorte.es\/en\/wp-json\/wp\/v2\/posts\/3465","targetHints":{"allow":["GET"]}}],"collection":[{"href":"https:\/\/familiasmadridnorte.es\/en\/wp-json\/wp\/v2\/posts"}],"about":[{"href":"https:\/\/familiasmadridnorte.es\/en\/wp-json\/wp\/v2\/types\/post"}],"author":[{"embeddable":true,"href":"https:\/\/familiasmadridnorte.es\/en\/wp-json\/wp\/v2\/users\/3"}],"replies":[{"embeddable":true,"href":"https:\/\/familiasmadridnorte.es\/en\/wp-json\/wp\/v2\/comments?post=3465"}],"version-history":[{"count":23,"href":"https:\/\/familiasmadridnorte.es\/en\/wp-json\/wp\/v2\/posts\/3465\/revisions"}],"predecessor-version":[{"id":3497,"href":"https:\/\/familiasmadridnorte.es\/en\/wp-json\/wp\/v2\/posts\/3465\/revisions\/3497"}],"wp:featuredmedia":[{"embeddable":true,"href":"https:\/\/familiasmadridnorte.es\/en\/wp-json\/wp\/v2\/media\/3467"}],"wp:attachment":[{"href":"https:\/\/familiasmadridnorte.es\/en\/wp-json\/wp\/v2\/media?parent=3465"}],"wp:term":[{"taxonomy":"category","embeddable":true,"href":"https:\/\/familiasmadridnorte.es\/en\/wp-json\/wp\/v2\/categories?post=3465"},{"taxonomy":"post_tag","embeddable":true,"href":"https:\/\/familiasmadridnorte.es\/en\/wp-json\/wp\/v2\/tags?post=3465"}],"curies":[{"name":"wp","href":"https:\/\/api.w.org\/{rel}","templated":true}]}}