{"id":3425,"date":"2025-12-04T19:55:00","date_gmt":"2025-12-04T19:55:00","guid":{"rendered":"https:\/\/familiasmadridnorte.es\/?p=3425"},"modified":"2025-12-18T09:47:00","modified_gmt":"2025-12-18T09:47:00","slug":"tablon-de-anuncios-y-avisos-42","status":"publish","type":"post","link":"https:\/\/familiasmadridnorte.es\/en\/tablon-de-anuncios-y-avisos-42\/","title":{"rendered":"TABL\u00d3N DE ANUNCIOS Y AVISOS"},"content":{"rendered":"<h2 class=\"wp-block-heading\"><strong><mark style=\"background-color:rgba(0, 0, 0, 0)\" class=\"has-inline-color has-vivid-cyan-blue-color\">Avisos<\/mark><\/strong><\/h2>\n\n\n\n<h3 class=\"wp-block-heading\">ENV\u00cdO DE LA REVISTA DE LA FEFN: \u00bfHAN CAMBIADO TUS DATOS POSTALES? <\/h3>\n\n\n\n<p>En breve, la Federaci\u00f3n Espa\u00f1ola de Familias Numerosas (FEFN) enviar\u00e1 la revista de fin de a\u00f1o a todas las familias asociadas. Es MUY IMPORTANTE que tengamos actualizados vuestros datos postales para que no se extrav\u00eden por el camino. Todos los que hab\u00e9is cambiado de domicilio en este tiempo, hac\u00e9dnoslo saber lo antes posible, por favor. Comunicadnos la nueva direcci\u00f3n por mail a: info@familiasmadridnorte.es o por whatsap en el 665653152<\/p>\n\n\n\n<hr class=\"wp-block-separator has-alpha-channel-opacity\"\/>\n\n\n\n<h2 class=\"wp-block-heading\"><mark style=\"background-color:rgba(0, 0, 0, 0)\" class=\"has-inline-color has-vivid-cyan-blue-color\">Bolsa de Empleo<\/mark> <\/h2>\n\n\n\n<figure class=\"wp-block-image size-large\"><img fetchpriority=\"high\" decoding=\"async\" width=\"1024\" height=\"577\" src=\"http:\/\/familiasmadridnorte.es\/wp-content\/uploads\/2024\/02\/bOLSA-DE-EMPLEO-1024x577.jpg\" alt=\"Bolsa de empleo\" class=\"wp-image-1018\" srcset=\"https:\/\/familiasmadridnorte.es\/wp-content\/uploads\/2024\/02\/bOLSA-DE-EMPLEO-1024x577.jpg 1024w, https:\/\/familiasmadridnorte.es\/wp-content\/uploads\/2024\/02\/bOLSA-DE-EMPLEO-300x169.jpg 300w, https:\/\/familiasmadridnorte.es\/wp-content\/uploads\/2024\/02\/bOLSA-DE-EMPLEO-768x433.jpg 768w, https:\/\/familiasmadridnorte.es\/wp-content\/uploads\/2024\/02\/bOLSA-DE-EMPLEO-1536x865.jpg 1536w, https:\/\/familiasmadridnorte.es\/wp-content\/uploads\/2024\/02\/bOLSA-DE-EMPLEO-600x338.jpg 600w, https:\/\/familiasmadridnorte.es\/wp-content\/uploads\/2024\/02\/bOLSA-DE-EMPLEO.jpg 1640w\" sizes=\"(max-width: 1024px) 100vw, 1024px\" \/><\/figure>\n\n\n\n<h3 class=\"wp-block-heading\"><strong>Se <\/strong>\ud835\udc1b\ud835\udc2e\ud835\udc2c\ud835\udc1c\ud835\udc1a \ud835\udc02\ud835\udc28\ud835\udc27\ud835\udc1d\ud835\udc2e\ud835\udc1c\ud835\udc2d\ud835\udc28\ud835\udc2b\/\ud835\udc1a (\ud835\udc15\ud835\udc1e\ud835\udc21\u00ed\ud835\udc1c\ud835\udc2e\ud835\udc25\ud835\udc28 \ud835\udfd1.\ud835\udfd3\ud835\udfce\ud835\udfce \ud835\udc24\ud835\udc20) .<strong> Alcobendas<\/strong><\/h3>\n\n\n\n<p>\ud835\udc03\ud835\udc1e\ud835\udc2c\ud835\udc1c\ud835\udc2b\ud835\udc22\ud835\udc29\ud835\udc1c\ud835\udc22\u00f3\ud835\udc27 \ud835\udc1d\ud835\udc1e\ud835\udc25 \ud835\udc29\ud835\udc2e\ud835\udc1e\ud835\udc2c\ud835\udc2d\ud835\udc28: \u00bfTe gustar\u00eda traba<a><\/a>jar en una empresa s\u00f3lida, con buen ambiente y condiciones estables?<\/p>\n\n\n\n<p><img decoding=\"async\" height=\"16\" width=\"16\" alt=\"\ud83d\udd38\" src=\"https:\/\/ci3.googleusercontent.com\/meips\/ADKq_NZhyaJgDix-0Cs7hHtf_ILBkREVXRg-seizCe-XtAN_VprAOx8_U0s9xuIsv5qLteQGpI_bpnNJLrENoABHtDfY-usmGd5Dix-OUTU7PHmTu3BZaL5X0uA=s0-d-e1-ft#https:\/\/static.xx.fbcdn.net\/images\/emoji.php\/v9\/t72\/1\/16\/1f538.png\">&nbsp;No es reparto, solo recogidas en clientes.<\/p>\n\n\n\n<p><img decoding=\"async\" height=\"16\" width=\"16\" alt=\"\ud83d\udd38\" src=\"https:\/\/ci3.googleusercontent.com\/meips\/ADKq_NZhyaJgDix-0Cs7hHtf_ILBkREVXRg-seizCe-XtAN_VprAOx8_U0s9xuIsv5qLteQGpI_bpnNJLrENoABHtDfY-usmGd5Dix-OUTU7PHmTu3BZaL5X0uA=s0-d-e1-ft#https:\/\/static.xx.fbcdn.net\/images\/emoji.php\/v9\/t72\/1\/16\/1f538.png\">&nbsp;Trato cercano, rutas organizadas y un equipo que te apoya desde el primer d\u00eda.<\/p>\n\n\n\n<p>\u00bf\ud835\udc10\ud835\udc2e\u00e9 \ud835\udc28\ud835\udc1f\ud835\udc2b\ud835\udc1e\ud835\udc1c\ud835\udc1e\ud835\udc26\ud835\udc28\ud835\udc2c?<\/p>\n\n\n\n<p>Jornada completa. Contrato fijo. Buenas condiciones laborales. Entorno estable y buen trato en el d\u00eda a d\u00eda.<\/p>\n\n\n\n<p>\ud835\udc11\ud835\udc1e\ud835\udc2a\ud835\udc2e\ud835\udc22\ud835\udc2c\ud835\udc22\ud835\udc2d\ud835\udc28\ud835\udc2c:<\/p>\n\n\n\n<ul class=\"wp-block-list\">\n<li>Permiso B-1 v\u00e1lido para conducci\u00f3n de veh\u00edculos de 3.500 kg.<\/li>\n\n\n\n<li>M\u00ednimo 2 a\u00f1os de experiencia con el carnet de conducir.<\/li>\n\n\n\n<li>Responsabilidad, puntualidad y trato profesional con los clientes.<\/li>\n<\/ul>\n\n\n\n<p>Si te gusta la conducci\u00f3n, el contacto directo con clientes y buscas estabilidad laboral, este es tu sitio.<\/p>\n\n\n\n<p>Si est\u00e1s interesado, env\u00edanos tu cv a info@familiasmadridnorte.es o por whatsap al 665653152<\/p>\n\n\n\n<hr class=\"wp-block-separator has-alpha-channel-opacity\"\/>\n\n\n\n<h3 class=\"wp-block-heading\">\u00a1Se busca Oficial\/a Estilista para incorporaci\u00f3n inmediata! Valdebebas<\/h3>\n\n\n\n<p>Sal\u00f3n de belleza en pleno funcionamiento en Valdebebas est\u00e1 en busca de un\/a Oficial\/a Estilista para unirse a nuestro equipo. Buscamos una persona apasionada y con experiencia que domine las siguientes t\u00e9cnicas:<\/p>\n\n\n\n<ul class=\"wp-block-list\">\n<li>Balayage<\/li>\n\n\n\n<li>Corte de se\u00f1ora y caballero<\/li>\n\n\n\n<li>Recogidos<\/li>\n<\/ul>\n\n\n\n<p><strong>Requisitos:<\/strong> Buena presencia. Actitud positiva y proactiva. Jornada Completa.<\/p>\n\n\n\n<p><strong>\u00bfQu\u00e9 ofrecemos?<\/strong><\/p>\n\n\n\n<ul class=\"wp-block-list\">\n<li>Estabilidad laboral en un sal\u00f3n reconocido.<\/li>\n\n\n\n<li>Oportunidad de crecimiento profesional.<\/li>\n\n\n\n<li>Formaci\u00f3n continua sobre las \u00faltimas tendencias.<\/li>\n\n\n\n<li>Ambiente de trabajo agradable y equipo unido.<\/li>\n\n\n\n<li>Sueldo acorde a\u00a0la\u00a0experiencia<\/li>\n<\/ul>\n\n\n\n<p>Si est\u00e1s interesado, env\u00edanos tu cv a info@familiasmadridnorte.es o por whatsap al 665653152<\/p>\n\n\n\n<hr class=\"wp-block-separator has-alpha-channel-opacity\"\/>\n\n\n\n<h3 class=\"wp-block-heading\">Necesitamos interna para nuestro hogar<\/h3>\n\n\n\n<p>Hola! Somos una familia de 5. Padres y 3 ni\u00f1os de 9, 7 y 4 a\u00f1os. Buscamos una persona interna, para trabajar de lunes a viernes jornada completa y s\u00e1bado hasta las 14:00. Zona de el soto de la moraleja, para comenzar de inmediato. Interesados contactar por WhatsApp en el 665653152. Gracias<\/p>\n\n\n\n<hr class=\"wp-block-separator has-alpha-channel-opacity\"\/>\n\n\n\n<h3 class=\"wp-block-heading\">Oferta de Empleo de Gabinetes FONOS<\/h3>\n\n\n\n<figure class=\"wp-block-image alignright size-full is-resized\"><img decoding=\"async\" width=\"474\" height=\"569\" src=\"http:\/\/familiasmadridnorte.es\/wp-content\/uploads\/2025\/01\/oFERTA-empleo-Fonos.jpg\" alt=\"OFERTA DE EMPLEO\" class=\"wp-image-873\" style=\"width:241px;height:auto\" srcset=\"https:\/\/familiasmadridnorte.es\/wp-content\/uploads\/2025\/01\/oFERTA-empleo-Fonos.jpg 474w, https:\/\/familiasmadridnorte.es\/wp-content\/uploads\/2025\/01\/oFERTA-empleo-Fonos-250x300.jpg 250w\" sizes=\"(max-width: 474px) 100vw, 474px\" \/><\/figure>\n\n\n\n<p>Ver\u00f3nica, madre asociada, nos ha pedido que os transmitamos que necesitan una logopeda y una maestra de audici\u00f3n y lenguaje para sus gabinetes. El horario ser\u00eda para dos ma\u00f1anas y las tardes de lunes a viernes, con jornada completa.<\/p>\n\n\n\n<p>Pod\u00e9is enviarle el Curriculum Vitae directamente al mail fonosgestion@gmail.com, indicando como referencia, vuestra pertenencia a la asociaci\u00f3n.<\/p>\n\n\n\n<p>Ten\u00e9is el acuerdo de colaboraci\u00f3n, recientemente firmado con esta familia, que nos ofrece logopedia o terapia ocupacional, entre otros servicios, <a href=\"https:\/\/familiasmadridnorte.es\/en\/acuerdo-de-colaboracion-fonos\/\">AQUI<\/a><\/p>\n\n\n\n<hr class=\"wp-block-separator has-alpha-channel-opacity\"\/>\n\n\n\n<h2 class=\"wp-block-heading\"><mark style=\"background-color:rgba(0, 0, 0, 0)\" class=\"has-inline-color has-vivid-cyan-blue-color\">Solicitamos Ayuda<\/mark> en Tabl\u00f3n de Anuncios<\/h2>\n\n\n\n<figure class=\"wp-block-image size-large\"><img loading=\"lazy\" decoding=\"async\" width=\"1024\" height=\"577\" src=\"http:\/\/familiasmadridnorte.es\/wp-content\/uploads\/2024\/10\/Solicitamos-Ayuda-1024x577.jpg\" alt=\"\" class=\"wp-image-933\" srcset=\"https:\/\/familiasmadridnorte.es\/wp-content\/uploads\/2024\/10\/Solicitamos-Ayuda-1024x577.jpg 1024w, https:\/\/familiasmadridnorte.es\/wp-content\/uploads\/2024\/10\/Solicitamos-Ayuda-300x169.jpg 300w, https:\/\/familiasmadridnorte.es\/wp-content\/uploads\/2024\/10\/Solicitamos-Ayuda-768x433.jpg 768w, https:\/\/familiasmadridnorte.es\/wp-content\/uploads\/2024\/10\/Solicitamos-Ayuda-1536x865.jpg 1536w, https:\/\/familiasmadridnorte.es\/wp-content\/uploads\/2024\/10\/Solicitamos-Ayuda-600x338.jpg 600w, https:\/\/familiasmadridnorte.es\/wp-content\/uploads\/2024\/10\/Solicitamos-Ayuda.jpg 1640w\" sizes=\"(max-width: 1024px) 100vw, 1024px\" \/><\/figure>\n\n\n\n<h3 class=\"wp-block-heading\">Familia Asociada necesita vivienda en alquiler<\/h3>\n\n\n\n<p>Hola, somos un matrimonio con 6 hijos. Actualmente, estamos de alquiler en Valdelasfuentes (Alcobendas). El casero necesita el piso a principios de 2026 para su hija, y no encontramos nada que nos encaje, ya sea por precio o por espacio; si sale algo que puede interesarnos nos deniegan la visita en el momento en que nos preguntan el n\u00famero de personas que vivir\u00edamos en el piso&#8230; Actualmente estamos en un piso de 3 habitaciones, que es lo m\u00ednimo que necesitar\u00edamos. Agradecer\u00edamos much\u00edsimo si a alguien le surge la opci\u00f3n o conoce a alguien que pueda alquilarnos el piso, a poder ser por la zona de Alcobendas o Sanse, especialmente por no tener que cambiar a los ni\u00f1os de colegio y por motivos de trabajo. Muchas gracias por todo y un saludo<\/p>\n\n\n\n<h3 class=\"wp-block-heading\">Familia Asociada busca vivienda<\/h3>\n\n\n\n<p>Buenas tardes, estamos buscando vivienda para alquilar y como imaginar\u00e9is es misi\u00f3n imposible. Actualmente trabajamos y vivimos en Torrelaguna. Si alguien conoce o tiene una vivienda para alquilar a ser posible por la zona y 3 dormitorios y precio m\u00e1ximo de alquiler 850 le agradecer\u00eda me lo comunicara a trav\u00e9s de la asociaci\u00f3n (Mv 665653152). Muchas gracias!<\/p>\n\n\n\n<hr class=\"wp-block-separator has-alpha-channel-opacity\"\/>\n\n\n\n<h2 class=\"wp-block-heading\"><mark style=\"background-color:rgba(0, 0, 0, 0)\" class=\"has-inline-color has-vivid-cyan-blue-color\">Donaciones<\/mark> en Tabl\u00f3n de Anuncios<\/h2>\n\n\n\n<figure class=\"wp-block-image size-large\"><img loading=\"lazy\" decoding=\"async\" width=\"1024\" height=\"577\" src=\"http:\/\/familiasmadridnorte.es\/wp-content\/uploads\/2024\/10\/Donaciones-1024x577.jpg\" alt=\"\" class=\"wp-image-1991\" srcset=\"https:\/\/familiasmadridnorte.es\/wp-content\/uploads\/2024\/10\/Donaciones-1024x577.jpg 1024w, https:\/\/familiasmadridnorte.es\/wp-content\/uploads\/2024\/10\/Donaciones-300x169.jpg 300w, https:\/\/familiasmadridnorte.es\/wp-content\/uploads\/2024\/10\/Donaciones-768x433.jpg 768w, https:\/\/familiasmadridnorte.es\/wp-content\/uploads\/2024\/10\/Donaciones-1536x865.jpg 1536w, https:\/\/familiasmadridnorte.es\/wp-content\/uploads\/2024\/10\/Donaciones-600x338.jpg 600w, https:\/\/familiasmadridnorte.es\/wp-content\/uploads\/2024\/10\/Donaciones.jpg 1640w\" sizes=\"(max-width: 1024px) 100vw, 1024px\" \/><\/figure>\n\n\n\n<p>Para las donaciones, poneos en contacto con la asociaci\u00f3n en el whatsap 665653152<\/p>\n\n\n\n<h3 class=\"wp-block-heading\">Familia Regala Estanter\u00eda<\/h3>\n\n\n\n<p>Regalamos esta estanter\u00eda. Alto 228 cm&nbsp; Ancho 148 cm Fondo balda 35 cm Fondo tablero vertical min 34 cm Max 40 cm .<\/p>\n\n\n\n<figure class=\"wp-block-image size-full\"><img loading=\"lazy\" decoding=\"async\" width=\"900\" height=\"600\" src=\"https:\/\/familiasmadridnorte.es\/wp-content\/uploads\/2025\/11\/estanteria.-Javier-cavalle.jpg\" alt=\"\" class=\"wp-image-3375\" srcset=\"https:\/\/familiasmadridnorte.es\/wp-content\/uploads\/2025\/11\/estanteria.-Javier-cavalle.jpg 900w, https:\/\/familiasmadridnorte.es\/wp-content\/uploads\/2025\/11\/estanteria.-Javier-cavalle-300x200.jpg 300w, https:\/\/familiasmadridnorte.es\/wp-content\/uploads\/2025\/11\/estanteria.-Javier-cavalle-768x512.jpg 768w, https:\/\/familiasmadridnorte.es\/wp-content\/uploads\/2025\/11\/estanteria.-Javier-cavalle-18x12.jpg 18w\" sizes=\"(max-width: 900px) 100vw, 900px\" \/><\/figure>\n\n\n\n<hr class=\"wp-block-separator has-alpha-channel-opacity\"\/>\n\n\n\n<h4 class=\"wp-block-heading\">Se donan dos mochilas Totto<\/h4>\n\n\n\n<figure class=\"wp-block-image size-large\"><img loading=\"lazy\" decoding=\"async\" width=\"1024\" height=\"577\" src=\"http:\/\/familiasmadridnorte.es\/wp-content\/uploads\/2025\/09\/Mochilas-Totto.-Aurora-Vela-1024x577.jpg\" alt=\"donaci\u00f3n mochilas tabl\u00f3n de anuncios \" class=\"wp-image-2779\" srcset=\"https:\/\/familiasmadridnorte.es\/wp-content\/uploads\/2025\/09\/Mochilas-Totto.-Aurora-Vela-1024x577.jpg 1024w, https:\/\/familiasmadridnorte.es\/wp-content\/uploads\/2025\/09\/Mochilas-Totto.-Aurora-Vela-300x169.jpg 300w, https:\/\/familiasmadridnorte.es\/wp-content\/uploads\/2025\/09\/Mochilas-Totto.-Aurora-Vela-768x433.jpg 768w, https:\/\/familiasmadridnorte.es\/wp-content\/uploads\/2025\/09\/Mochilas-Totto.-Aurora-Vela-1536x865.jpg 1536w, https:\/\/familiasmadridnorte.es\/wp-content\/uploads\/2025\/09\/Mochilas-Totto.-Aurora-Vela-18x10.jpg 18w, https:\/\/familiasmadridnorte.es\/wp-content\/uploads\/2025\/09\/Mochilas-Totto.-Aurora-Vela.jpg 1640w\" sizes=\"(max-width: 1024px) 100vw, 1024px\" \/><\/figure>\n\n\n\n<h4 class=\"wp-block-heading\"><\/h4>\n\n\n\n<hr class=\"wp-block-separator has-alpha-channel-opacity\"\/>\n\n\n\n<h2 class=\"wp-block-heading\"><mark style=\"background-color:rgba(0, 0, 0, 0)\" class=\"has-inline-color has-vivid-cyan-blue-color\">Ventas<\/mark> en Tabl\u00f3n de Anuncios<\/h2>\n\n\n\n<figure class=\"wp-block-image size-large\"><img loading=\"lazy\" decoding=\"async\" width=\"1024\" height=\"577\" src=\"http:\/\/familiasmadridnorte.es\/wp-content\/uploads\/2024\/10\/ventas-tablon-anuncios-1024x577.jpg\" alt=\"\" class=\"wp-image-1080\" srcset=\"https:\/\/familiasmadridnorte.es\/wp-content\/uploads\/2024\/10\/ventas-tablon-anuncios-1024x577.jpg 1024w, https:\/\/familiasmadridnorte.es\/wp-content\/uploads\/2024\/10\/ventas-tablon-anuncios-300x169.jpg 300w, https:\/\/familiasmadridnorte.es\/wp-content\/uploads\/2024\/10\/ventas-tablon-anuncios-768x433.jpg 768w, https:\/\/familiasmadridnorte.es\/wp-content\/uploads\/2024\/10\/ventas-tablon-anuncios-1536x865.jpg 1536w, https:\/\/familiasmadridnorte.es\/wp-content\/uploads\/2024\/10\/ventas-tablon-anuncios-600x338.jpg 600w, https:\/\/familiasmadridnorte.es\/wp-content\/uploads\/2024\/10\/ventas-tablon-anuncios.jpg 1640w\" sizes=\"(max-width: 1024px) 100vw, 1024px\" \/><\/figure>\n\n\n\n<h4 class=\"wp-block-heading\">Se vende Cama Articulada<\/h4>\n\n\n\n<p>Vendemos cama articulada ortop\u00e9dica de madera en buen estado. Ideal para personas con movilidad reducida. Con carro elevador. Se regala colch\u00f3n antiescaras. 600\u20ac. Montse 634958110<\/p>\n\n\n\n<figure class=\"wp-block-image size-large\"><img loading=\"lazy\" decoding=\"async\" width=\"1024\" height=\"577\" src=\"https:\/\/familiasmadridnorte.es\/wp-content\/uploads\/2025\/10\/cama-articulada-montse-silvestre-1024x577.jpg\" alt=\"\" class=\"wp-image-3104\" srcset=\"https:\/\/familiasmadridnorte.es\/wp-content\/uploads\/2025\/10\/cama-articulada-montse-silvestre-1024x577.jpg 1024w, https:\/\/familiasmadridnorte.es\/wp-content\/uploads\/2025\/10\/cama-articulada-montse-silvestre-300x169.jpg 300w, https:\/\/familiasmadridnorte.es\/wp-content\/uploads\/2025\/10\/cama-articulada-montse-silvestre-768x433.jpg 768w, https:\/\/familiasmadridnorte.es\/wp-content\/uploads\/2025\/10\/cama-articulada-montse-silvestre-1536x865.jpg 1536w, https:\/\/familiasmadridnorte.es\/wp-content\/uploads\/2025\/10\/cama-articulada-montse-silvestre-18x10.jpg 18w, https:\/\/familiasmadridnorte.es\/wp-content\/uploads\/2025\/10\/cama-articulada-montse-silvestre.jpg 1640w\" sizes=\"(max-width: 1024px) 100vw, 1024px\" \/><\/figure>\n\n\n\n<h4 class=\"wp-block-heading\">Se vende Cama Litera, tipo Tren.<\/h4>\n\n\n\n<p>Cama litera para tres, tipo tren, con armario incluido y escalera frontal de pelda\u00f1os anchos. En muy buen estado. Medidas en las fotos . Hueco entre literas 92cm. Cama alta con base a 150cm. Dos cajones en parte inferior de gran capacidad que soportan bastante peso. Materiales de calidad. Tiene 3 a\u00f1os y nos cost\u00f3 2000\u20ac . Fue hecha a medida para que cupieran bien las ni\u00f1as entre cama y cama. Est\u00e1 desmontada. Se vende por 700\u20ac. Cobe\u00f1a. Roc\u00edo 655779934<\/p>\n\n\n\n<figure class=\"wp-block-image size-large\"><img loading=\"lazy\" decoding=\"async\" width=\"1024\" height=\"577\" src=\"http:\/\/familiasmadridnorte.es\/wp-content\/uploads\/2024\/09\/Habitacion-Familia-Mendoza-real-1024x577.jpg\" alt=\"venta de litera tren \" class=\"wp-image-2180\" srcset=\"https:\/\/familiasmadridnorte.es\/wp-content\/uploads\/2024\/09\/Habitacion-Familia-Mendoza-real-1024x577.jpg 1024w, https:\/\/familiasmadridnorte.es\/wp-content\/uploads\/2024\/09\/Habitacion-Familia-Mendoza-real-300x169.jpg 300w, https:\/\/familiasmadridnorte.es\/wp-content\/uploads\/2024\/09\/Habitacion-Familia-Mendoza-real-768x433.jpg 768w, https:\/\/familiasmadridnorte.es\/wp-content\/uploads\/2024\/09\/Habitacion-Familia-Mendoza-real-1536x865.jpg 1536w, https:\/\/familiasmadridnorte.es\/wp-content\/uploads\/2024\/09\/Habitacion-Familia-Mendoza-real-600x338.jpg 600w, https:\/\/familiasmadridnorte.es\/wp-content\/uploads\/2024\/09\/Habitacion-Familia-Mendoza-real.jpg 1640w\" sizes=\"(max-width: 1024px) 100vw, 1024px\" \/><\/figure>\n\n\n\n<h4 class=\"wp-block-heading\">Se vende lote de ropa talla 8\/10<\/h4>\n\n\n\n<p>Se vende un lote de ropa de m\u00e1s 45 prendas (9 kilos) de ni\u00f1a, de la talla 8\/10 por tan s\u00f3lo 30\u20ac en Sanse. Beatriz. Tfo. 675613316<\/p>\n\n\n\n<figure class=\"wp-block-image size-large\"><img loading=\"lazy\" decoding=\"async\" width=\"1024\" height=\"577\" src=\"https:\/\/familiasmadridnorte.es\/wp-content\/uploads\/2025\/09\/ropa-venta-Beatriz-Avila-1024x577.jpg\" alt=\"\" class=\"wp-image-2815\" srcset=\"https:\/\/familiasmadridnorte.es\/wp-content\/uploads\/2025\/09\/ropa-venta-Beatriz-Avila-1024x577.jpg 1024w, https:\/\/familiasmadridnorte.es\/wp-content\/uploads\/2025\/09\/ropa-venta-Beatriz-Avila-300x169.jpg 300w, https:\/\/familiasmadridnorte.es\/wp-content\/uploads\/2025\/09\/ropa-venta-Beatriz-Avila-768x433.jpg 768w, https:\/\/familiasmadridnorte.es\/wp-content\/uploads\/2025\/09\/ropa-venta-Beatriz-Avila-1536x865.jpg 1536w, https:\/\/familiasmadridnorte.es\/wp-content\/uploads\/2025\/09\/ropa-venta-Beatriz-Avila-18x10.jpg 18w, https:\/\/familiasmadridnorte.es\/wp-content\/uploads\/2025\/09\/ropa-venta-Beatriz-Avila.jpg 1640w\" sizes=\"(max-width: 1024px) 100vw, 1024px\" \/><\/figure>\n\n\n\n<h4 class=\"wp-block-heading\">Se Vende Carro trio Rider Jane<\/h4>\n\n\n\n<p>VENTA de carro trio que incluye: capazo, cuco y silla de paseo con capota de lluvia y sombrilla. Tambi\u00e9n incluye saco de invierno y funda verano de algod\u00f3n transpirable para el cuco; saco de invierno para la silla de paseo y funda de verano de algod\u00f3n transpirable para la silla de paseo. Siempre usados con fundas.<\/p>\n\n\n\n<p>Buen estado. Siempre con funda en el manillar. Ruedas en perfecto estado, no desgastadas. Signos de uso pero sin importancia. Gancho de manillar para colgar cosas, de regalo. 120\u20ac.  Cristina. 616752613<\/p>\n\n\n\n<figure class=\"wp-block-image size-large\"><img loading=\"lazy\" decoding=\"async\" width=\"1024\" height=\"577\" src=\"https:\/\/familiasmadridnorte.es\/wp-content\/uploads\/2025\/09\/Carro-Cristina-Sabugal-1024x577.jpg\" alt=\"\" class=\"wp-image-2671\" srcset=\"https:\/\/familiasmadridnorte.es\/wp-content\/uploads\/2025\/09\/Carro-Cristina-Sabugal-1024x577.jpg 1024w, https:\/\/familiasmadridnorte.es\/wp-content\/uploads\/2025\/09\/Carro-Cristina-Sabugal-300x169.jpg 300w, https:\/\/familiasmadridnorte.es\/wp-content\/uploads\/2025\/09\/Carro-Cristina-Sabugal-768x433.jpg 768w, https:\/\/familiasmadridnorte.es\/wp-content\/uploads\/2025\/09\/Carro-Cristina-Sabugal-1536x865.jpg 1536w, https:\/\/familiasmadridnorte.es\/wp-content\/uploads\/2025\/09\/Carro-Cristina-Sabugal-18x10.jpg 18w, https:\/\/familiasmadridnorte.es\/wp-content\/uploads\/2025\/09\/Carro-Cristina-Sabugal.jpg 1640w\" sizes=\"(max-width: 1024px) 100vw, 1024px\" \/><\/figure>\n\n\n\n<hr class=\"wp-block-separator has-alpha-channel-opacity\"\/>\n\n\n\n<h2 class=\"wp-block-heading\"><\/h2>","protected":false},"excerpt":{"rendered":"<p>Esta semana en el tabl\u00f3n de anuncios destacamos un aviso de la asociaci\u00f3n y nuevas oportunidades de empleo.<\/p>","protected":false},"author":3,"featured_media":828,"comment_status":"closed","ping_status":"open","sticky":false,"template":"","format":"standard","meta":{"footnotes":""},"categories":[31],"tags":[34,211,32,366,365],"class_list":["post-3425","post","type-post","status-publish","format-standard","has-post-thumbnail","hentry","category-entre-nosotros","tag-empleo","tag-empleo-familias-numerosas","tag-empleo-juvenil","tag-monitor","tag-ventas"],"yoast_head":"<!-- This site is optimized with the Yoast SEO plugin v26.7 - https:\/\/yoast.com\/wordpress\/plugins\/seo\/ -->\n<title>TABL\u00d3N DE ANUNCIOS Y AVISOS - Familias Numerosas<\/title>\n<meta name=\"description\" content=\"Las familias numerosas de la zona norte de Madrid tienen muchos recursos gracias al tabl\u00f3n de anuncios de AFAN ZONA NORTE DE MADRID\" \/>\n<meta name=\"robots\" content=\"index, follow, max-snippet:-1, max-image-preview:large, max-video-preview:-1\" \/>\n<link rel=\"canonical\" href=\"https:\/\/familiasmadridnorte.es\/en\/tablon-de-anuncios-y-avisos-42\/\" \/>\n<meta property=\"og:locale\" content=\"en_GB\" \/>\n<meta property=\"og:type\" content=\"article\" \/>\n<meta property=\"og:title\" content=\"TABL\u00d3N DE ANUNCIOS Y AVISOS - Familias Numerosas\" \/>\n<meta property=\"og:description\" content=\"Las familias numerosas de la zona norte de Madrid tienen muchos recursos gracias al tabl\u00f3n de anuncios de AFAN ZONA NORTE DE MADRID\" \/>\n<meta property=\"og:url\" content=\"https:\/\/familiasmadridnorte.es\/en\/tablon-de-anuncios-y-avisos-42\/\" \/>\n<meta property=\"og:site_name\" content=\"Familias Numerosas\" \/>\n<meta property=\"article:published_time\" content=\"2025-12-04T19:55:00+00:00\" \/>\n<meta property=\"article:modified_time\" content=\"2025-12-18T09:47:00+00:00\" \/>\n<meta property=\"og:image\" content=\"http:\/\/familiasmadridnorte.es\/wp-content\/uploads\/2024\/10\/AVISOS-AFAN-ZONA-NORTE-MADRID.jpg\" \/>\n\t<meta property=\"og:image:width\" content=\"1640\" \/>\n\t<meta property=\"og:image:height\" content=\"924\" \/>\n\t<meta property=\"og:image:type\" content=\"image\/jpeg\" \/>\n<meta name=\"author\" content=\"Ana\" \/>\n<meta name=\"twitter:card\" content=\"summary_large_image\" \/>\n<meta name=\"twitter:label1\" content=\"Written by\" \/>\n\t<meta name=\"twitter:data1\" content=\"Ana\" \/>\n\t<meta name=\"twitter:label2\" content=\"Estimated reading time\" \/>\n\t<meta name=\"twitter:data2\" content=\"8 minutes\" \/>\n<script type=\"application\/ld+json\" class=\"yoast-schema-graph\">{\"@context\":\"https:\/\/schema.org\",\"@graph\":[{\"@type\":\"Article\",\"@id\":\"https:\/\/familiasmadridnorte.es\/tablon-de-anuncios-y-avisos-42\/#article\",\"isPartOf\":{\"@id\":\"https:\/\/familiasmadridnorte.es\/tablon-de-anuncios-y-avisos-42\/\"},\"author\":{\"name\":\"Ana\",\"@id\":\"https:\/\/familiasmadridnorte.es\/#\/schema\/person\/f8a16592344491533ad78d19aa1d57c5\"},\"headline\":\"TABL\u00d3N DE ANUNCIOS Y AVISOS\",\"datePublished\":\"2025-12-04T19:55:00+00:00\",\"dateModified\":\"2025-12-18T09:47:00+00:00\",\"mainEntityOfPage\":{\"@id\":\"https:\/\/familiasmadridnorte.es\/tablon-de-anuncios-y-avisos-42\/\"},\"wordCount\":989,\"publisher\":{\"@id\":\"https:\/\/familiasmadridnorte.es\/#organization\"},\"image\":{\"@id\":\"https:\/\/familiasmadridnorte.es\/tablon-de-anuncios-y-avisos-42\/#primaryimage\"},\"thumbnailUrl\":\"https:\/\/familiasmadridnorte.es\/wp-content\/uploads\/2024\/10\/AVISOS-AFAN-ZONA-NORTE-MADRID.jpg\",\"keywords\":[\"empleo\",\"empleo familias numerosas\",\"empleo juvenil\",\"monitor\",\"ventas\"],\"articleSection\":[\"Entre Nosotros\"],\"inLanguage\":\"en-GB\"},{\"@type\":\"WebPage\",\"@id\":\"https:\/\/familiasmadridnorte.es\/tablon-de-anuncios-y-avisos-42\/\",\"url\":\"https:\/\/familiasmadridnorte.es\/tablon-de-anuncios-y-avisos-42\/\",\"name\":\"TABL\u00d3N DE ANUNCIOS Y AVISOS - Familias Numerosas\",\"isPartOf\":{\"@id\":\"https:\/\/familiasmadridnorte.es\/#website\"},\"primaryImageOfPage\":{\"@id\":\"https:\/\/familiasmadridnorte.es\/tablon-de-anuncios-y-avisos-42\/#primaryimage\"},\"image\":{\"@id\":\"https:\/\/familiasmadridnorte.es\/tablon-de-anuncios-y-avisos-42\/#primaryimage\"},\"thumbnailUrl\":\"https:\/\/familiasmadridnorte.es\/wp-content\/uploads\/2024\/10\/AVISOS-AFAN-ZONA-NORTE-MADRID.jpg\",\"datePublished\":\"2025-12-04T19:55:00+00:00\",\"dateModified\":\"2025-12-18T09:47:00+00:00\",\"description\":\"Las familias numerosas de la zona norte de Madrid tienen muchos recursos gracias al tabl\u00f3n de anuncios de AFAN ZONA NORTE DE MADRID\",\"breadcrumb\":{\"@id\":\"https:\/\/familiasmadridnorte.es\/tablon-de-anuncios-y-avisos-42\/#breadcrumb\"},\"inLanguage\":\"en-GB\",\"potentialAction\":[{\"@type\":\"ReadAction\",\"target\":[\"https:\/\/familiasmadridnorte.es\/tablon-de-anuncios-y-avisos-42\/\"]}]},{\"@type\":\"ImageObject\",\"inLanguage\":\"en-GB\",\"@id\":\"https:\/\/familiasmadridnorte.es\/tablon-de-anuncios-y-avisos-42\/#primaryimage\",\"url\":\"https:\/\/familiasmadridnorte.es\/wp-content\/uploads\/2024\/10\/AVISOS-AFAN-ZONA-NORTE-MADRID.jpg\",\"contentUrl\":\"https:\/\/familiasmadridnorte.es\/wp-content\/uploads\/2024\/10\/AVISOS-AFAN-ZONA-NORTE-MADRID.jpg\",\"width\":1640,\"height\":924,\"caption\":\"avisos en tabl\u00f3n de anuncios\"},{\"@type\":\"BreadcrumbList\",\"@id\":\"https:\/\/familiasmadridnorte.es\/tablon-de-anuncios-y-avisos-42\/#breadcrumb\",\"itemListElement\":[{\"@type\":\"ListItem\",\"position\":1,\"name\":\"Portada\",\"item\":\"https:\/\/familiasmadridnorte.es\/\"},{\"@type\":\"ListItem\",\"position\":2,\"name\":\"TABL\u00d3N DE ANUNCIOS Y AVISOS\"}]},{\"@type\":\"WebSite\",\"@id\":\"https:\/\/familiasmadridnorte.es\/#website\",\"url\":\"https:\/\/familiasmadridnorte.es\/\",\"name\":\"Familias Numerosas\",\"description\":\"La Asociaci\u00f3n de Familias Numerosas Zona Norte de Madrid (AFAN Zona Norte Madrid) lleva 20 a\u00f1os apoyando y representando a las familias numerosas, defendiendo sus derechos y destacando su valiosa aportaci\u00f3n a la sociedad.\",\"publisher\":{\"@id\":\"https:\/\/familiasmadridnorte.es\/#organization\"},\"potentialAction\":[{\"@type\":\"SearchAction\",\"target\":{\"@type\":\"EntryPoint\",\"urlTemplate\":\"https:\/\/familiasmadridnorte.es\/?s={search_term_string}\"},\"query-input\":{\"@type\":\"PropertyValueSpecification\",\"valueRequired\":true,\"valueName\":\"search_term_string\"}}],\"inLanguage\":\"en-GB\"},{\"@type\":\"Organization\",\"@id\":\"https:\/\/familiasmadridnorte.es\/#organization\",\"name\":\"Familias Numerosas\",\"url\":\"https:\/\/familiasmadridnorte.es\/\",\"logo\":{\"@type\":\"ImageObject\",\"inLanguage\":\"en-GB\",\"@id\":\"https:\/\/familiasmadridnorte.es\/#\/schema\/logo\/image\/\",\"url\":\"https:\/\/familiasmadridnorte.es\/wp-content\/uploads\/2025\/06\/Logo_AFAN-1024x724-1.png\",\"contentUrl\":\"https:\/\/familiasmadridnorte.es\/wp-content\/uploads\/2025\/06\/Logo_AFAN-1024x724-1.png\",\"width\":1024,\"height\":724,\"caption\":\"Familias Numerosas\"},\"image\":{\"@id\":\"https:\/\/familiasmadridnorte.es\/#\/schema\/logo\/image\/\"}},{\"@type\":\"Person\",\"@id\":\"https:\/\/familiasmadridnorte.es\/#\/schema\/person\/f8a16592344491533ad78d19aa1d57c5\",\"name\":\"Ana\",\"image\":{\"@type\":\"ImageObject\",\"inLanguage\":\"en-GB\",\"@id\":\"https:\/\/familiasmadridnorte.es\/#\/schema\/person\/image\/\",\"url\":\"https:\/\/secure.gravatar.com\/avatar\/42d6e65fc485c2f9833f403d55ce186e8236e6d2d9b30b4bf6673c5796f5955b?s=96&d=mm&r=g\",\"contentUrl\":\"https:\/\/secure.gravatar.com\/avatar\/42d6e65fc485c2f9833f403d55ce186e8236e6d2d9b30b4bf6673c5796f5955b?s=96&d=mm&r=g\",\"caption\":\"Ana\"},\"url\":\"https:\/\/familiasmadridnorte.es\/en\/author\/ana\/\"}]}<\/script>\n<!-- \/ Yoast SEO plugin. -->","yoast_head_json":{"title":"TABL\u00d3N DE ANUNCIOS Y AVISOS - Familias Numerosas","description":"Las familias numerosas de la zona norte de Madrid tienen muchos recursos gracias al tabl\u00f3n de anuncios de AFAN ZONA NORTE DE MADRID","robots":{"index":"index","follow":"follow","max-snippet":"max-snippet:-1","max-image-preview":"max-image-preview:large","max-video-preview":"max-video-preview:-1"},"canonical":"https:\/\/familiasmadridnorte.es\/en\/tablon-de-anuncios-y-avisos-42\/","og_locale":"en_GB","og_type":"article","og_title":"TABL\u00d3N DE ANUNCIOS Y AVISOS - Familias Numerosas","og_description":"Las familias numerosas de la zona norte de Madrid tienen muchos recursos gracias al tabl\u00f3n de anuncios de AFAN ZONA NORTE DE MADRID","og_url":"https:\/\/familiasmadridnorte.es\/en\/tablon-de-anuncios-y-avisos-42\/","og_site_name":"Familias Numerosas","article_published_time":"2025-12-04T19:55:00+00:00","article_modified_time":"2025-12-18T09:47:00+00:00","og_image":[{"width":1640,"height":924,"url":"http:\/\/familiasmadridnorte.es\/wp-content\/uploads\/2024\/10\/AVISOS-AFAN-ZONA-NORTE-MADRID.jpg","type":"image\/jpeg"}],"author":"Ana","twitter_card":"summary_large_image","twitter_misc":{"Written by":"Ana","Estimated reading time":"8 minutes"},"schema":{"@context":"https:\/\/schema.org","@graph":[{"@type":"Article","@id":"https:\/\/familiasmadridnorte.es\/tablon-de-anuncios-y-avisos-42\/#article","isPartOf":{"@id":"https:\/\/familiasmadridnorte.es\/tablon-de-anuncios-y-avisos-42\/"},"author":{"name":"Ana","@id":"https:\/\/familiasmadridnorte.es\/#\/schema\/person\/f8a16592344491533ad78d19aa1d57c5"},"headline":"TABL\u00d3N DE ANUNCIOS Y AVISOS","datePublished":"2025-12-04T19:55:00+00:00","dateModified":"2025-12-18T09:47:00+00:00","mainEntityOfPage":{"@id":"https:\/\/familiasmadridnorte.es\/tablon-de-anuncios-y-avisos-42\/"},"wordCount":989,"publisher":{"@id":"https:\/\/familiasmadridnorte.es\/#organization"},"image":{"@id":"https:\/\/familiasmadridnorte.es\/tablon-de-anuncios-y-avisos-42\/#primaryimage"},"thumbnailUrl":"https:\/\/familiasmadridnorte.es\/wp-content\/uploads\/2024\/10\/AVISOS-AFAN-ZONA-NORTE-MADRID.jpg","keywords":["empleo","empleo familias numerosas","empleo juvenil","monitor","ventas"],"articleSection":["Entre Nosotros"],"inLanguage":"en-GB"},{"@type":"WebPage","@id":"https:\/\/familiasmadridnorte.es\/tablon-de-anuncios-y-avisos-42\/","url":"https:\/\/familiasmadridnorte.es\/tablon-de-anuncios-y-avisos-42\/","name":"TABL\u00d3N DE ANUNCIOS Y AVISOS - Familias Numerosas","isPartOf":{"@id":"https:\/\/familiasmadridnorte.es\/#website"},"primaryImageOfPage":{"@id":"https:\/\/familiasmadridnorte.es\/tablon-de-anuncios-y-avisos-42\/#primaryimage"},"image":{"@id":"https:\/\/familiasmadridnorte.es\/tablon-de-anuncios-y-avisos-42\/#primaryimage"},"thumbnailUrl":"https:\/\/familiasmadridnorte.es\/wp-content\/uploads\/2024\/10\/AVISOS-AFAN-ZONA-NORTE-MADRID.jpg","datePublished":"2025-12-04T19:55:00+00:00","dateModified":"2025-12-18T09:47:00+00:00","description":"Las familias numerosas de la zona norte de Madrid tienen muchos recursos gracias al tabl\u00f3n de anuncios de AFAN ZONA NORTE DE MADRID","breadcrumb":{"@id":"https:\/\/familiasmadridnorte.es\/tablon-de-anuncios-y-avisos-42\/#breadcrumb"},"inLanguage":"en-GB","potentialAction":[{"@type":"ReadAction","target":["https:\/\/familiasmadridnorte.es\/tablon-de-anuncios-y-avisos-42\/"]}]},{"@type":"ImageObject","inLanguage":"en-GB","@id":"https:\/\/familiasmadridnorte.es\/tablon-de-anuncios-y-avisos-42\/#primaryimage","url":"https:\/\/familiasmadridnorte.es\/wp-content\/uploads\/2024\/10\/AVISOS-AFAN-ZONA-NORTE-MADRID.jpg","contentUrl":"https:\/\/familiasmadridnorte.es\/wp-content\/uploads\/2024\/10\/AVISOS-AFAN-ZONA-NORTE-MADRID.jpg","width":1640,"height":924,"caption":"avisos en tabl\u00f3n de anuncios"},{"@type":"BreadcrumbList","@id":"https:\/\/familiasmadridnorte.es\/tablon-de-anuncios-y-avisos-42\/#breadcrumb","itemListElement":[{"@type":"ListItem","position":1,"name":"Portada","item":"https:\/\/familiasmadridnorte.es\/"},{"@type":"ListItem","position":2,"name":"TABL\u00d3N DE ANUNCIOS Y AVISOS"}]},{"@type":"WebSite","@id":"https:\/\/familiasmadridnorte.es\/#website","url":"https:\/\/familiasmadridnorte.es\/","name":"Large Families","description":"La Asociaci\u00f3n de Familias Numerosas Zona Norte de Madrid (AFAN Zona Norte Madrid) lleva 20 a\u00f1os apoyando y representando a las familias numerosas, defendiendo sus derechos y destacando su valiosa aportaci\u00f3n a la sociedad.","publisher":{"@id":"https:\/\/familiasmadridnorte.es\/#organization"},"potentialAction":[{"@type":"SearchAction","target":{"@type":"EntryPoint","urlTemplate":"https:\/\/familiasmadridnorte.es\/?s={search_term_string}"},"query-input":{"@type":"PropertyValueSpecification","valueRequired":true,"valueName":"search_term_string"}}],"inLanguage":"en-GB"},{"@type":"Organization","@id":"https:\/\/familiasmadridnorte.es\/#organization","name":"Large Families","url":"https:\/\/familiasmadridnorte.es\/","logo":{"@type":"ImageObject","inLanguage":"en-GB","@id":"https:\/\/familiasmadridnorte.es\/#\/schema\/logo\/image\/","url":"https:\/\/familiasmadridnorte.es\/wp-content\/uploads\/2025\/06\/Logo_AFAN-1024x724-1.png","contentUrl":"https:\/\/familiasmadridnorte.es\/wp-content\/uploads\/2025\/06\/Logo_AFAN-1024x724-1.png","width":1024,"height":724,"caption":"Familias Numerosas"},"image":{"@id":"https:\/\/familiasmadridnorte.es\/#\/schema\/logo\/image\/"}},{"@type":"Person","@id":"https:\/\/familiasmadridnorte.es\/#\/schema\/person\/f8a16592344491533ad78d19aa1d57c5","name":"Ana","image":{"@type":"ImageObject","inLanguage":"en-GB","@id":"https:\/\/familiasmadridnorte.es\/#\/schema\/person\/image\/","url":"https:\/\/secure.gravatar.com\/avatar\/42d6e65fc485c2f9833f403d55ce186e8236e6d2d9b30b4bf6673c5796f5955b?s=96&d=mm&r=g","contentUrl":"https:\/\/secure.gravatar.com\/avatar\/42d6e65fc485c2f9833f403d55ce186e8236e6d2d9b30b4bf6673c5796f5955b?s=96&d=mm&r=g","caption":"Ana"},"url":"https:\/\/familiasmadridnorte.es\/en\/author\/ana\/"}]}},"_links":{"self":[{"href":"https:\/\/familiasmadridnorte.es\/en\/wp-json\/wp\/v2\/posts\/3425","targetHints":{"allow":["GET"]}}],"collection":[{"href":"https:\/\/familiasmadridnorte.es\/en\/wp-json\/wp\/v2\/posts"}],"about":[{"href":"https:\/\/familiasmadridnorte.es\/en\/wp-json\/wp\/v2\/types\/post"}],"author":[{"embeddable":true,"href":"https:\/\/familiasmadridnorte.es\/en\/wp-json\/wp\/v2\/users\/3"}],"replies":[{"embeddable":true,"href":"https:\/\/familiasmadridnorte.es\/en\/wp-json\/wp\/v2\/comments?post=3425"}],"version-history":[{"count":4,"href":"https:\/\/familiasmadridnorte.es\/en\/wp-json\/wp\/v2\/posts\/3425\/revisions"}],"predecessor-version":[{"id":3450,"href":"https:\/\/familiasmadridnorte.es\/en\/wp-json\/wp\/v2\/posts\/3425\/revisions\/3450"}],"wp:featuredmedia":[{"embeddable":true,"href":"https:\/\/familiasmadridnorte.es\/en\/wp-json\/wp\/v2\/media\/828"}],"wp:attachment":[{"href":"https:\/\/familiasmadridnorte.es\/en\/wp-json\/wp\/v2\/media?parent=3425"}],"wp:term":[{"taxonomy":"category","embeddable":true,"href":"https:\/\/familiasmadridnorte.es\/en\/wp-json\/wp\/v2\/categories?post=3425"},{"taxonomy":"post_tag","embeddable":true,"href":"https:\/\/familiasmadridnorte.es\/en\/wp-json\/wp\/v2\/tags?post=3425"}],"curies":[{"name":"wp","href":"https:\/\/api.w.org\/{rel}","templated":true}]}}