{"id":3416,"date":"2025-12-04T20:04:21","date_gmt":"2025-12-04T20:04:21","guid":{"rendered":"https:\/\/familiasmadridnorte.es\/?p=3416"},"modified":"2026-01-19T09:28:01","modified_gmt":"2026-01-19T09:28:01","slug":"ayudas-sociales-y-becas-74","status":"publish","type":"post","link":"https:\/\/familiasmadridnorte.es\/en\/ayudas-sociales-y-becas-74\/","title":{"rendered":"SOCIAL AID AND SCHOLARSHIPS"},"content":{"rendered":"<p>En esta secci\u00f3n ten\u00e9is enlaces a diferentes noticias sobre ayudas sociales y becas de entidades p\u00fablicas y empresas:<\/p>\n\n\n\n<h2 class=\"wp-block-heading\">PRESTACI\u00d3N UNIVERSAL DE 200\u20ac POR CRIANZA<\/h2>\n\n\n\n<h3 class=\"wp-block-heading\">\u00bfQu\u00e9 se sabe sobre la prestaci\u00f3n universal de 200 euros al mes para las familias con hijos menores de 18 a\u00f1os?<\/h3>\n\n\n\n<p>Algunas familias nos hab\u00e9is preguntado sobre esta prestaci\u00f3n que volvi\u00f3 a salir a la luz el pasado mes de noviembre, a trav\u00e9s de la vicepresidenta del Gobierno. Yolanda D\u00edaz, present\u00f3 la propuesta en una declaraci\u00f3n institucional no vinculante con motivo del D\u00eda Internacional de los Derechos de la Infancia.<\/p>\n\n\n\n<p>Con ello, supuestamente, el Consejo de Ministros quer\u00eda reafirmar su compromiso con la lucha contra la pobreza infantil, un problema estructural que afecta a cerca del 30% de los hogares con menores, seg\u00fan los \u00faltimos datos de Eurostat.<\/p>\n\n\n\n<p>Adem\u00e1s, esta propuesta de prestaci\u00f3n universal tambi\u00e9n se enmarcaba en el contexto europeo, donde Espa\u00f1a figura entre los pa\u00edses con mayor riesgo de pobreza infantil, solo por detr\u00e1s de Bulgaria, Grecia y Ruman\u00eda. Otros Estados miembros ya cuentan con ayudas universales de crianza, que en algunos casos superan los 200 euros al mes por hijo, y destinan un mayor porcentaje de su PIB a protecci\u00f3n social de la infancia.<\/p>\n\n\n\n<h3 class=\"wp-block-heading\">La prestaci\u00f3n Universal es una reclamaci\u00f3n hist\u00f3rica de nuestro colectivo<\/h3>\n\n\n\n<p>Aunque, por las publicaciones en los medios pareciera una novedad, el Gobierno ya hab\u00eda hablado sobre ella, cuando aprob\u00f3 la Ley de Familia en Consejo de Ministros, en febrero de 2024. Entonces, el Gobierno anunci\u00f3 que la Ley contemplaba otras medidas que no estaban en el texto inicial y que se incluir\u00edan pr\u00f3ximamente, v\u00eda enmienda, entre las que estaba dicha prestaci\u00f3n universal.<\/p>\n\n\n\n<p>Sin embargo, La ley de Familia lleva paralizada en el Congreso desde febrero de 2024, con pr\u00f3rrogas sucesivas, a pesar de que se estableci\u00f3 como \u00aburgente\u00bb. Pod\u00e9is verlo en <a href=\"https:\/\/familiasmadridnorte.es\/en\/ley-de-familias-2\/\">ESTA PUBLICACI\u00d3N<\/a> que hicimos en aquellas fechas, donde se incluye un resumen de lo m\u00e1s destacado de dicha Ley.<\/p>\n\n\n\n<p>Por lo tanto, esta ayuda sigue siendo s\u00f3lo una propuesta. A\u00fan no existe normativa que la regule, no hay tramitaci\u00f3n parlamentaria que la haya aprobado, ni es posible solicitarla, pues es necesario que se incluya en los Presupuestos Generales del Estado (PGE) correspondientes. <\/p>\n\n\n\n<p>La Federaci\u00f3n Espa\u00f1ola de Familias Numerosas (FEFN) ha reclamado al Gobierno, varias veces, la necesidad de avanzar con la Ley de Familias. Y, si esto no era posible, concretar, al menos, aquellos aspectos vinculados a ella, que m\u00e1s pueden beneficiar a las familias, como las prestaciones laborales relacionadas con la conciliaci\u00f3n familiar o la prestaci\u00f3n universal por hijo. Unas necesidades que llevamos reclamando, como colectivo, pr\u00e1cticamente desde nuestros inicios, hace m\u00e1s de 20 a\u00f1os. <\/p>\n\n\n\n<hr class=\"wp-block-separator has-alpha-channel-opacity\"\/>\n\n\n\n<h2 class=\"wp-block-heading\">ABIERTO PLAZO PLAN RENOVE DE LA CAM<\/h2>\n\n\n\n<figure class=\"wp-block-image size-full\"><img decoding=\"async\" src=\"http:\/\/familiasmadridnorte.es\/wp-content\/uploads\/2025\/11\/PLAN-RENOVE-2025-CAM.jpg\" alt=\"plan renove cam ayudas y becas\" class=\"wp-image-3308\"\/><\/figure>\n\n\n\n<p>La Comunidad de Madrid ha lanzado una nueva campa\u00f1a de subvenciones para la renovaci\u00f3n de electrodom\u00e9sticos. El objetivo de esta iniciativa es doble:<\/p>\n\n\n\n<ol start=\"1\" class=\"wp-block-list\">\n<li>Reducir la <strong>factura energ\u00e9tica<\/strong> de los ciudadanos.<\/li>\n\n\n\n<li>Contribuir a la <strong>conservaci\u00f3n del medioambiente<\/strong> mediante un menor consumo de agua y una mayor eficiencia energ\u00e9tica.<\/li>\n<\/ol>\n\n\n\n<p>El Gobierno auton\u00f3mico prev\u00e9 subvencionar m\u00e1s de <strong>15.000 unidades<\/strong> en esta edici\u00f3n. Se estima que esta cantidad supondr\u00e1 un ahorro anual en la regi\u00f3n de <strong>1,039 GWh<\/strong>, equivalente al consumo medio de energ\u00eda de 3.000 familias durante un a\u00f1o.<\/p>\n\n\n\n<h3 class=\"wp-block-heading\">\ud83d\udcc5 Plazos y Proceso de Solicitud<\/h3>\n\n\n\n<ul class=\"wp-block-list\">\n<li><strong>Apertura:<\/strong> Las subvenciones pueden solicitarse <strong>desde hoy mismo<\/strong>.<\/li>\n\n\n\n<li><strong>Cierre:<\/strong> El plazo finaliza el pr\u00f3ximo <strong>17 de marzo<\/strong>, o hasta que se <strong>agoten los fondos<\/strong> disponibles.<\/li>\n<\/ul>\n\n\n\n<p><strong>\u27a1\ufe0f \u00bfC\u00f3mo Solicitar la Ayuda?<\/strong><\/p>\n\n\n\n<ol start=\"1\" class=\"wp-block-list\">\n<li>Rellena el formulario en la sede electr\u00f3nica de la <strong>Fundaci\u00f3n de la Energ\u00eda de la Comunidad de Madrid (FENERCOM)<\/strong> a trav\u00e9s de <strong><a href=\"https:\/\/www.fenercom.com\/actuacion\/plan-renove-de-electrodomesticos-2025\/\">ESTE ENLACE <\/a><\/strong><\/li>\n\n\n\n<li>Una vez completada la solicitud, la entidad emitir\u00e1 un <strong>bono energ\u00e9tico<\/strong> (personal e intransferible) con el descuento.<\/li>\n\n\n\n<li>Este bono se podr\u00e1 <strong>canjear<\/strong> en un comercio adherido a la iniciativa.<\/li>\n<\/ol>\n\n\n\n<h3 class=\"wp-block-heading\">\u2705 Requisitos Esenciales<\/h3>\n\n\n\n<p>Para poder optar a estas ayudas, los solicitantes deben cumplir \u00fanicamente dos requisitos:<\/p>\n\n\n\n<ol start=\"1\" class=\"wp-block-list\">\n<li>La vivienda donde se instale el nuevo electrodom\u00e9stico y se retire el antiguo debe estar ubicada en un <strong>municipio de la Comunidad de Madrid<\/strong>.<\/li>\n\n\n\n<li>El electrodom\u00e9stico antiguo debe entregarse a un <strong>gestor autorizado<\/strong> para asegurar su correcto tratamiento y reciclaje.<\/li>\n<\/ol>\n\n\n\n<h3 class=\"wp-block-heading\">\ud83d\udcb0 Cuant\u00edas M\u00e1ximas por Electrodom\u00e9stico<\/h3>\n\n\n\n<p>El Plan Renove establece l\u00edmites de ayuda en funci\u00f3n de la eficiencia energ\u00e9tica del nuevo aparato:<\/p>\n\n\n\n<figure class=\"wp-block-table\"><table class=\"has-fixed-layout\"><thead><tr><td><strong>Tipo de Electrodom\u00e9stico<\/strong><\/td><td><strong>Clase de Eficiencia<\/strong><\/td><td><strong>Cuant\u00eda M\u00e1xima<\/strong><\/td><\/tr><\/thead><tbody><tr><td><strong>Frigor\u00edficos<\/strong><\/td><td>Clase A<\/td><td>300 euros<\/td><\/tr><tr><td><\/td><td>Clase B<\/td><td>200 euros<\/td><\/tr><tr><td><\/td><td>Clase C<\/td><td>100 euros<\/td><\/tr><tr><td><strong>Lavavajillas<\/strong><\/td><td>Clase A<\/td><td>200 euros<\/td><\/tr><tr><td><\/td><td>Clase B<\/td><td>100 euros<\/td><\/tr><tr><td><strong>Lavadoras<\/strong><\/td><td>Cuant\u00eda Superior<\/td><td>125 euros<\/td><\/tr><tr><td><strong>Placas de Inducci\u00f3n<\/strong><\/td><td>Cuant\u00eda Superior<\/td><td>125 euros<\/td><\/tr><\/tbody><\/table><\/figure>","protected":false},"excerpt":{"rendered":"<p>With UNDREAMT NORTH OF MADRID, you will know all the news about social aid and scholarships that you can choose as a large family<\/p>","protected":false},"author":3,"featured_media":1405,"comment_status":"closed","ping_status":"open","sticky":false,"template":"","format":"aside","meta":{"footnotes":""},"categories":[38],"tags":[44,33,395,41,43,39,40,37,25,42,394],"class_list":["post-3416","post","type-post","status-publish","format-aside","has-post-thumbnail","hentry","category-ayudas","tag-ayudas","tag-ayudas-familias-numerosas","tag-ayudas-por-hijos","tag-becas","tag-bono-social-electrico","tag-bono-termico","tag-conciliacion-familiar","tag-familia-numerosa","tag-familias-numerosas","tag-gafas","tag-prestaciones-sociales","post_format-post-format-aside"],"yoast_head":"<!-- This site is optimized with the Yoast SEO plugin v26.7 - https:\/\/yoast.com\/wordpress\/plugins\/seo\/ -->\n<title>AYUDAS SOCIALES Y BECAS - Familias Numerosas<\/title>\n<meta name=\"description\" content=\"Con AFAN ZONA NORTE DE MADRID, conocer\u00e1s toda la actualidad sobre ayudas sociales y becas a las que podr\u00e1s optar como familia numerosa\" \/>\n<meta name=\"robots\" content=\"index, follow, max-snippet:-1, max-image-preview:large, max-video-preview:-1\" \/>\n<link rel=\"canonical\" href=\"https:\/\/familiasmadridnorte.es\/en\/ayudas-sociales-y-becas-74\/\" \/>\n<meta property=\"og:locale\" content=\"en_GB\" \/>\n<meta property=\"og:type\" content=\"article\" \/>\n<meta property=\"og:title\" content=\"AYUDAS SOCIALES Y BECAS - Familias Numerosas\" \/>\n<meta property=\"og:description\" content=\"Con AFAN ZONA NORTE DE MADRID, conocer\u00e1s toda la actualidad sobre ayudas sociales y becas a las que podr\u00e1s optar como familia numerosa\" \/>\n<meta property=\"og:url\" content=\"https:\/\/familiasmadridnorte.es\/en\/ayudas-sociales-y-becas-74\/\" \/>\n<meta property=\"og:site_name\" content=\"Familias Numerosas\" \/>\n<meta property=\"article:published_time\" content=\"2025-12-04T20:04:21+00:00\" \/>\n<meta property=\"article:modified_time\" content=\"2026-01-19T09:28:01+00:00\" \/>\n<meta property=\"og:image\" content=\"http:\/\/familiasmadridnorte.es\/wp-content\/uploads\/2024\/01\/Prestacion-Universal-por-hijo-a-Cargo-1.jpg\" \/>\n\t<meta property=\"og:image:width\" content=\"1640\" \/>\n\t<meta property=\"og:image:height\" content=\"924\" \/>\n\t<meta property=\"og:image:type\" content=\"image\/jpeg\" \/>\n<meta name=\"author\" content=\"Ana\" \/>\n<meta name=\"twitter:card\" content=\"summary_large_image\" \/>\n<meta name=\"twitter:label1\" content=\"Written by\" \/>\n\t<meta name=\"twitter:data1\" content=\"Ana\" \/>\n\t<meta name=\"twitter:label2\" content=\"Estimated reading time\" \/>\n\t<meta name=\"twitter:data2\" content=\"4 minutes\" \/>\n<script type=\"application\/ld+json\" class=\"yoast-schema-graph\">{\"@context\":\"https:\/\/schema.org\",\"@graph\":[{\"@type\":\"Article\",\"@id\":\"https:\/\/familiasmadridnorte.es\/ayudas-sociales-y-becas-74\/#article\",\"isPartOf\":{\"@id\":\"https:\/\/familiasmadridnorte.es\/ayudas-sociales-y-becas-74\/\"},\"author\":{\"name\":\"Ana\",\"@id\":\"https:\/\/familiasmadridnorte.es\/#\/schema\/person\/f8a16592344491533ad78d19aa1d57c5\"},\"headline\":\"AYUDAS SOCIALES Y BECAS\",\"datePublished\":\"2025-12-04T20:04:21+00:00\",\"dateModified\":\"2026-01-19T09:28:01+00:00\",\"mainEntityOfPage\":{\"@id\":\"https:\/\/familiasmadridnorte.es\/ayudas-sociales-y-becas-74\/\"},\"wordCount\":799,\"publisher\":{\"@id\":\"https:\/\/familiasmadridnorte.es\/#organization\"},\"image\":{\"@id\":\"https:\/\/familiasmadridnorte.es\/ayudas-sociales-y-becas-74\/#primaryimage\"},\"thumbnailUrl\":\"https:\/\/familiasmadridnorte.es\/wp-content\/uploads\/2024\/01\/Prestacion-Universal-por-hijo-a-Cargo-1.jpg\",\"keywords\":[\"ayudas\",\"ayudas familias numerosas\",\"ayudas por hijos\",\"becas\",\"bono social electrico\",\"bono t\u00e9rmico\",\"conciliaci\u00f3n familiar\",\"familia numerosa\",\"familias numerosas\",\"gafas\",\"prestaciones sociales\"],\"articleSection\":[\"ayudas\"],\"inLanguage\":\"en-GB\"},{\"@type\":\"WebPage\",\"@id\":\"https:\/\/familiasmadridnorte.es\/ayudas-sociales-y-becas-74\/\",\"url\":\"https:\/\/familiasmadridnorte.es\/ayudas-sociales-y-becas-74\/\",\"name\":\"AYUDAS SOCIALES Y BECAS - Familias Numerosas\",\"isPartOf\":{\"@id\":\"https:\/\/familiasmadridnorte.es\/#website\"},\"primaryImageOfPage\":{\"@id\":\"https:\/\/familiasmadridnorte.es\/ayudas-sociales-y-becas-74\/#primaryimage\"},\"image\":{\"@id\":\"https:\/\/familiasmadridnorte.es\/ayudas-sociales-y-becas-74\/#primaryimage\"},\"thumbnailUrl\":\"https:\/\/familiasmadridnorte.es\/wp-content\/uploads\/2024\/01\/Prestacion-Universal-por-hijo-a-Cargo-1.jpg\",\"datePublished\":\"2025-12-04T20:04:21+00:00\",\"dateModified\":\"2026-01-19T09:28:01+00:00\",\"description\":\"Con AFAN ZONA NORTE DE MADRID, conocer\u00e1s toda la actualidad sobre ayudas sociales y becas a las que podr\u00e1s optar como familia numerosa\",\"breadcrumb\":{\"@id\":\"https:\/\/familiasmadridnorte.es\/ayudas-sociales-y-becas-74\/#breadcrumb\"},\"inLanguage\":\"en-GB\",\"potentialAction\":[{\"@type\":\"ReadAction\",\"target\":[\"https:\/\/familiasmadridnorte.es\/ayudas-sociales-y-becas-74\/\"]}]},{\"@type\":\"ImageObject\",\"inLanguage\":\"en-GB\",\"@id\":\"https:\/\/familiasmadridnorte.es\/ayudas-sociales-y-becas-74\/#primaryimage\",\"url\":\"https:\/\/familiasmadridnorte.es\/wp-content\/uploads\/2024\/01\/Prestacion-Universal-por-hijo-a-Cargo-1.jpg\",\"contentUrl\":\"https:\/\/familiasmadridnorte.es\/wp-content\/uploads\/2024\/01\/Prestacion-Universal-por-hijo-a-Cargo-1.jpg\",\"width\":1640,\"height\":924,\"caption\":\"prestaci\u00f3n universal por hijo\"},{\"@type\":\"BreadcrumbList\",\"@id\":\"https:\/\/familiasmadridnorte.es\/ayudas-sociales-y-becas-74\/#breadcrumb\",\"itemListElement\":[{\"@type\":\"ListItem\",\"position\":1,\"name\":\"Portada\",\"item\":\"https:\/\/familiasmadridnorte.es\/\"},{\"@type\":\"ListItem\",\"position\":2,\"name\":\"AYUDAS SOCIALES Y BECAS\"}]},{\"@type\":\"WebSite\",\"@id\":\"https:\/\/familiasmadridnorte.es\/#website\",\"url\":\"https:\/\/familiasmadridnorte.es\/\",\"name\":\"Familias Numerosas\",\"description\":\"La Asociaci\u00f3n de Familias Numerosas Zona Norte de Madrid (AFAN Zona Norte Madrid) lleva 20 a\u00f1os apoyando y representando a las familias numerosas, defendiendo sus derechos y destacando su valiosa aportaci\u00f3n a la sociedad.\",\"publisher\":{\"@id\":\"https:\/\/familiasmadridnorte.es\/#organization\"},\"potentialAction\":[{\"@type\":\"SearchAction\",\"target\":{\"@type\":\"EntryPoint\",\"urlTemplate\":\"https:\/\/familiasmadridnorte.es\/?s={search_term_string}\"},\"query-input\":{\"@type\":\"PropertyValueSpecification\",\"valueRequired\":true,\"valueName\":\"search_term_string\"}}],\"inLanguage\":\"en-GB\"},{\"@type\":\"Organization\",\"@id\":\"https:\/\/familiasmadridnorte.es\/#organization\",\"name\":\"Familias Numerosas\",\"url\":\"https:\/\/familiasmadridnorte.es\/\",\"logo\":{\"@type\":\"ImageObject\",\"inLanguage\":\"en-GB\",\"@id\":\"https:\/\/familiasmadridnorte.es\/#\/schema\/logo\/image\/\",\"url\":\"https:\/\/familiasmadridnorte.es\/wp-content\/uploads\/2025\/06\/Logo_AFAN-1024x724-1.png\",\"contentUrl\":\"https:\/\/familiasmadridnorte.es\/wp-content\/uploads\/2025\/06\/Logo_AFAN-1024x724-1.png\",\"width\":1024,\"height\":724,\"caption\":\"Familias Numerosas\"},\"image\":{\"@id\":\"https:\/\/familiasmadridnorte.es\/#\/schema\/logo\/image\/\"}},{\"@type\":\"Person\",\"@id\":\"https:\/\/familiasmadridnorte.es\/#\/schema\/person\/f8a16592344491533ad78d19aa1d57c5\",\"name\":\"Ana\",\"image\":{\"@type\":\"ImageObject\",\"inLanguage\":\"en-GB\",\"@id\":\"https:\/\/familiasmadridnorte.es\/#\/schema\/person\/image\/\",\"url\":\"https:\/\/secure.gravatar.com\/avatar\/42d6e65fc485c2f9833f403d55ce186e8236e6d2d9b30b4bf6673c5796f5955b?s=96&d=mm&r=g\",\"contentUrl\":\"https:\/\/secure.gravatar.com\/avatar\/42d6e65fc485c2f9833f403d55ce186e8236e6d2d9b30b4bf6673c5796f5955b?s=96&d=mm&r=g\",\"caption\":\"Ana\"},\"url\":\"https:\/\/familiasmadridnorte.es\/en\/author\/ana\/\"}]}<\/script>\n<!-- \/ Yoast SEO plugin. -->","yoast_head_json":{"title":"AYUDAS SOCIALES Y BECAS - Familias Numerosas","description":"With UNDREAMT NORTH OF MADRID, you will know all the news about social aid and scholarships that you can choose as a large family","robots":{"index":"index","follow":"follow","max-snippet":"max-snippet:-1","max-image-preview":"max-image-preview:large","max-video-preview":"max-video-preview:-1"},"canonical":"https:\/\/familiasmadridnorte.es\/en\/ayudas-sociales-y-becas-74\/","og_locale":"en_GB","og_type":"article","og_title":"AYUDAS SOCIALES Y BECAS - Familias Numerosas","og_description":"Con AFAN ZONA NORTE DE MADRID, conocer\u00e1s toda la actualidad sobre ayudas sociales y becas a las que podr\u00e1s optar como familia numerosa","og_url":"https:\/\/familiasmadridnorte.es\/en\/ayudas-sociales-y-becas-74\/","og_site_name":"Familias Numerosas","article_published_time":"2025-12-04T20:04:21+00:00","article_modified_time":"2026-01-19T09:28:01+00:00","og_image":[{"width":1640,"height":924,"url":"http:\/\/familiasmadridnorte.es\/wp-content\/uploads\/2024\/01\/Prestacion-Universal-por-hijo-a-Cargo-1.jpg","type":"image\/jpeg"}],"author":"Ana","twitter_card":"summary_large_image","twitter_misc":{"Written by":"Ana","Estimated reading time":"4 minutes"},"schema":{"@context":"https:\/\/schema.org","@graph":[{"@type":"Article","@id":"https:\/\/familiasmadridnorte.es\/ayudas-sociales-y-becas-74\/#article","isPartOf":{"@id":"https:\/\/familiasmadridnorte.es\/ayudas-sociales-y-becas-74\/"},"author":{"name":"Ana","@id":"https:\/\/familiasmadridnorte.es\/#\/schema\/person\/f8a16592344491533ad78d19aa1d57c5"},"headline":"AYUDAS SOCIALES Y BECAS","datePublished":"2025-12-04T20:04:21+00:00","dateModified":"2026-01-19T09:28:01+00:00","mainEntityOfPage":{"@id":"https:\/\/familiasmadridnorte.es\/ayudas-sociales-y-becas-74\/"},"wordCount":799,"publisher":{"@id":"https:\/\/familiasmadridnorte.es\/#organization"},"image":{"@id":"https:\/\/familiasmadridnorte.es\/ayudas-sociales-y-becas-74\/#primaryimage"},"thumbnailUrl":"https:\/\/familiasmadridnorte.es\/wp-content\/uploads\/2024\/01\/Prestacion-Universal-por-hijo-a-Cargo-1.jpg","keywords":["ayudas","ayudas familias numerosas","ayudas por hijos","becas","bono social electrico","bono t\u00e9rmico","conciliaci\u00f3n familiar","familia numerosa","familias numerosas","gafas","prestaciones sociales"],"articleSection":["ayudas"],"inLanguage":"en-GB"},{"@type":"WebPage","@id":"https:\/\/familiasmadridnorte.es\/ayudas-sociales-y-becas-74\/","url":"https:\/\/familiasmadridnorte.es\/ayudas-sociales-y-becas-74\/","name":"AYUDAS SOCIALES Y BECAS - Familias Numerosas","isPartOf":{"@id":"https:\/\/familiasmadridnorte.es\/#website"},"primaryImageOfPage":{"@id":"https:\/\/familiasmadridnorte.es\/ayudas-sociales-y-becas-74\/#primaryimage"},"image":{"@id":"https:\/\/familiasmadridnorte.es\/ayudas-sociales-y-becas-74\/#primaryimage"},"thumbnailUrl":"https:\/\/familiasmadridnorte.es\/wp-content\/uploads\/2024\/01\/Prestacion-Universal-por-hijo-a-Cargo-1.jpg","datePublished":"2025-12-04T20:04:21+00:00","dateModified":"2026-01-19T09:28:01+00:00","description":"With UNDREAMT NORTH OF MADRID, you will know all the news about social aid and scholarships that you can choose as a large family","breadcrumb":{"@id":"https:\/\/familiasmadridnorte.es\/ayudas-sociales-y-becas-74\/#breadcrumb"},"inLanguage":"en-GB","potentialAction":[{"@type":"ReadAction","target":["https:\/\/familiasmadridnorte.es\/ayudas-sociales-y-becas-74\/"]}]},{"@type":"ImageObject","inLanguage":"en-GB","@id":"https:\/\/familiasmadridnorte.es\/ayudas-sociales-y-becas-74\/#primaryimage","url":"https:\/\/familiasmadridnorte.es\/wp-content\/uploads\/2024\/01\/Prestacion-Universal-por-hijo-a-Cargo-1.jpg","contentUrl":"https:\/\/familiasmadridnorte.es\/wp-content\/uploads\/2024\/01\/Prestacion-Universal-por-hijo-a-Cargo-1.jpg","width":1640,"height":924,"caption":"prestaci\u00f3n universal por hijo"},{"@type":"BreadcrumbList","@id":"https:\/\/familiasmadridnorte.es\/ayudas-sociales-y-becas-74\/#breadcrumb","itemListElement":[{"@type":"ListItem","position":1,"name":"Portada","item":"https:\/\/familiasmadridnorte.es\/"},{"@type":"ListItem","position":2,"name":"AYUDAS SOCIALES Y BECAS"}]},{"@type":"WebSite","@id":"https:\/\/familiasmadridnorte.es\/#website","url":"https:\/\/familiasmadridnorte.es\/","name":"Large Families","description":"La Asociaci\u00f3n de Familias Numerosas Zona Norte de Madrid (AFAN Zona Norte Madrid) lleva 20 a\u00f1os apoyando y representando a las familias numerosas, defendiendo sus derechos y destacando su valiosa aportaci\u00f3n a la sociedad.","publisher":{"@id":"https:\/\/familiasmadridnorte.es\/#organization"},"potentialAction":[{"@type":"SearchAction","target":{"@type":"EntryPoint","urlTemplate":"https:\/\/familiasmadridnorte.es\/?s={search_term_string}"},"query-input":{"@type":"PropertyValueSpecification","valueRequired":true,"valueName":"search_term_string"}}],"inLanguage":"en-GB"},{"@type":"Organization","@id":"https:\/\/familiasmadridnorte.es\/#organization","name":"Large Families","url":"https:\/\/familiasmadridnorte.es\/","logo":{"@type":"ImageObject","inLanguage":"en-GB","@id":"https:\/\/familiasmadridnorte.es\/#\/schema\/logo\/image\/","url":"https:\/\/familiasmadridnorte.es\/wp-content\/uploads\/2025\/06\/Logo_AFAN-1024x724-1.png","contentUrl":"https:\/\/familiasmadridnorte.es\/wp-content\/uploads\/2025\/06\/Logo_AFAN-1024x724-1.png","width":1024,"height":724,"caption":"Familias Numerosas"},"image":{"@id":"https:\/\/familiasmadridnorte.es\/#\/schema\/logo\/image\/"}},{"@type":"Person","@id":"https:\/\/familiasmadridnorte.es\/#\/schema\/person\/f8a16592344491533ad78d19aa1d57c5","name":"Ana","image":{"@type":"ImageObject","inLanguage":"en-GB","@id":"https:\/\/familiasmadridnorte.es\/#\/schema\/person\/image\/","url":"https:\/\/secure.gravatar.com\/avatar\/42d6e65fc485c2f9833f403d55ce186e8236e6d2d9b30b4bf6673c5796f5955b?s=96&d=mm&r=g","contentUrl":"https:\/\/secure.gravatar.com\/avatar\/42d6e65fc485c2f9833f403d55ce186e8236e6d2d9b30b4bf6673c5796f5955b?s=96&d=mm&r=g","caption":"Ana"},"url":"https:\/\/familiasmadridnorte.es\/en\/author\/ana\/"}]}},"_links":{"self":[{"href":"https:\/\/familiasmadridnorte.es\/en\/wp-json\/wp\/v2\/posts\/3416","targetHints":{"allow":["GET"]}}],"collection":[{"href":"https:\/\/familiasmadridnorte.es\/en\/wp-json\/wp\/v2\/posts"}],"about":[{"href":"https:\/\/familiasmadridnorte.es\/en\/wp-json\/wp\/v2\/types\/post"}],"author":[{"embeddable":true,"href":"https:\/\/familiasmadridnorte.es\/en\/wp-json\/wp\/v2\/users\/3"}],"replies":[{"embeddable":true,"href":"https:\/\/familiasmadridnorte.es\/en\/wp-json\/wp\/v2\/comments?post=3416"}],"version-history":[{"count":4,"href":"https:\/\/familiasmadridnorte.es\/en\/wp-json\/wp\/v2\/posts\/3416\/revisions"}],"predecessor-version":[{"id":3788,"href":"https:\/\/familiasmadridnorte.es\/en\/wp-json\/wp\/v2\/posts\/3416\/revisions\/3788"}],"wp:featuredmedia":[{"embeddable":true,"href":"https:\/\/familiasmadridnorte.es\/en\/wp-json\/wp\/v2\/media\/1405"}],"wp:attachment":[{"href":"https:\/\/familiasmadridnorte.es\/en\/wp-json\/wp\/v2\/media?parent=3416"}],"wp:term":[{"taxonomy":"category","embeddable":true,"href":"https:\/\/familiasmadridnorte.es\/en\/wp-json\/wp\/v2\/categories?post=3416"},{"taxonomy":"post_tag","embeddable":true,"href":"https:\/\/familiasmadridnorte.es\/en\/wp-json\/wp\/v2\/tags?post=3416"}],"curies":[{"name":"wp","href":"https:\/\/api.w.org\/{rel}","templated":true}]}}